{"id":210069,"date":"2025-06-28T04:37:26","date_gmt":"2025-06-28T04:37:26","guid":{"rendered":"https:\/\/www.europesays.com\/fr\/210069\/"},"modified":"2025-06-28T04:37:26","modified_gmt":"2025-06-28T04:37:26","slug":"qui-a-gagne-la-saison-12-du-concours-de-m6","status":"publish","type":"post","link":"https:\/\/www.europesays.com\/fr\/210069\/","title":{"rendered":"Qui a gagn\u00e9 la saison 12 du concours de M6 ?"},"content":{"rendered":"<p>Ce vendredi 27 juin, M6 diffusait la finale de La meilleure boulangerie de France. Trois bin\u00f4mes de candidats \u00e9taient encore en comp\u00e9tition mais qui a remport\u00e9 la victoire de l&rsquo;\u00e9mission jug\u00e9e par Bruno Cormerais, No\u00ebmie Honiat et Michel Sarran ?<\/p>\n<p>Apr\u00e8s 238 boulangeries visit\u00e9es, pr\u00e8s de mille produits visit\u00e9s et 24 bin\u00f4mes s\u00e9lectionn\u00e9s pour la semaine de finale nationale, la finale de <a href=\"https:\/\/www.programme-tv.net\/news\/tv\/382053-un-incident-technique-perturbe-la-diffusion-de-la-meilleure-boulangerie-de-france-m6-presente-ses-excuses-aux-telespectateurs-video\/\" data-api-deeplink=\"teleloisirs:\/\/news\/382053\" target=\"_blank\" rel=\"noopener\">La meilleure boulangerie de France<\/a> \u00e9tait diffus\u00e9e sur M6 ce vendredi 27\u00a0juin. Au terme de quatre jours de comp\u00e9tition, ils n&rsquo;\u00e9taient plus que trois duos \u00e0 s&rsquo;affronter <a href=\"https:\/\/www.programme-tv.net\/news\/tv\/381454-la-meilleure-boulangerie-de-france-quand-sera-diffusee-la-finale-sur-m6\/\" data-api-deeplink=\"teleloisirs:\/\/news\/381454\" target=\"_blank\" rel=\"noopener\">pour la grande finale<\/a>\u00a0: <b>les gagnants de la r\u00e9gion lyonnaise aux Alpes Geoffroy et Dylan, Marie et Lorenzo pour l&rsquo;Alsace et la Lorraine, ainsi que Fran\u00e7ois et Timoth\u00e9, les repr\u00e9sentants des terres de l&rsquo;Is\u00e8re \u00e0 l&rsquo;Ard\u00e8che<\/b>. Leur mission\u00a0: r\u00e9aliser un grand buffet d\u00eenatoire pour mettre en avant leur r\u00e9gion. Pour d\u00e9crocher le titre, les artisans ont d\u00fb montrer l&rsquo;\u00e9tendue de leur savoir-faire en boulangerie, p\u00e2tisserie, viennoiserie et snacking. Mais qui est reparti avec le troph\u00e9e \u00e0 la fin du concours\u00a0?<\/p>\n<p>                        La meilleure boulangerie de France\u00a0: qui succ\u00e8de \u00e0 Lucien et Adam, gagnants de la saison 11\u00a0?<\/p>\n<p>Sous la serre de l&rsquo;orangerie du domaine de Montchevreuil dans l&rsquo;Oise qui s&rsquo;est d\u00e9roul\u00e9e la derni\u00e8re \u00e9preuve de la comp\u00e9tition. Sous l&rsquo;\u0153il aguerri des jur\u00e9s <a href=\"https:\/\/www.programme-tv.net\/news\/tv\/370824-elle-n-est-pas-viree-noemie-honiat-absente-bruno-cormerais-evoque-la-suite-de-la-meilleure-boulangerie-de-france\/\" data-api-deeplink=\"teleloisirs:\/\/news\/370824\" target=\"_blank\" rel=\"noopener\">Bruno Cormerais<\/a>, <a href=\"https:\/\/www.programme-tv.net\/news\/tv\/376632-elle-m-a-ecrit-un-petit-mot-chiara-serpaggi-devoile-ce-geste-de-noemie-honiat-qui-l-a-touchee-avant-les-tournages-de-la-meilleure-boulangerie-de-france-2025\/\" data-api-deeplink=\"teleloisirs:\/\/news\/376632\" target=\"_blank\" rel=\"noopener\">No\u00ebmie Honiat<\/a> et <a href=\"https:\/\/www.programme-tv.net\/news\/tv\/347219-cest-complique-michel-sarran-evoque-son-avenir-dans-la-meilleure-boulangerie-de-france\/\" data-api-deeplink=\"teleloisirs:\/\/news\/347219\" target=\"_blank\" rel=\"noopener\">Michel Sarran<\/a>, les candidats ont d\u00fb concocter une viennoiserie feuillet\u00e9e aux champignons, un snacking brioch\u00e9 aux produits de la mer, une mignardise sucr\u00e9e \u00e0 la fraise, tout \u00e7a en dix exemplaires, sans oublier une pi\u00e8ce artistique r\u00e9gionale. <b>Pour cela, les artisans ont le droit \u00e0 huit heures de travail \u00e9tal\u00e9es sur deux journ\u00e9es<\/b>. En pleine \u00e9preuve, Ga\u00ebl Radigon, Meilleur ouvrier de France charcutier 2019, est venu demander aux adversaires de cr\u00e9er un produit de snacking \u00e0 la poitrine de veau. Deux heures avant la fin de la premi\u00e8re journ\u00e9e, Xavier Thuret, Meilleur ouvrier de France fromager 2007, a lui aussi pass\u00e9 commande pour r\u00e9aliser trois pains au roquefort. Une heure plus tard, Fr\u00e9d\u00e9ric Jaunault, Meilleur ouvrier de France primeur 2011, est venu allonger la commande avec une mise en bouche aux deux asperges \u00e0 base de p\u00e2te ferment\u00e9e\u00a0!<\/p>\n<p>            Qui a gagn\u00e9 la saison 12 de La Meilleure boulangerie de France ce vendredi 27\u00a0juin sur M6\u00a0?<\/p>\n<p>Le lendemain, les candidats ont pu se satisfaire de l&rsquo;effet de la fermentation sur leurs pr\u00e9parations durant la nuit. Alors qu&rsquo;ils pensaient \u00eatre tranquilles, ils ont eu la surprise de voir d\u00e9barquer Sonia Bichet, Meilleure ouvri\u00e8re de France poissonni\u00e8re-\u00e9caill\u00e8re 2023, pour demander un feuilletage accompagnant des hu\u00eetres. Pour terminer, <a href=\"https:\/\/www.programme-tv.net\/news\/tv\/380954-chiara-serpaggi-remplacante-de-noemie-honiat-dans-la-meilleure-boulangerie-de-france-ce-n-est-pas-une-position-rassurante\/\" data-api-deeplink=\"teleloisirs:\/\/news\/380954\" target=\"_blank\" rel=\"noopener\">Chiara Serpaggi<\/a> a d\u00e9barqu\u00e9 pour demander une tarte poch\u00e9e \u00e0 la vanille. <b>Au terme des huit heures, les jur\u00e9s ont d\u00e9gust\u00e9 tous les produits puis ont d\u00e9cid\u00e9 du nom des vainqueurs<\/b>. Les gagnants de la saison 12 de La meilleure boulangerie de France sont Fran\u00e7ois et Timoth\u00e9 de la r\u00e9gion de l&rsquo;Is\u00e8re \u00e0 l&rsquo;Ard\u00e8che. \u00ab\u00a0On est fiers du travail, de tous les produits qu&rsquo;on a pr\u00e9sent\u00e9s au jury. Franchement, on est trop contents\u00a0\u00bb, se sont-ils satisfaits. Ils succ\u00e8dent donc \u00e0 <a href=\"https:\/\/www.programme-tv.net\/news\/tv\/356014-la-meilleure-boulangerie-de-france-qui-a-gagne-la-saison-11-du-concours-de-m6\/\" data-api-deeplink=\"teleloisirs:\/\/news\/356014\" target=\"_blank\" rel=\"noopener\">Lucien et Adam de la maison Gautier, laur\u00e9ats du concours l&rsquo;an dernier<\/a>.<\/p>\n","protected":false},"excerpt":{"rendered":"Ce vendredi 27 juin, M6 diffusait la finale de La meilleure boulangerie de France. Trois bin\u00f4mes de candidats&hellip;\n","protected":false},"author":2,"featured_media":210070,"comment_status":"","ping_status":"","sticky":false,"template":"","format":"standard","meta":{"footnotes":""},"categories":[1356],"tags":[34626,244,58,59,1011,27,34628,494,34627,34625,252,1364],"class_list":{"0":"post-210069","1":"post","2":"type-post","3":"status-publish","4":"format-standard","5":"has-post-thumbnail","7":"category-television","8":"tag-bruno-cormerais","9":"tag-commentaire","10":"tag-divertissement","11":"tag-entertainment","12":"tag-fr","13":"tag-france","14":"tag-la-meilleure-boulangerie-de-france","15":"tag-m6","16":"tag-michel-sarran","17":"tag-nou00e9mie-honiat","18":"tag-television","19":"tag-tv"},"share_on_mastodon":{"url":"https:\/\/pubeurope.com\/@fr\/114759142210464176","error":""},"_links":{"self":[{"href":"https:\/\/www.europesays.com\/fr\/wp-json\/wp\/v2\/posts\/210069","targetHints":{"allow":["GET"]}}],"collection":[{"href":"https:\/\/www.europesays.com\/fr\/wp-json\/wp\/v2\/posts"}],"about":[{"href":"https:\/\/www.europesays.com\/fr\/wp-json\/wp\/v2\/types\/post"}],"author":[{"embeddable":true,"href":"https:\/\/www.europesays.com\/fr\/wp-json\/wp\/v2\/users\/2"}],"replies":[{"embeddable":true,"href":"https:\/\/www.europesays.com\/fr\/wp-json\/wp\/v2\/comments?post=210069"}],"version-history":[{"count":0,"href":"https:\/\/www.europesays.com\/fr\/wp-json\/wp\/v2\/posts\/210069\/revisions"}],"wp:featuredmedia":[{"embeddable":true,"href":"https:\/\/www.europesays.com\/fr\/wp-json\/wp\/v2\/media\/210070"}],"wp:attachment":[{"href":"https:\/\/www.europesays.com\/fr\/wp-json\/wp\/v2\/media?parent=210069"}],"wp:term":[{"taxonomy":"category","embeddable":true,"href":"https:\/\/www.europesays.com\/fr\/wp-json\/wp\/v2\/categories?post=210069"},{"taxonomy":"post_tag","embeddable":true,"href":"https:\/\/www.europesays.com\/fr\/wp-json\/wp\/v2\/tags?post=210069"}],"curies":[{"name":"wp","href":"https:\/\/api.w.org\/{rel}","templated":true}]}}