{"id":210083,"date":"2025-06-28T04:44:09","date_gmt":"2025-06-28T04:44:09","guid":{"rendered":"https:\/\/www.europesays.com\/fr\/210083\/"},"modified":"2025-06-28T04:44:09","modified_gmt":"2025-06-28T04:44:09","slug":"mariage-de-jeff-bezos-et-lauren-sanchez-la-mariee-portait-une-robe-dolce-gabbana-inspiree-de-sophia-loren-qui-a-necessite-900-heures-de-travail","status":"publish","type":"post","link":"https:\/\/www.europesays.com\/fr\/210083\/","title":{"rendered":"Mariage de Jeff Bezos et Lauren S\u00e1nchez : la mari\u00e9e portait une robe Dolce &#038; Gabbana inspir\u00e9e de Sophia Loren qui a n\u00e9cessit\u00e9 900 heures de travail"},"content":{"rendered":"<p>Une cr\u00e9ation compos\u00e9e en accord avec <strong>Domenico Dolce<\/strong>, qu&rsquo;elle a rencontr\u00e9 gr\u00e2ce \u00e0 leur amie commune <strong>Kris Jenner<\/strong> \u2013 naturellement pr\u00e9sents tous deux \u00e0 Venise pour les noces. \u00ab\u00a0J&rsquo;ai cherch\u00e9 des images de mari\u00e9es des ann\u00e9es 1950. Je voulais un look vintage, j&rsquo;ai vu Sophia Loren. Elle \u00e9tait tout en dentelle, jusqu&rsquo;au cou, et j&rsquo;ai dit : \u201cC&rsquo;est \u00e7a. C&rsquo;est la robe\u201d \u00bb, raconte la jeune mari\u00e9e \u00e0 nos camarades de <a href=\"https:\/\/www.vogue.com\/article\/lauren-sanchez-and-jeff-bezos-are-married\" rel=\"nofollow noopener\" target=\"_blank\">Vogue<\/a>. \u00ab Je n&rsquo;avais jamais eu une robe cr\u00e9\u00e9e pour moi comme \u00e7a, quelque chose d&rsquo;aussi personnel. \u00bb La robe a n\u00e9cessit\u00e9 900 heures de travail \u00e0 l&rsquo;atelier de la maison italienne \u2013\u00a0et probablement un peu moins pour le smoking de Jeff Bezos, \u00e9galement sign\u00e9 Dolce &amp; Gabbana. \u00ab Il va \u00eatre si beau, j&rsquo;ai h\u00e2te! Il est tr\u00e8s simple. Enfin, il aime la mode et il a un bon style, mais il n&rsquo;y pense pas comme j&rsquo;y pense. Il est juste beau dans tout ce qu&rsquo;il porte \u00bb, assure une future mari\u00e9e visiblement tr\u00e8s amoureuse.<\/p>\n<p>Lauren S\u00e1nchez et Jeff Bezos, jeunes mari\u00e9s en Dolce &amp; Gabbana.<\/p>\n<p>Courtesy of Lauren Sanchez Bezos\/Tierney Gearon180 boutons brod\u00e9s \u00e0 la main<\/p>\n<p>En un an et demi, Lauren S\u00e1nchez Bezos a v\u00e9cu un cheminement plus large que le choix d&rsquo;une robe \u2013 fut-elle celle pour \u00e9pouser le troisi\u00e8me homme le plus riche du monde. \u00ab Je suis pass\u00e9e de : \u201cJe veux une robe simple, sexy, moderne\u201d \u00e0 \u201cJe veux quelque chose symbolique d&rsquo;un moment\u201d et qui repr\u00e9sente o\u00f9 j&rsquo;en suis maintenant. Je suis une personne diff\u00e9rente de celle que j&rsquo;\u00e9tais il y a cinq ans. [\u2026] J&rsquo;ai suivi une th\u00e9rapie et \u00e7a m&rsquo;a chang\u00e9 de bien des fa\u00e7ons. Mais vraiment, c&rsquo;est Jeff. Jeff ne m&rsquo;a pas chang\u00e9e. Il m&rsquo;a r\u00e9v\u00e9l\u00e9e. Je me sens en s\u00e9curit\u00e9. Je me sens consid\u00e9r\u00e9e. Il me laisse \u00eatre moi-m\u00eame. Sophia Loren est libre sans r\u00e9serve, il me laisse \u00eatre libre sans r\u00e9serve. \u00bb<\/p>\n<p>La cr\u00e9ation n&rsquo;est pas sans rappeler l&rsquo;incroyable robe de mari\u00e9e que Dolce &amp; Gabbana avaient r\u00e9alis\u00e9e pour <strong>Kitty Spencer<\/strong>, une des ni\u00e8ces de <a href=\"https:\/\/www.vanityfair.fr\/dossier\/lady-diana\" isautogenerated=\"true\" rel=\"nofollow noopener\" target=\"_blank\"><strong>Lady Diana<\/strong><\/a>. On retrouve en commun la dentelle rebrodant toute la robe jusqu&rsquo;au cou, la taille affin\u00e9e dans un corset et le boutonnage le long du cou \u00e0 la taille. Mais la robe de Lauren S\u00e1nchez est resserr\u00e9e au niveau des genoux, jusqu&rsquo;\u00e0 reprendre largeur sur la tra\u00eene. En tout, elle compte 180 boutons confectionn\u00e9s \u00e0 la main et recouverts de dentelle.<\/p>\n","protected":false},"excerpt":{"rendered":"Une cr\u00e9ation compos\u00e9e en accord avec Domenico Dolce, qu&rsquo;elle a rencontr\u00e9 gr\u00e2ce \u00e0 leur amie commune Kris Jenner&hellip;\n","protected":false},"author":2,"featured_media":210084,"comment_status":"","ping_status":"","sticky":false,"template":"","format":"standard","meta":{"footnotes":""},"categories":[6],"tags":[35,33,34,1011,27,697],"class_list":{"0":"post-210083","1":"post","2":"type-post","3":"status-publish","4":"format-standard","5":"has-post-thumbnail","7":"category-economie","8":"tag-business","9":"tag-economie","10":"tag-economy","11":"tag-fr","12":"tag-france","13":"tag-jeff-bezos"},"share_on_mastodon":{"url":"https:\/\/pubeurope.com\/@fr\/114759169742856545","error":""},"_links":{"self":[{"href":"https:\/\/www.europesays.com\/fr\/wp-json\/wp\/v2\/posts\/210083","targetHints":{"allow":["GET"]}}],"collection":[{"href":"https:\/\/www.europesays.com\/fr\/wp-json\/wp\/v2\/posts"}],"about":[{"href":"https:\/\/www.europesays.com\/fr\/wp-json\/wp\/v2\/types\/post"}],"author":[{"embeddable":true,"href":"https:\/\/www.europesays.com\/fr\/wp-json\/wp\/v2\/users\/2"}],"replies":[{"embeddable":true,"href":"https:\/\/www.europesays.com\/fr\/wp-json\/wp\/v2\/comments?post=210083"}],"version-history":[{"count":0,"href":"https:\/\/www.europesays.com\/fr\/wp-json\/wp\/v2\/posts\/210083\/revisions"}],"wp:featuredmedia":[{"embeddable":true,"href":"https:\/\/www.europesays.com\/fr\/wp-json\/wp\/v2\/media\/210084"}],"wp:attachment":[{"href":"https:\/\/www.europesays.com\/fr\/wp-json\/wp\/v2\/media?parent=210083"}],"wp:term":[{"taxonomy":"category","embeddable":true,"href":"https:\/\/www.europesays.com\/fr\/wp-json\/wp\/v2\/categories?post=210083"},{"taxonomy":"post_tag","embeddable":true,"href":"https:\/\/www.europesays.com\/fr\/wp-json\/wp\/v2\/tags?post=210083"}],"curies":[{"name":"wp","href":"https:\/\/api.w.org\/{rel}","templated":true}]}}