{"id":210087,"date":"2025-06-28T04:46:11","date_gmt":"2025-06-28T04:46:11","guid":{"rendered":"https:\/\/www.europesays.com\/fr\/210087\/"},"modified":"2025-06-28T04:46:11","modified_gmt":"2025-06-28T04:46:11","slug":"jen-viens-presque-a-supplier-certains-patients-de-venir-en-consultation-liberation","status":"publish","type":"post","link":"https:\/\/www.europesays.com\/fr\/210087\/","title":{"rendered":"\u00abJ\u2019en viens presque \u00e0 supplier certains patients de venir en consultation\u00bb \u2013 Lib\u00e9ration"},"content":{"rendered":"<p class=\"sc-ksZaOG ehjQrN text-element\">De l\u2019aveu m\u00eame des m\u00e9decins, c\u2019est du \u00abjamais vu\u00bb. Chaque mois, les urgences des h\u00f4pitaux fran\u00e7ais re\u00e7oivent plusieurs patients pour des <a href=\"https:\/\/www.liberation.fr\/societe\/paraplegie-incontinence-declin-cognitif-les-medecins-sonnent-lalerte-face-aux-ravages-du-protoxyde-dazote-20250131_FVZ7RM3IL5HDPMWK6MQLALHZYY\/?redirected=1\" target=\"_blank\" rel=\"noopener\" title=\"https:\/\/www.liberation.fr\/societe\/paraplegie-incontinence-declin-cognitif-les-medecins-sonnent-lalerte-face-aux-ravages-du-protoxyde-dazote-20250131_FVZ7RM3IL5HDPMWK6MQLALHZYY\/?redirected=1\">troubles li\u00e9s \u00e0 la consommation de protoxyde d\u2019azote<\/a>. Bien souvent, un suivi leur est propos\u00e9, soit en neurologie pour faire un bilan des <a href=\"https:\/\/www.liberation.fr\/societe\/sante\/protoxyde-dazote-les-intoxications-continuent-daugmenter-en-france-des-nouveau-nes-affectes-pour-la-premiere-fois-20250416_WGFZGTXOG5ADBNWF4OPORNSU34\/\" target=\"_blank\" rel=\"noreferrer noopener\" title=\"https:\/\/www.liberation.fr\/societe\/sante\/protoxyde-dazote-les-intoxications-continuent-daugmenter-en-france-des-nouveau-nes-affectes-pour-la-premiere-fois-20250416_WGFZGTXOG5ADBNWF4OPORNSU34\/\">dommages \u00e9ventuels caus\u00e9s par l\u2019inhalation du produit<\/a>, soit en addictologie pour faire un point sur ces consommations, soit en r\u00e9\u00e9ducation pour r\u00e9cup\u00e9rer en mobilit\u00e9, par exemple. Pourtant, apr\u00e8s avoir consult\u00e9 une premi\u00e8re fois, bon nombre d\u2019entre eux ne se pr\u00e9sentent plus aux rendez-vous m\u00e9dicaux. Ils disparaissent des circuits, malgr\u00e9 de lourds handi<\/p>\n","protected":false},"excerpt":{"rendered":"De l\u2019aveu m\u00eame des m\u00e9decins, c\u2019est du \u00abjamais vu\u00bb. Chaque mois, les urgences des h\u00f4pitaux fran\u00e7ais re\u00e7oivent plusieurs&hellip;\n","protected":false},"author":2,"featured_media":210088,"comment_status":"","ping_status":"","sticky":false,"template":"","format":"standard","meta":{"footnotes":""},"categories":[4],"tags":[11,3992,1011,27,12,25],"class_list":{"0":"post-210087","1":"post","2":"type-post","3":"status-publish","4":"format-standard","5":"has-post-thumbnail","7":"category-france","8":"tag-actualites","9":"tag-drogues","10":"tag-fr","11":"tag-france","12":"tag-news","13":"tag-republique-francaise"},"share_on_mastodon":{"url":"https:\/\/pubeurope.com\/@fr\/114759177600476202","error":""},"_links":{"self":[{"href":"https:\/\/www.europesays.com\/fr\/wp-json\/wp\/v2\/posts\/210087","targetHints":{"allow":["GET"]}}],"collection":[{"href":"https:\/\/www.europesays.com\/fr\/wp-json\/wp\/v2\/posts"}],"about":[{"href":"https:\/\/www.europesays.com\/fr\/wp-json\/wp\/v2\/types\/post"}],"author":[{"embeddable":true,"href":"https:\/\/www.europesays.com\/fr\/wp-json\/wp\/v2\/users\/2"}],"replies":[{"embeddable":true,"href":"https:\/\/www.europesays.com\/fr\/wp-json\/wp\/v2\/comments?post=210087"}],"version-history":[{"count":0,"href":"https:\/\/www.europesays.com\/fr\/wp-json\/wp\/v2\/posts\/210087\/revisions"}],"wp:featuredmedia":[{"embeddable":true,"href":"https:\/\/www.europesays.com\/fr\/wp-json\/wp\/v2\/media\/210088"}],"wp:attachment":[{"href":"https:\/\/www.europesays.com\/fr\/wp-json\/wp\/v2\/media?parent=210087"}],"wp:term":[{"taxonomy":"category","embeddable":true,"href":"https:\/\/www.europesays.com\/fr\/wp-json\/wp\/v2\/categories?post=210087"},{"taxonomy":"post_tag","embeddable":true,"href":"https:\/\/www.europesays.com\/fr\/wp-json\/wp\/v2\/tags?post=210087"}],"curies":[{"name":"wp","href":"https:\/\/api.w.org\/{rel}","templated":true}]}}