{"id":210091,"date":"2025-06-28T04:48:10","date_gmt":"2025-06-28T04:48:10","guid":{"rendered":"https:\/\/www.europesays.com\/fr\/210091\/"},"modified":"2025-06-28T04:48:10","modified_gmt":"2025-06-28T04:48:10","slug":"saint-chamond-reves-de-guinguettes-et-revolution-verte","status":"publish","type":"post","link":"https:\/\/www.europesays.com\/fr\/210091\/","title":{"rendered":"SAINT-CHAMOND R\u00caVES DE GUINGUETTES ET R\u00c9VOLUTION VERTE"},"content":{"rendered":"<p>Malgr\u00e9 un taux de participation modeste avec 133 participants (109 en ateliers physiques et 24 en ligne), le m\u00e9diateur Bernard Jacquand se f\u00e9licite de la qualit\u00e9 des \u00e9changes et de la diversit\u00e9 des profils rencontr\u00e9s. Son constat est sans appel : les habitants portent un attachement visc\u00e9ral \u00e0 leur commune et manifestent une r\u00e9elle envie de s\u2019impliquer dans son devenir. Cette mobilisation citoyenne constitue selon lui \u00ab\u00a0un gisement d\u2019implication qui ne demande qu\u2019\u00e0 \u00eatre exploit\u00e9\u00a0\u00bb, m\u00eame si le maire Axel Dugua reconna\u00eet que la participation n\u2019a pas atteint le niveau esp\u00e9r\u00e9.<\/p>\n<p>L\u2019appel du vivre-ensemble et de l\u2019identit\u00e9 partag\u00e9e<\/p>\n<p>Les discussions ont mis en lumi\u00e8re un besoin crucial de cr\u00e9er du lien social. Les participants d\u00e9plorent un certain cloisonnement entre quartiers et cat\u00e9gories sociales, exprimant une volont\u00e9 forte de reconnecter ces diff\u00e9rentes composantes urbaines.<\/p>\n<p>Cette aspiration se cristallise autour de l\u2019id\u00e9e d\u2019un \u00e9v\u00e9nement f\u00e9d\u00e9rateur qui \u00ab\u00a0signerait\u00a0\u00bb l\u2019identit\u00e9 saint-chamonaise. Un rendez-vous qui s\u2019appuierait sur les racines locales sans sombrer dans la nostalgie, capable de rassembler tous les groupes sociaux autour d\u2019un projet commun.<\/p>\n<p>Des attentes concr\u00e8tes pour le quotidien<\/p>\n<p>Les souhaits exprim\u00e9s dessinent une ville plus verte et plus humaine : espaces naturels pr\u00e9serv\u00e9s, lieux embl\u00e9matiques reconvertis, parcours urbains adapt\u00e9s aux seniors, d\u00e9veloppement des circuits courts et productions locales. Les participants plaident \u00e9galement pour des alternatives \u00e0 l\u2019automobile et un renforcement du commerce de proximit\u00e9, tant au centre-ville que dans les quartiers.<\/p>\n<p>Une vision architecturale ambitieuse<\/p>\n<p>En parall\u00e8le, le cabinet Enia a \u00e9labor\u00e9 une prospective jusqu\u2019en 2050 s\u2019appuyant sur un diagnostic approfondi du territoire. Cette d\u00e9marche d\u00e9bouche sur une \u00ab\u00a0bo\u00eete \u00e0 outils de 36 actions coh\u00e9rentes\u00a0\u00bb pour guider l\u2019\u00e9volution urbaine.<\/p>\n<p>Brice Piechaczyk, architecte associ\u00e9, souligne la richesse inattendue de cette commune de 54 km\u00b2 \u2013 plus vaste que Lyon et \u00e9quivalente \u00e0 la moiti\u00e9 de Paris \u2013 loin de l\u2019image convenue de la ville post-industrielle.<\/p>\n<p>Valoriser la diversit\u00e9 des p\u00f4les urbains<\/p>\n<p>L\u2019\u00e9tude propose de capitaliser sur la \u00ab\u00a0pluricentralit\u00e9 aux identit\u00e9s tr\u00e8s marqu\u00e9es\u00a0\u00bb en travaillant sur la connexion entre les 12 ou 13 p\u00f4les identifi\u00e9s (incluant Stelytec). L\u2019objectif : cr\u00e9er une \u00ab\u00a0unit\u00e9 plurielle\u00a0\u00bb \u00e9vitant l\u2019\u00e9cueil des \u00ab\u00a0petites chapelles\u00a0\u00bb territoriales.<\/p>\n<p>Cette philosophie se traduit par une requalification des places centrales en v\u00e9ritables agoras f\u00e9d\u00e9ratrices, accessibles \u00e0 tous les publics et favorisant les rencontres interg\u00e9n\u00e9rationnelles.<\/p>\n<p>Mobilit\u00e9 repens\u00e9e et paysages sublim\u00e9s<\/p>\n<p>C\u00f4t\u00e9 d\u00e9placements, la vision privil\u00e9gie les modes doux avec la cr\u00e9ation de zones de rencontre limit\u00e9es \u00e0 20 km\/h. La gare \u00e9voluerait vers un p\u00f4le multimodal accompagn\u00e9 de parkings relais strat\u00e9giques.<\/p>\n<p>L\u2019immense territoire communal offre des perspectives remarquables pour \u00ab\u00a0rapprocher\u00a0\u00bb la ville de ses grands paysages. Des parcours valoriseraient le patrimoine historique, le street-art et les panoramas, ponctu\u00e9s d\u2019\u0153uvres d\u2019art cadrant certains points de vue et de belv\u00e9d\u00e8res am\u00e9nag\u00e9s.<\/p>\n<p>Renaissance des cours d\u2019eau<\/p>\n<p>Les rivi\u00e8res deviendraient de v\u00e9ritables territoires de vie. Le Gier \u00e0 Saint-Julien pourrait \u00eatre remis \u00e0 ciel ouvert, tandis que les berges accueilleraient jeux, \u00e9quipements sportifs, march\u00e9s \u00e9ph\u00e9m\u00e8res et guinguettes.<\/p>\n<p>Un \u00ab\u00a0chemin des coteaux\u00a0\u00bb encerclerait la ville en reliant les sentiers de randonn\u00e9e existants aux espaces de transport multimodal.<\/p>\n<p>\u00c9conomie locale et savoir-faire artisanal<\/p>\n<p>Le volet \u00e9conomique mise sur un \u00ab\u00a0front artisanal\u00a0\u00bb au centre-ville, proposant des locaux temporaires ou permanents aux artistes, artisans et agriculteurs. Une halle de l\u2019\u00e9conomie locale centraliserait cette dynamique.<\/p>\n<p>Le d\u00e9veloppement des cultures vivri\u00e8res, particuli\u00e8rement du mara\u00eechage, accompagnerait cette relocalisation \u00e9conomique. Les zones d\u2019activit\u00e9s comme Stelytec seraient densifi\u00e9es et humanis\u00e9es avec des espaces de convivialit\u00e9.<\/p>\n<p>Une approche globale et pragmatique<\/p>\n<p>Cette vision se veut non hi\u00e9rarchis\u00e9e pour \u00e9viter toute politisation. Comme le pr\u00e9cise Brice Piechaczyk, \u00ab\u00a0tout est entrem\u00eal\u00e9, c\u2019est \u00e0 prendre dans son ensemble\u00a0\u00bb avec une perspective de long terme.<\/p>\n<p>Le maire temp\u00e8re n\u00e9anmoins ces ambitions par les r\u00e9alit\u00e9s budg\u00e9taires : certaines actions comme les belv\u00e9d\u00e8res s\u2019av\u00e8rent facilement r\u00e9alisables, tandis que d\u2019autres projets comme la d\u00e9couverture du Gier n\u00e9cessiteraient des investissements consid\u00e9rables.<\/p>\n","protected":false},"excerpt":{"rendered":"Malgr\u00e9 un taux de participation modeste avec 133 participants (109 en ateliers physiques et 24 en ligne), le&hellip;\n","protected":false},"author":2,"featured_media":210092,"comment_status":"","ping_status":"","sticky":false,"template":"","format":"standard","meta":{"footnotes":""},"categories":[9653],"tags":[1111,11,2430,51,1777,674,1011,27,3367,12,25,9669,4001,602],"class_list":{"0":"post-210091","1":"post","2":"type-post","3":"status-publish","4":"format-standard","5":"has-post-thumbnail","7":"category-saint-etienne","8":"tag-actu","9":"tag-actualites","10":"tag-auvergne-rhone-alpes","11":"tag-ecologie","12":"tag-eu","13":"tag-europe","14":"tag-fr","15":"tag-france","16":"tag-loire","17":"tag-news","18":"tag-republique-francaise","19":"tag-saint-chamond","20":"tag-saint-etienne","21":"tag-tourisme"},"share_on_mastodon":{"url":"https:\/\/pubeurope.com\/@fr\/114759185459393704","error":""},"_links":{"self":[{"href":"https:\/\/www.europesays.com\/fr\/wp-json\/wp\/v2\/posts\/210091","targetHints":{"allow":["GET"]}}],"collection":[{"href":"https:\/\/www.europesays.com\/fr\/wp-json\/wp\/v2\/posts"}],"about":[{"href":"https:\/\/www.europesays.com\/fr\/wp-json\/wp\/v2\/types\/post"}],"author":[{"embeddable":true,"href":"https:\/\/www.europesays.com\/fr\/wp-json\/wp\/v2\/users\/2"}],"replies":[{"embeddable":true,"href":"https:\/\/www.europesays.com\/fr\/wp-json\/wp\/v2\/comments?post=210091"}],"version-history":[{"count":0,"href":"https:\/\/www.europesays.com\/fr\/wp-json\/wp\/v2\/posts\/210091\/revisions"}],"wp:featuredmedia":[{"embeddable":true,"href":"https:\/\/www.europesays.com\/fr\/wp-json\/wp\/v2\/media\/210092"}],"wp:attachment":[{"href":"https:\/\/www.europesays.com\/fr\/wp-json\/wp\/v2\/media?parent=210091"}],"wp:term":[{"taxonomy":"category","embeddable":true,"href":"https:\/\/www.europesays.com\/fr\/wp-json\/wp\/v2\/categories?post=210091"},{"taxonomy":"post_tag","embeddable":true,"href":"https:\/\/www.europesays.com\/fr\/wp-json\/wp\/v2\/tags?post=210091"}],"curies":[{"name":"wp","href":"https:\/\/api.w.org\/{rel}","templated":true}]}}