{"id":210093,"date":"2025-06-28T04:49:11","date_gmt":"2025-06-28T04:49:11","guid":{"rendered":"https:\/\/www.europesays.com\/fr\/210093\/"},"modified":"2025-06-28T04:49:11","modified_gmt":"2025-06-28T04:49:11","slug":"saint-etienne-cinq-objets-et-autant-de-raisons-daller-decouvrir-la-biennale-du-design-avant-quelle-se-termine","status":"publish","type":"post","link":"https:\/\/www.europesays.com\/fr\/210093\/","title":{"rendered":"Saint-Etienne. Cinq objets et autant de raisons d\u2019aller d\u00e9couvrir la Biennale du design avant qu&rsquo;elle se termine"},"content":{"rendered":"<p class=\"insetTitle\">Un vide-dressing, une brocante et un vide-greniers pour conclure la Biennale en f\u00eate<\/p>\n<p>Tout au long de cette 13e Biennale, l\u2019\u00e9v\u00e9nement a propos\u00e9 <a href=\"https:\/\/www.leprogres.fr\/culture-loisirs\/2025\/05\/22\/jusqu-au-6-juillet-c-est-toute-la-cite-du-design-qui-est-en-fete\" target=\"_blank\" rel=\"nofollow noopener\">de nombreuses animations<\/a> avec F\u00eate foraine d\u00e9cal\u00e9e, spectacles, ateliers cr\u00e9atifs, sport\u2026 Et ce week-end, la seconde main s\u2019invite \u00e0 la Cit\u00e9 du design. Place \u00e0 un vide-dressing Vintage, ce samedi de 11\u00a0h \u00e0 19\u00a0h, pour d\u00e9couvrir des cr\u00e9ations vintages et des pi\u00e8ces uniques.<\/p>\n<p>Dimanche, de 8\u00a0h \u00e0 17\u00a0h, la Biennale en f\u00eate accueillera une brocante et un vide-greniers, pour les amateurs de trouvailles en tous genres. Dimanche \u00e0 16\u00a0h, un spectacle de danse et cirque contemporain Obak\u00e9 sera en acc\u00e8s libre et gratuit, devant la Platine, dans le cadre du Festival des 7 collines.<\/p>\n<p>Le week-end sera aussi ludique avec sur les deux jours\u00a0: un espace jeux en bois par les Francas, des babyfoots et fl\u00e9chettes au pied de la tour Observatoire par Flipper 42, un DJ set avec Imperial Boxing Crew, une exposition photos propos\u00e9e par Emma\u00fcs ainsi qu\u2019un espace restauration avec La Station Gourmande, La Fabuleuse Cantine et La Gourmette.<\/p>\n","protected":false},"excerpt":{"rendered":"Un vide-dressing, une brocante et un vide-greniers pour conclure la Biennale en f\u00eate Tout au long de cette&hellip;\n","protected":false},"author":2,"featured_media":210094,"comment_status":"","ping_status":"","sticky":false,"template":"","format":"standard","meta":{"footnotes":""},"categories":[9653],"tags":[1111,11,2430,1687,7539,1777,674,107,1011,27,3367,12,25,4001,7538],"class_list":{"0":"post-210093","1":"post","2":"type-post","3":"status-publish","4":"format-standard","5":"has-post-thumbnail","7":"category-saint-etienne","8":"tag-actu","9":"tag-actualites","10":"tag-auvergne-rhone-alpes","11":"tag-culture-loisirs","12":"tag-edition-loire-sud","13":"tag-eu","14":"tag-europe","15":"tag-fil-info","16":"tag-fr","17":"tag-france","18":"tag-loire","19":"tag-news","20":"tag-republique-francaise","21":"tag-saint-etienne","22":"tag-saint-etienne-ville"},"share_on_mastodon":{"url":"https:\/\/pubeurope.com\/@fr\/114759189511973418","error":""},"_links":{"self":[{"href":"https:\/\/www.europesays.com\/fr\/wp-json\/wp\/v2\/posts\/210093","targetHints":{"allow":["GET"]}}],"collection":[{"href":"https:\/\/www.europesays.com\/fr\/wp-json\/wp\/v2\/posts"}],"about":[{"href":"https:\/\/www.europesays.com\/fr\/wp-json\/wp\/v2\/types\/post"}],"author":[{"embeddable":true,"href":"https:\/\/www.europesays.com\/fr\/wp-json\/wp\/v2\/users\/2"}],"replies":[{"embeddable":true,"href":"https:\/\/www.europesays.com\/fr\/wp-json\/wp\/v2\/comments?post=210093"}],"version-history":[{"count":0,"href":"https:\/\/www.europesays.com\/fr\/wp-json\/wp\/v2\/posts\/210093\/revisions"}],"wp:featuredmedia":[{"embeddable":true,"href":"https:\/\/www.europesays.com\/fr\/wp-json\/wp\/v2\/media\/210094"}],"wp:attachment":[{"href":"https:\/\/www.europesays.com\/fr\/wp-json\/wp\/v2\/media?parent=210093"}],"wp:term":[{"taxonomy":"category","embeddable":true,"href":"https:\/\/www.europesays.com\/fr\/wp-json\/wp\/v2\/categories?post=210093"},{"taxonomy":"post_tag","embeddable":true,"href":"https:\/\/www.europesays.com\/fr\/wp-json\/wp\/v2\/tags?post=210093"}],"curies":[{"name":"wp","href":"https:\/\/api.w.org\/{rel}","templated":true}]}}