{"id":210103,"date":"2025-06-28T04:55:04","date_gmt":"2025-06-28T04:55:04","guid":{"rendered":"https:\/\/www.europesays.com\/fr\/210103\/"},"modified":"2025-06-28T04:55:04","modified_gmt":"2025-06-28T04:55:04","slug":"gv-hennebont-nimes-montpellier-une-finale-haut-de-gamme-plus-ouverte-quil-ny-parait","status":"publish","type":"post","link":"https:\/\/www.europesays.com\/fr\/210103\/","title":{"rendered":"GV Hennebont &#8211; N\u00eemes-Montpellier\u00a0: une finale, haut de gamme, plus ouverte qu\u2019il n\u2019y para\u00eet\u00a0!"},"content":{"rendered":"<p>Pro A (finale). GV Hennebont &#8211; N\u00eemes-Montpellier, dimanche (15\u00a0h) \u00e0 Rouen<\/p>\n<p class=\"empty\">Deuxi\u00e8me de sa saison r\u00e9guli\u00e8re, gr\u00e2ce \u00e0 une poule retour d\u00e9tonante, Hennebont, qui a ensuite encha\u00een\u00e9 dans son play-off, disput\u00e9 face aux Loups d\u2019Angers, (5-2) sur l\u2019ensemble des deux matchs, d\u00e9fiera, dimanche, au Kindarena Rouen M\u00e9tropole, le premier de la saison r\u00e9guli\u00e8re l\u2019Alliance Nimes-Montpellier, avec une forte envie de faire d\u00e9jouer les pronostics de cette finale.<\/p>\n<p>Une ambition louable et dans les cordes de la formation morbihannaise qui a, lors de la seconde phase, battue la formation azur\u00e9enne (3-1), avec en point d\u2019orgue la victoire du joueur Russe de la GVHTT Vladimir Sidorenko, sur l\u2019international tricolore et m\u00e9daill\u00e9 de bronze des Jeux olympiques de Paris F\u00e9lix Lebrun\u00a0!<\/p>\n<p>Lors de son accession, l\u2019Alliance, en visite dans le Morbihan, avait subi le m\u00eame sort, avec la d\u00e9faite de l\u2019a\u00een\u00e9 des Lebrun (Alexis) face \u00e0\u2026 Vladimir Sidorenko, qui poss\u00e8de des statistiques impressionnantes en Pro A (75\u00a0% de victoires).<\/p>\n<p>Boris Abraham\u00a0: \u00ab\u00a0Mes jeunes m\u00e9ritent cette f\u00eate\u00a0\u00bb<\/p>\n<p>De quoi mettre en confiance le camp hennebontais et sa horde de supporters, qui se d\u00e9placeront en Normandie pour ce choc. D\u00e9j\u00e0 titr\u00e9 cinq fois, dont le dernier titre remonte \u00e0 la saison 2022-2023, Hennebont visera un sixi\u00e8me troph\u00e9e, alors que son adversaire tentera de glaner son premier titre en Pro A. \u00ab\u00a0J\u2019avais un bon feeling le jour du match retour face aux Loups d\u2019Angers, que nous avons gagn\u00e9 3-0. Pour cette finale qui se d\u00e9roulera devant 6\u00a0000 spectateurs, mes jeunes m\u00e9ritent cette f\u00eate. On ne sera pas favori, mais on se d\u00e9place pour gagner le titre\u00a0\u00bb, annonce le directeur sportif hennebontais Boris Abraham, qui renouvellera sa confiance \u00e0 sa jeune formation compos\u00e9e des deux joueurs russes\u00a0: Vladimir Sidorenko et Lev Katsman et de l\u2019international espoir roumain Iulian Chirita. Une \u00e9quipe capable de faire d\u00e9jouer les fr\u00e8res Lebrun (Alexis, F\u00e9lix), malgr\u00e9 leur palmar\u00e8s, et le joker de luxe Antoine Hachard.<\/p>\n<p>A moins que le coach de l\u2019Alliance, Vincent Avril, n\u2019invite \u00e0 la table du Kindarena, son joueur Indien Vikash Thakkar Manav ou son Portoricain Brian Afanador. Ou m\u00eame les autres jeunes Fran\u00e7ais aux dents longues Gr\u00e9goire Jean et Esteban Dorr\u2026<\/p>\n","protected":false},"excerpt":{"rendered":"Pro A (finale). GV Hennebont &#8211; N\u00eemes-Montpellier, dimanche (15\u00a0h) \u00e0 Rouen Deuxi\u00e8me de sa saison r\u00e9guli\u00e8re, gr\u00e2ce \u00e0&hellip;\n","protected":false},"author":2,"featured_media":210104,"comment_status":"","ping_status":"","sticky":false,"template":"","format":"standard","meta":{"footnotes":""},"categories":[9599],"tags":[1111,11,1777,674,1011,27,2208,12,2680,25,60,16149],"class_list":{"0":"post-210103","1":"post","2":"type-post","3":"status-publish","4":"format-standard","5":"has-post-thumbnail","7":"category-montpellier","8":"tag-actu","9":"tag-actualites","10":"tag-eu","11":"tag-europe","12":"tag-fr","13":"tag-france","14":"tag-montpellier","15":"tag-news","16":"tag-occitanie","17":"tag-republique-francaise","18":"tag-sports","19":"tag-tennis-de-table"},"share_on_mastodon":{"url":"https:\/\/pubeurope.com\/@fr\/114759212896059747","error":""},"_links":{"self":[{"href":"https:\/\/www.europesays.com\/fr\/wp-json\/wp\/v2\/posts\/210103","targetHints":{"allow":["GET"]}}],"collection":[{"href":"https:\/\/www.europesays.com\/fr\/wp-json\/wp\/v2\/posts"}],"about":[{"href":"https:\/\/www.europesays.com\/fr\/wp-json\/wp\/v2\/types\/post"}],"author":[{"embeddable":true,"href":"https:\/\/www.europesays.com\/fr\/wp-json\/wp\/v2\/users\/2"}],"replies":[{"embeddable":true,"href":"https:\/\/www.europesays.com\/fr\/wp-json\/wp\/v2\/comments?post=210103"}],"version-history":[{"count":0,"href":"https:\/\/www.europesays.com\/fr\/wp-json\/wp\/v2\/posts\/210103\/revisions"}],"wp:featuredmedia":[{"embeddable":true,"href":"https:\/\/www.europesays.com\/fr\/wp-json\/wp\/v2\/media\/210104"}],"wp:attachment":[{"href":"https:\/\/www.europesays.com\/fr\/wp-json\/wp\/v2\/media?parent=210103"}],"wp:term":[{"taxonomy":"category","embeddable":true,"href":"https:\/\/www.europesays.com\/fr\/wp-json\/wp\/v2\/categories?post=210103"},{"taxonomy":"post_tag","embeddable":true,"href":"https:\/\/www.europesays.com\/fr\/wp-json\/wp\/v2\/tags?post=210103"}],"curies":[{"name":"wp","href":"https:\/\/api.w.org\/{rel}","templated":true}]}}