{"id":210113,"date":"2025-06-28T05:02:03","date_gmt":"2025-06-28T05:02:03","guid":{"rendered":"https:\/\/www.europesays.com\/fr\/210113\/"},"modified":"2025-06-28T05:02:03","modified_gmt":"2025-06-28T05:02:03","slug":"la-marque-comme-avant-sinstalle-a-rennes-avec-ses-cosmetiques-fabriques-en-france","status":"publish","type":"post","link":"https:\/\/www.europesays.com\/fr\/210113\/","title":{"rendered":"La marque Comme Avant s&rsquo;installe \u00e0 Rennes avec ses cosm\u00e9tiques fabriqu\u00e9s en France"},"content":{"rendered":"<p>            Par<br \/>\n        <strong><br \/>\n            <a href=\"https:\/\/actu.fr\/auteur\/clemence-pays02-actu-fr\" title=\"Consulter tous les articles de Cl\u00e9mence Pays\" target=\"_blank\" rel=\"noopener\">Cl\u00e9mence Pays<\/a><br \/>\n        <\/strong><\/p>\n<p>        Publi\u00e9 le<\/p>\n<p>            28 juin 2025 \u00e0 6h50        <\/p>\n<p>Nouvelle ouverture de commerce \u00e0 <a href=\"https:\/\/actu.fr\/rennes\/\" target=\"_blank\" rel=\"noopener\">Rennes<\/a>. Jeudi 26\u00a0juin 2025, la marque <strong>Comme Avant<\/strong> a inaugur\u00e9 sa boutique dans le centre-ville.<\/p>\n<p class=\" wall-content\"><strong>D\u00e9odorants, shampoings, savons, s\u00e9rums ou encore rouges \u00e0 l\u00e8vres<\/strong> <strong>et v\u00eatements<\/strong> occupent les \u00e9tag\u00e8res du magasin.<\/p>\n<p class=\" wall-content\">Ce tout r\u00e9cent point de vente s\u2019ajoute aux <strong>onze<\/strong> autres d\u00e9j\u00e0 \u00e9tablies en France, comme \u00e0 Nantes, Paris, Marseille ou encore Bordeaux et Montpellier.<\/p>\n<p>\u00ab\u2009Des produits naturels\u2009\u00bb<\/p>\n<p class=\" wall-content\">Lanc\u00e9e en <strong>2017,<\/strong> la marque fond\u00e9e par Sophie Lauret et Nil Parra s\u2019est sp\u00e9cialis\u00e9e dans la cr\u00e9ation de \u00ab\u2009produits naturels, simples et efficaces tout en r\u00e9pondant \u00e0 la probl\u00e9matique de l\u2019air du temps\u2009: <strong>bon pour la sant\u00e9 et la plan\u00e8te\u2009\u00bb.<\/strong><\/p>\n<blockquote class=\"ac-article-quote wall-content\">\n<p>Les formulations comprennent en moyenne 5 ingr\u00e9dients et aucun parfum n\u2019est ajout\u00e9.<\/p>\n<p>    <strong>Comme Avant<\/strong>\n            <\/p><\/blockquote>\n<p>Vid\u00e9os : en ce moment sur Actu<\/p>\n<p class=\" wall-content\">L\u2019ensemble de ses <strong>cosm\u00e9tiques solides<\/strong> et des <strong>v\u00eatements<\/strong> sont fabriqu\u00e9s dans l\u2019atelier Comme Avant, aux Pennes-Mirabeau (Bouches-du-Rh\u00f4ne).<\/p>\n<p><strong>Infos pratiques\u2009:<\/strong><br \/>Comme Avant, 2, rue Chateaurenault, \u00e0 Rennes.<br \/>Ouvert lundi et mardi, de 10\u2009h \u00e0 14\u2009h et de 14\u2009h\u200945 \u00e0 19\u2009h\u2009; mercredi, de 10\u2009h \u00e0 19\u2009h\u2009; jeudi, vendredi et samedi, de 9\u2009h \u00e0 19\u2009h.<br \/>Contact\u2009: 09\u200981\u200902\u200998\u200925.<\/p>\n<p class=\" wall-content\">Suivez toute l\u2019actualit\u00e9 de vos villes et m\u00e9dias favoris en vous inscrivant \u00e0 <a href=\"https:\/\/moncompte.actu.fr\" title=\"D\u00e9couvez Mon Actu\" rel=\"nofollow noopener\" data-trk=\"{&quot;cta&quot;:{&quot;action&quot;:&quot;https:\\\/\\\/moncompte.actu.fr&quot;,&quot;category&quot;:&quot;mon compte&quot;,&quot;from&quot;:&quot;article footer&quot;,&quot;name&quot;:&quot;Mon actu&quot;,&quot;type&quot;:&quot;cta&quot;}}\" target=\"_blank\">Mon Actu<\/a>.<\/p>\n","protected":false},"excerpt":{"rendered":"Par Cl\u00e9mence Pays Publi\u00e9 le 28 juin 2025 \u00e0 6h50 Nouvelle ouverture de commerce \u00e0 Rennes. Jeudi 26\u00a0juin&hellip;\n","protected":false},"author":2,"featured_media":210114,"comment_status":"","ping_status":"","sticky":false,"template":"","format":"standard","meta":{"footnotes":""},"categories":[2821],"tags":[1111,11,4983,829,215,33,1777,674,1011,27,12,3147,584,25],"class_list":{"0":"post-210113","1":"post","2":"type-post","3":"status-publish","4":"format-standard","5":"has-post-thumbnail","7":"category-rennes","8":"tag-actu","9":"tag-actualites","10":"tag-bien-etre","11":"tag-bretagne","12":"tag-commerce","13":"tag-economie","14":"tag-eu","15":"tag-europe","16":"tag-fr","17":"tag-france","18":"tag-news","19":"tag-nouveaux-commerces","20":"tag-rennes","21":"tag-republique-francaise"},"share_on_mastodon":{"url":"https:\/\/pubeurope.com\/@fr\/114759240467044012","error":""},"_links":{"self":[{"href":"https:\/\/www.europesays.com\/fr\/wp-json\/wp\/v2\/posts\/210113","targetHints":{"allow":["GET"]}}],"collection":[{"href":"https:\/\/www.europesays.com\/fr\/wp-json\/wp\/v2\/posts"}],"about":[{"href":"https:\/\/www.europesays.com\/fr\/wp-json\/wp\/v2\/types\/post"}],"author":[{"embeddable":true,"href":"https:\/\/www.europesays.com\/fr\/wp-json\/wp\/v2\/users\/2"}],"replies":[{"embeddable":true,"href":"https:\/\/www.europesays.com\/fr\/wp-json\/wp\/v2\/comments?post=210113"}],"version-history":[{"count":0,"href":"https:\/\/www.europesays.com\/fr\/wp-json\/wp\/v2\/posts\/210113\/revisions"}],"wp:featuredmedia":[{"embeddable":true,"href":"https:\/\/www.europesays.com\/fr\/wp-json\/wp\/v2\/media\/210114"}],"wp:attachment":[{"href":"https:\/\/www.europesays.com\/fr\/wp-json\/wp\/v2\/media?parent=210113"}],"wp:term":[{"taxonomy":"category","embeddable":true,"href":"https:\/\/www.europesays.com\/fr\/wp-json\/wp\/v2\/categories?post=210113"},{"taxonomy":"post_tag","embeddable":true,"href":"https:\/\/www.europesays.com\/fr\/wp-json\/wp\/v2\/tags?post=210113"}],"curies":[{"name":"wp","href":"https:\/\/api.w.org\/{rel}","templated":true}]}}