{"id":210115,"date":"2025-06-28T05:03:05","date_gmt":"2025-06-28T05:03:05","guid":{"rendered":"https:\/\/www.europesays.com\/fr\/210115\/"},"modified":"2025-06-28T05:03:05","modified_gmt":"2025-06-28T05:03:05","slug":"aeroport-de-rennes-pourquoi-il-ne-decolle-pas","status":"publish","type":"post","link":"https:\/\/www.europesays.com\/fr\/210115\/","title":{"rendered":"A\u00e9roport de Rennes : pourquoi il ne d\u00e9colle pas"},"content":{"rendered":"<p>Abonn\u00e9s<\/p>\n<p>            \u00ab\u00a0On a atteint un seuil critique\u00a0\u00bb\u00a0: ce qui explique la mauvaise fr\u00e9quentation de l\u2018a\u00e9roport de Rennes<\/p>\n<p class=\"tlg-lead tlg-p1\">Pour expliquer les mauvais chiffres de fr\u00e9quentation de l\u2019a\u00e9roport de Rennes, Micha\u00ebl Quernez, vice-pr\u00e9sident de la R\u00e9gion bretagne, pointe la concurrence de Nantes Atlantique et une hausse des taxes, qui pourraient \u00eatre fatales \u00e0 l\u2019infrastructure.<\/p>\n","protected":false},"excerpt":{"rendered":"Abonn\u00e9s \u00ab\u00a0On a atteint un seuil critique\u00a0\u00bb\u00a0: ce qui explique la mauvaise fr\u00e9quentation de l\u2018a\u00e9roport de Rennes Pour&hellip;\n","protected":false},"author":2,"featured_media":210116,"comment_status":"","ping_status":"","sticky":false,"template":"","format":"standard","meta":{"footnotes":""},"categories":[2821],"tags":[1111,11,34929,829,1777,674,1011,27,12,1935,584,25],"class_list":{"0":"post-210115","1":"post","2":"type-post","3":"status-publish","4":"format-standard","5":"has-post-thumbnail","7":"category-rennes","8":"tag-actu","9":"tag-actualites","10":"tag-bloc-dossier-rennes","11":"tag-bretagne","12":"tag-eu","13":"tag-europe","14":"tag-fr","15":"tag-france","16":"tag-news","17":"tag-pres-de-chez-vous","18":"tag-rennes","19":"tag-republique-francaise"},"share_on_mastodon":{"url":"https:\/\/pubeurope.com\/@fr\/114759244546147414","error":""},"_links":{"self":[{"href":"https:\/\/www.europesays.com\/fr\/wp-json\/wp\/v2\/posts\/210115","targetHints":{"allow":["GET"]}}],"collection":[{"href":"https:\/\/www.europesays.com\/fr\/wp-json\/wp\/v2\/posts"}],"about":[{"href":"https:\/\/www.europesays.com\/fr\/wp-json\/wp\/v2\/types\/post"}],"author":[{"embeddable":true,"href":"https:\/\/www.europesays.com\/fr\/wp-json\/wp\/v2\/users\/2"}],"replies":[{"embeddable":true,"href":"https:\/\/www.europesays.com\/fr\/wp-json\/wp\/v2\/comments?post=210115"}],"version-history":[{"count":0,"href":"https:\/\/www.europesays.com\/fr\/wp-json\/wp\/v2\/posts\/210115\/revisions"}],"wp:featuredmedia":[{"embeddable":true,"href":"https:\/\/www.europesays.com\/fr\/wp-json\/wp\/v2\/media\/210116"}],"wp:attachment":[{"href":"https:\/\/www.europesays.com\/fr\/wp-json\/wp\/v2\/media?parent=210115"}],"wp:term":[{"taxonomy":"category","embeddable":true,"href":"https:\/\/www.europesays.com\/fr\/wp-json\/wp\/v2\/categories?post=210115"},{"taxonomy":"post_tag","embeddable":true,"href":"https:\/\/www.europesays.com\/fr\/wp-json\/wp\/v2\/tags?post=210115"}],"curies":[{"name":"wp","href":"https:\/\/api.w.org\/{rel}","templated":true}]}}