{"id":210117,"date":"2025-06-28T05:04:10","date_gmt":"2025-06-28T05:04:10","guid":{"rendered":"https:\/\/www.europesays.com\/fr\/210117\/"},"modified":"2025-06-28T05:04:10","modified_gmt":"2025-06-28T05:04:10","slug":"eurometropole-de-strasbourg-investissements-records-en-2024-preparer-lavenir-coute-cher","status":"publish","type":"post","link":"https:\/\/www.europesays.com\/fr\/210117\/","title":{"rendered":"Eurom\u00e9tropole de Strasbourg. Investissements records en 2024\u00a0: pr\u00e9parer l\u2019avenir co\u00fbte cher"},"content":{"rendered":"<p>Pour sa derni\u00e8re pr\u00e9sentation des comptes du mandat, la pr\u00e9sidente de l\u2019Eurom\u00e9tropole de Strasbourg (EMS), qui a annonc\u00e9 <a href=\"https:\/\/www.dna.fr\/politique\/2025\/06\/11\/pia-imbs-ne-briguera-pas-de-nouveau-mandat-en-2026\" target=\"_blank\" rel=\"noopener\">ne pas se repr\u00e9senter en 2026<\/a> , tenait visiblement \u00e0 conclure sur une note positive. Dans son mot d\u2019introduction, <a href=\"https:\/\/www.dna.fr\/p\/pia-imbs\" target=\"_blank\" rel=\"noopener\">Pia Imbs<\/a> a mis en avant son action de transformation du territoire et son ambition de \u00ab\u00a0pr\u00e9parer l\u2019avenir\u00a0\u00bb gr\u00e2ce \u00e0 des investissements cons\u00e9quents, malgr\u00e9 un contexte \u00e9conomique et politique incertain. L\u2019occasion aussi, pour elle, de dresser un bilan de ses cinq ann\u00e9es de politique volontariste.<\/p>\n<p>Une dette \u00ab\u00a0100\u00a0% s\u00e9curis\u00e9e\u00a0\u00bb<\/p>\n<p>Deux chiffres viennent illustrer ce cap et conforter ses ambitions\u00a0: \u00ab\u00a0276\u00a0millions d\u2019euros d\u2019investissements op\u00e9rationnels ont \u00e9t\u00e9 r\u00e9alis\u00e9s (contre 237\u00a0millions en 2023), a-t-elle rappel\u00e9. C\u2019est un niveau in\u00e9dit qui montre l\u2019acc\u00e9l\u00e9ration de notre volont\u00e9 d\u2019\u00e9quiper le territoire.\u00a0\u00bb Elle a cit\u00e9 p\u00eale-m\u00eale les projets en cours. Parmi eux\u00a0: <a href=\"https:\/\/www.dna.fr\/politique\/2025\/01\/03\/le-tram-garde-le-cap-a-l-ouest\" target=\"_blank\" rel=\"noopener\">l\u2019extension&#8230;<\/a><\/p>\n","protected":false},"excerpt":{"rendered":"Pour sa derni\u00e8re pr\u00e9sentation des comptes du mandat, la pr\u00e9sidente de l\u2019Eurom\u00e9tropole de Strasbourg (EMS), qui a annonc\u00e9&hellip;\n","protected":false},"author":2,"featured_media":210118,"comment_status":"","ping_status":"","sticky":false,"template":"","format":"standard","meta":{"footnotes":""},"categories":[2820],"tags":[1111,11,2880,1777,674,107,1011,27,775,3539,6319,12,3541,316,25,640,2879],"class_list":{"0":"post-210117","1":"post","2":"type-post","3":"status-publish","4":"format-standard","5":"has-post-thumbnail","7":"category-strasbourg","8":"tag-actu","9":"tag-actualites","10":"tag-edition-strasbourg","11":"tag-eu","12":"tag-europe","13":"tag-fil-info","14":"tag-fr","15":"tag-france","16":"tag-grand-est","17":"tag-les-ecologistes","18":"tag-les-republicains","19":"tag-news","20":"tag-parti-socialiste","21":"tag-politique","22":"tag-republique-francaise","23":"tag-strasbourg","24":"tag-strasbourg-ville"},"share_on_mastodon":{"url":"https:\/\/pubeurope.com\/@fr\/114759248358413429","error":""},"_links":{"self":[{"href":"https:\/\/www.europesays.com\/fr\/wp-json\/wp\/v2\/posts\/210117","targetHints":{"allow":["GET"]}}],"collection":[{"href":"https:\/\/www.europesays.com\/fr\/wp-json\/wp\/v2\/posts"}],"about":[{"href":"https:\/\/www.europesays.com\/fr\/wp-json\/wp\/v2\/types\/post"}],"author":[{"embeddable":true,"href":"https:\/\/www.europesays.com\/fr\/wp-json\/wp\/v2\/users\/2"}],"replies":[{"embeddable":true,"href":"https:\/\/www.europesays.com\/fr\/wp-json\/wp\/v2\/comments?post=210117"}],"version-history":[{"count":0,"href":"https:\/\/www.europesays.com\/fr\/wp-json\/wp\/v2\/posts\/210117\/revisions"}],"wp:featuredmedia":[{"embeddable":true,"href":"https:\/\/www.europesays.com\/fr\/wp-json\/wp\/v2\/media\/210118"}],"wp:attachment":[{"href":"https:\/\/www.europesays.com\/fr\/wp-json\/wp\/v2\/media?parent=210117"}],"wp:term":[{"taxonomy":"category","embeddable":true,"href":"https:\/\/www.europesays.com\/fr\/wp-json\/wp\/v2\/categories?post=210117"},{"taxonomy":"post_tag","embeddable":true,"href":"https:\/\/www.europesays.com\/fr\/wp-json\/wp\/v2\/tags?post=210117"}],"curies":[{"name":"wp","href":"https:\/\/api.w.org\/{rel}","templated":true}]}}