{"id":210119,"date":"2025-06-28T05:05:11","date_gmt":"2025-06-28T05:05:11","guid":{"rendered":"https:\/\/www.europesays.com\/fr\/210119\/"},"modified":"2025-06-28T05:05:11","modified_gmt":"2025-06-28T05:05:11","slug":"alsace-a-strasbourg-et-colmar-ecologistes-et-syndicats-agricoles-se-mobilisent-contre-la-loi-duplomb","status":"publish","type":"post","link":"https:\/\/www.europesays.com\/fr\/210119\/","title":{"rendered":"Alsace. \u00c0 Strasbourg et Colmar, \u00e9cologistes et syndicats agricoles se mobilisent contre la loi Duplomb"},"content":{"rendered":"<p>Des dizaines de manifestations sont organis\u00e9es dans plusieurs villes en France, dont Strasbourg et Colmar, par des associations de protection de la nature, des syndicats agricoles, des collectifs et citoyens, dimanche 29\u00a0juin, contre la <a href=\"https:\/\/www.lalsace.fr\/economie\/2025\/05\/26\/loi-agricole-la-motion-de-rejet-de-la-loi-duplomb-votee-une-commission-mixte-paritaire-se-reunira\" target=\"_blank\" rel=\"nofollow noopener\">loi Duplomb<\/a> qui sera discut\u00e9e, lundi 30\u00a0juin, par des d\u00e9put\u00e9s et s\u00e9nateurs r\u00e9unis en Commission mixte paritaire. Pour les opposants \u00e0 ce texte, cette \u00ab\u00a0loi pr\u00e9tend \u00ab\u00a0lever les contraintes \u00e0 l\u2019exercice du m\u00e9tier d\u2019agriculteur\u00a0\u00bb, mais acc\u00e9l\u00e8re en r\u00e9alit\u00e9 la disparition de l\u2019agriculture paysanne et \u00e9cologique, pour uniquement satisfaire les int\u00e9r\u00eats de l\u2019agrobusiness.\u00a0Elle tourne le dos \u00e0 la transition \u00e9cologique et \u00e0 la souverainet\u00e9 alimentaire\u00a0\u00bb. Et d\u2019expliquer que la loi Duplomb pr\u00e9voit \u00ab\u00a0la r\u00e9introduction de certains pesticides, facilite la cr\u00e9ation de m\u00e9gabassines et d\u2019\u00e9levages industriels ainsi que la destruction des zones humides\u00a0\u00bb.<\/p>\n<p>\u00c0 Strasbourg, Alsace nature, la LPO Alsace, l\u2019UNAF se rassembleront dimanche 29\u00a0juin \u00e0 9\u00a0h\u00a030 place de la R\u00e9publique. \u00c0 Colmar, Alsace nature, la LPO Alsace et la Conf\u00e9d\u00e9ration paysanne se retrouveront devant la pr\u00e9fecture dimanche \u00e0 11\u00a0h\u00a000.<\/p>\n","protected":false},"excerpt":{"rendered":"Des dizaines de manifestations sont organis\u00e9es dans plusieurs villes en France, dont Strasbourg et Colmar, par des associations&hellip;\n","protected":false},"author":2,"featured_media":210120,"comment_status":"","ping_status":"","sticky":false,"template":"","format":"standard","meta":{"footnotes":""},"categories":[2820],"tags":[1111,11,327,2389,33,1777,674,107,1011,27,775,12,25,640],"class_list":{"0":"post-210119","1":"post","2":"type-post","3":"status-publish","4":"format-standard","5":"has-post-thumbnail","7":"category-strasbourg","8":"tag-actu","9":"tag-actualites","10":"tag-agriculture","11":"tag-alsace","12":"tag-economie","13":"tag-eu","14":"tag-europe","15":"tag-fil-info","16":"tag-fr","17":"tag-france","18":"tag-grand-est","19":"tag-news","20":"tag-republique-francaise","21":"tag-strasbourg"},"share_on_mastodon":{"url":"https:\/\/pubeurope.com\/@fr\/114759252317702437","error":""},"_links":{"self":[{"href":"https:\/\/www.europesays.com\/fr\/wp-json\/wp\/v2\/posts\/210119","targetHints":{"allow":["GET"]}}],"collection":[{"href":"https:\/\/www.europesays.com\/fr\/wp-json\/wp\/v2\/posts"}],"about":[{"href":"https:\/\/www.europesays.com\/fr\/wp-json\/wp\/v2\/types\/post"}],"author":[{"embeddable":true,"href":"https:\/\/www.europesays.com\/fr\/wp-json\/wp\/v2\/users\/2"}],"replies":[{"embeddable":true,"href":"https:\/\/www.europesays.com\/fr\/wp-json\/wp\/v2\/comments?post=210119"}],"version-history":[{"count":0,"href":"https:\/\/www.europesays.com\/fr\/wp-json\/wp\/v2\/posts\/210119\/revisions"}],"wp:featuredmedia":[{"embeddable":true,"href":"https:\/\/www.europesays.com\/fr\/wp-json\/wp\/v2\/media\/210120"}],"wp:attachment":[{"href":"https:\/\/www.europesays.com\/fr\/wp-json\/wp\/v2\/media?parent=210119"}],"wp:term":[{"taxonomy":"category","embeddable":true,"href":"https:\/\/www.europesays.com\/fr\/wp-json\/wp\/v2\/categories?post=210119"},{"taxonomy":"post_tag","embeddable":true,"href":"https:\/\/www.europesays.com\/fr\/wp-json\/wp\/v2\/tags?post=210119"}],"curies":[{"name":"wp","href":"https:\/\/api.w.org\/{rel}","templated":true}]}}