{"id":210122,"date":"2025-06-28T05:07:09","date_gmt":"2025-06-28T05:07:09","guid":{"rendered":"https:\/\/www.europesays.com\/fr\/210122\/"},"modified":"2025-06-28T05:07:09","modified_gmt":"2025-06-28T05:07:09","slug":"le-centre-ville-boucle-pour-lironman","status":"publish","type":"post","link":"https:\/\/www.europesays.com\/fr\/210122\/","title":{"rendered":"le centre-ville boucl\u00e9 pour l&rsquo;Ironman"},"content":{"rendered":"<p>            Par<br \/>\n        <strong><br \/>\n            <a href=\"https:\/\/actu.fr\/auteur\/redaction-nice\" title=\"Consulter tous les articles de R\u00e9daction Nice\" rel=\"nofollow noopener\" target=\"_blank\">R\u00e9daction Nice<\/a><br \/>\n        <\/strong><\/p>\n<p>        Publi\u00e9 le<\/p>\n<p>            28 juin 2025 \u00e0 6h10        <\/p>\n<p>3,8\u00a0km de natation dans la M\u00e9diterran\u00e9e, 180 kilom\u00e8tres de v\u00e9lo et 42,195\u00a0km de course \u00e0 pied. Pour ses 20\u00a0ans, l\u2019<strong>Ironman<\/strong> est de retour \u00e0 <a href=\"https:\/\/actu.fr\/nice\/\" rel=\"nofollow noopener\" target=\"_blank\">Nice<\/a> ce dimanche 29\u00a0juin. Le village sera install\u00e9 au jardin Albert Ier, du jeudi 26\u00a0juin apr\u00e8s-midi au dimanche 29\u00a0juin 17h.<\/p>\n<p class=\" wall-content\">Le d\u00e9part de l\u2019Ironman 70.3 pro sera donn\u00e9 le dimanche \u00e0 6\u2009h\u200920 au niveau de la plage des Ponchettes. Les autres participants partiront \u00e0 7\u2009h\u200930. Le premier triathl\u00e8te est attendu \u00e0 l\u2019arriv\u00e9e d\u00e8s 10\u2009h\u200920.<\/p>\n<p>    <a href=\"https:\/\/www.google.com\/maps\/embed?pb=!1m18!1m12!1m3!1d1442.381421702326!2d7.274880369660593!3d43.69469356785436!2m3!1f0!2f0!3f0!3m2!1i1024!2i768!4f13.1!3m3!1m2!1s0x12cddaa2c8ab5fbd%3A0xa895f53a50b7dab5!2sPlage%20des%20Ponchettes!5e0!3m2!1sfr!2sfr!4v1750934348335!5m2!1sfr!2sfr\" title=\"Ouvrie le lien\" rel=\"nofollow noopener\" target=\"_blank\">Cliquez ici pour visualiser le contenu<\/a><\/p>\n<p>Des fermetures d\u00e8s le samedi<\/p>\n<p class=\" wall-content\">Il sera compliqu\u00e9 de circuler dans le centre de Nice, aux abords de la Promenade des Anglais \u00e0 partir de samedi soir. Pour se rendre dans la ville ou aux alentours, privil\u00e9giez le tramway, la Voie Mathis ou l\u2019A8.<\/p>\n<p class=\" wall-content\">Voici les routes ferm\u00e9es dans le centre de Nice\u2009:<\/p>\n<p>Vid\u00e9os : en ce moment sur Actu<\/p>\n<p class=\" wall-content\"><strong>Du samedi 28\u00a0juin \u00e0 20h au lundi 30\u00a0juin \u00e0 5h\u2009:<\/strong><\/p>\n<ul class=\" wall-content\">\n<li>Promenade des Anglais chauss\u00e9e nord entre l\u2019avenue Max Gallo et l\u2019avenue de Verdun<\/li>\n<li>Avenue de Verdun entre l\u2019avenue de Su\u00e8de et la Promenade des Anglais<\/li>\n<\/ul>\n<p class=\" wall-content\"><strong>Du dimanche 29\u00a0juin \u00e0 00\u2009h\u200901 au lundi 30\u00a0juin \u00e0 5h\u2009:<\/strong><\/p>\n<ul class=\" wall-content\">\n<li>Quai des \u00c9tats-Unis et quai Rauba Capeu depuis la place Guynemer. Exception faite aux v\u00e9hicules sortant de la rue des Ponchettes\u2009; ils seront dirig\u00e9s vers le port par la place du 8\u00a0Mai.<\/li>\n<li>Avenue Max Gallo, entre la Promenade des Anglais et la place Mass\u00e9na<\/li>\n<li>Chauss\u00e9e Nord de la Promenade des Anglais, entre l\u2019avenue de Verdun et le boulevard Gambetta<\/li>\n<li>Rue Raoul Bosio, entre la rue Saint-Fran\u00e7ois-de-Paule et le quai des \u00c9tats-Unis<\/li>\n<li>Rue Milton Robbins<\/li>\n<li>Rue Br\u00e9a<\/li>\n<li>Rue Van Loo<\/li>\n<li>Chauss\u00e9e sud de la Promenade des Anglais, entre la rue Sauvan et l\u2019avenue Max Gallo<\/li>\n<\/ul>\n<p class=\" wall-content\">L\u2019acc\u00e8s au tunnel Liautaud par l\u2019avenue Max Gallo sera ferm\u00e9 \u00e0 la circulation ainsi que tous les axes perpendiculaires \u00e0 la Promenade des Anglais entre le boulevard Gambetta et l\u2019avenue Max Gallo.<\/p>\n<p>Circulation compliqu\u00e9e \u00e0 l\u2019ouest de Nice<\/p>\n<p class=\" wall-content\">L\u2019ouest de la ville sera aussi impact\u00e9. Voici les routes ferm\u00e9es\u2009:<\/p>\n<p class=\" wall-content\"><strong>Du dimanche 29\u00a0juin \u00e0 2h au lundi 30\u00a0juin \u00e0 2h\u2009:<\/strong><\/p>\n<ul class=\" wall-content\">\n<li>Promenade des Anglais, chauss\u00e9e sud, de l\u2019avenue des Grenouill\u00e8res \u00e0 la rue Sauvan<\/li>\n<li>Tunnel de Magnan<\/li>\n<li>Port de Carras<\/li>\n<li>Promenade des Anglais, chauss\u00e9e nord, du boulevard Gambetta au carrefour de l\u2019avenue des Grenouill\u00e8res<\/li>\n<li>Avenue du capitaine Ferber<\/li>\n<\/ul>\n<p class=\" wall-content\">Toutes les routes perpendiculaires \u00e0 la promenade des Anglais entre l\u2019avenue des Grenouill\u00e8res et le boulevard Gambetta seront mises en impasse.<\/p>\n<p class=\" wall-content\">Pour se rendre dans le Vieux-Nice, l\u2019acc\u00e8s se fera du dimanche minuit au lundi 5h par la descente Crotti et la sortie par la descente Auguste Escoffier.<\/p>\n<p>Les alentours de l\u2019a\u00e9roport ferm\u00e9s<\/p>\n<p class=\" wall-content\">Les routes proches de l\u2019a\u00e9roport seront pour la plupart ferm\u00e9es \u00e0 la circulation, en d\u00e9tail\u2009:<\/p>\n<p class=\" wall-content\"><strong>Le dimanche 29\u00a0juin de 5h \u00e0 19\u2009h\u200930\u2009:<\/strong><\/p>\n<ul class=\" wall-content\">\n<li>Le Pont Napol\u00e9on III jusqu\u2019au carrefour de l\u2019avenue des Grenouill\u00e8res sur deux voies<\/li>\n<li>Acc\u00e8s et sorties de l\u2019A\u00e9roport par la Promenade des Anglais ferm\u00e9s<\/li>\n<li>Acc\u00e8s et sorties de l\u2019A\u00e9roport uniquement par M6007 et M99 Digue des Fran\u00e7ais<\/li>\n<\/ul>\n<p class=\" wall-content\">Toutes les voies donnant acc\u00e8s \u00e0 la chauss\u00e9e sud entre le Pont Napol\u00e9on III et l\u2019avenue des Grenouill\u00e8res dont les liaisons avec le boulevard Georges Pompidou et l\u2019A\u00e9roport seront barricad\u00e9es.<\/p>\n<p class=\" wall-content\">Si vous souhaitez passer le week-end dans l\u2019arri\u00e8re-pays ni\u00e7ois, <strong>pensez \u00e0 v\u00e9rifier la circulation en amont<\/strong>. L\u2019\u00e9preuve de v\u00e9lo se tiendra jusqu\u2019au pied du col de Vence, en passant par Saint-Jeannet avec l\u2019ascension du Col de l\u2019\u00c9cre par les Gorges du Loup. Puis la redescente se fera par Gr\u00e9oli\u00e8res, Le Broc et Gatti\u00e8res pour un retour sur la Promenade des Anglais.<\/p>\n<p class=\" wall-content\"><strong>Par Florine Amenta<\/strong><\/p>\n<p class=\" wall-content\">Suivez toute l\u2019actualit\u00e9 de vos villes et m\u00e9dias favoris en vous inscrivant \u00e0 <a href=\"https:\/\/moncompte.actu.fr\" title=\"D\u00e9couvez Mon Actu\" rel=\"nofollow noopener\" data-trk=\"{&quot;cta&quot;:{&quot;action&quot;:&quot;https:\\\/\\\/moncompte.actu.fr&quot;,&quot;category&quot;:&quot;mon compte&quot;,&quot;from&quot;:&quot;article footer&quot;,&quot;name&quot;:&quot;Mon actu&quot;,&quot;type&quot;:&quot;cta&quot;}}\" target=\"_blank\">Mon Actu<\/a>.<\/p>\n","protected":false},"excerpt":{"rendered":"Par R\u00e9daction Nice Publi\u00e9 le 28 juin 2025 \u00e0 6h10 3,8\u00a0km de natation dans la M\u00e9diterran\u00e9e, 180 kilom\u00e8tres&hellip;\n","protected":false},"author":2,"featured_media":210123,"comment_status":"","ping_status":"","sticky":false,"template":"","format":"standard","meta":{"footnotes":""},"categories":[2819],"tags":[1111,11,3542,1777,674,1011,27,12,2401,882,25,60,2803],"class_list":{"0":"post-210122","1":"post","2":"type-post","3":"status-publish","4":"format-standard","5":"has-post-thumbnail","7":"category-nice","8":"tag-actu","9":"tag-actualites","10":"tag-circulation","11":"tag-eu","12":"tag-europe","13":"tag-fr","14":"tag-france","15":"tag-news","16":"tag-nice","17":"tag-provence-alpes-cote-dazur","18":"tag-republique-francaise","19":"tag-sports","20":"tag-transport"},"share_on_mastodon":{"url":"https:\/\/pubeurope.com\/@fr\/114759260141771249","error":""},"_links":{"self":[{"href":"https:\/\/www.europesays.com\/fr\/wp-json\/wp\/v2\/posts\/210122","targetHints":{"allow":["GET"]}}],"collection":[{"href":"https:\/\/www.europesays.com\/fr\/wp-json\/wp\/v2\/posts"}],"about":[{"href":"https:\/\/www.europesays.com\/fr\/wp-json\/wp\/v2\/types\/post"}],"author":[{"embeddable":true,"href":"https:\/\/www.europesays.com\/fr\/wp-json\/wp\/v2\/users\/2"}],"replies":[{"embeddable":true,"href":"https:\/\/www.europesays.com\/fr\/wp-json\/wp\/v2\/comments?post=210122"}],"version-history":[{"count":0,"href":"https:\/\/www.europesays.com\/fr\/wp-json\/wp\/v2\/posts\/210122\/revisions"}],"wp:featuredmedia":[{"embeddable":true,"href":"https:\/\/www.europesays.com\/fr\/wp-json\/wp\/v2\/media\/210123"}],"wp:attachment":[{"href":"https:\/\/www.europesays.com\/fr\/wp-json\/wp\/v2\/media?parent=210122"}],"wp:term":[{"taxonomy":"category","embeddable":true,"href":"https:\/\/www.europesays.com\/fr\/wp-json\/wp\/v2\/categories?post=210122"},{"taxonomy":"post_tag","embeddable":true,"href":"https:\/\/www.europesays.com\/fr\/wp-json\/wp\/v2\/tags?post=210122"}],"curies":[{"name":"wp","href":"https:\/\/api.w.org\/{rel}","templated":true}]}}