{"id":210131,"date":"2025-06-28T05:12:10","date_gmt":"2025-06-28T05:12:10","guid":{"rendered":"https:\/\/www.europesays.com\/fr\/210131\/"},"modified":"2025-06-28T05:12:10","modified_gmt":"2025-06-28T05:12:10","slug":"week-end-immersif-et-nuit-a-la-cite-de-lespace-a-toulouse-pour-les-enfants-des-quartiers-prioritaires","status":"publish","type":"post","link":"https:\/\/www.europesays.com\/fr\/210131\/","title":{"rendered":"Week-end immersif et nuit \u00e0 la Cit\u00e9 de l\u2019Espace \u00e0 Toulouse pour les enfants des quartiers prioritaires"},"content":{"rendered":"<p class=\"paragraph text_align_left lp-f-body-02\">Rendre la culture scientifique accessible \u00e0 tous les enfants, m\u00eame ceux des quartiers populaires. C\u2019est la philosophie de Space Adventure ce samedi 28 et dimanche 29 juin \u00e0 la <a href=\"https:\/\/www.leparisien.fr\/haute-garonne-31\/une-jolie-nostalgie-a-toulouse-la-cite-de-lespace-offre-une-nouvelle-vie-a-la-station-mir-12-04-2025-7IG5T3PLMFHQLIP7WMBSB5KHSY.php\" target=\"_self\" rel=\"noopener\">Cit\u00e9 de l\u2019espace \u00e0 Toulouse<\/a> (Haute-Garonne) durant laquelle une quarantaine d\u2019enfants et leurs familles issus de quartiers prioritaires de la m\u00e9tropole vivront une v\u00e9ritable immersion dans l\u2019univers spatial.<\/p>\n<p class=\"paragraph text_align_left lp-f-body-02\">Recrut\u00e9s notamment gr\u00e2ce au partenariat avec l\u2019association Cultures du C\u0153ur, les enfants et leurs familles suivront un programme d\u2019activit\u00e9s sur-mesure m\u00ealant ateliers scientifiques, observation astronomique, rencontres avec des professionnels du spatial et animations ludiques.<\/p>\n<p class=\"paragraph text_align_left lp-f-body-02\">D\u00e8s leur arriv\u00e9e ce samedi matin, les enfants enfileront leur combinaison d\u2019astronaute, encadr\u00e9s par les m\u00e9diateurs scientifiques. La journ\u00e9e commencera en apprenant comment fonctionne une fus\u00e9e, avant de lancer eux-m\u00eames des mod\u00e8les \u00e0 eau. Puis ils encha\u00eeneront avec des activit\u00e9s ludiques pour d\u00e9couvrir les myst\u00e8res de la Lune, de Mars ou encore des com\u00e8tes.<\/p>\n<p class=\"paragraph text_align_left lp-f-body-02\">Une fois la nuit tomb\u00e9e et la Cit\u00e9 de l\u2019espace ferm\u00e9e au public, les familles rejoindront leurs enfants et prendront place dans les jardins pour observer, \u00e0 l\u2019\u0153il nu ou au t\u00e9lescope, les constellations et plan\u00e8tes visibles ce soir-l\u00e0. Enfin, tous passeront la nuit dans le campement des astronautes, au c\u0153ur du parc \u00e0 th\u00e8me.<\/p>\n<p class=\"paragraph text_align_left lp-f-body-02\">Le groupe sera accompagn\u00e9 par Allan Petre, jeune homme de 24 ans originaire de Seine-Saint-Denis devenu l\u2019an dernier le plus jeune ing\u00e9nieur fran\u00e7ais de la NASA au Jet propulsion Laboratory, un des centres de recherche de l\u2019agence spatiale am\u00e9ricaine. Tr\u00e8s impliqu\u00e9 dans la vulgarisation du spatial et dans l\u2019\u00e9ducation, il sera pr\u00e9sent pour \u00e9changer avec les plus jeunes et peut-\u00eatre susciter des vocations et de lever des limites que les familles se posent parfois. Le dimanche matin, apr\u00e8s un petit-d\u00e9jeuner et avoir fait sa toilette comme les astronautes, des ateliers \u00e0 faire en bin\u00f4me parent-enfant sont pr\u00e9vus.<\/p>\n<p class=\"paragraph text_align_left lp-f-body-02\">Tasnim, 13 ans, et Ritaj, 8 ans, font partie des enfants qui vont vivre ce dr\u00f4le de week-end \u00e0 la Cit\u00e9 de l\u2019Espace, en compagnie de leur m\u00e8re Soukaine Aloul et son mari. La famille est accompagn\u00e9e par l\u2019association Alliances et Cultures, bas\u00e9e aux 7 Deniers. Si la famille a d\u00e9j\u00e0 visit\u00e9 la Cit\u00e9 de l\u2019Espace auparavant, elle compte bien profiter de cet \u00e9v\u00e9nement exceptionnel pour en apprendre plus gr\u00e2ce aux animateurs.<\/p>\n<p>\u00ab Comment \u00e7a se passe sur la lune ? \u00bb<\/p>\n<p class=\"paragraph text_align_left lp-f-body-02\">\u00ab J\u2019ai l\u2019impression que l\u2019on va bien s\u2019amuser, qu\u2019on va apprendre de nouvelles choses qu\u2019on ne conna\u00eet pas, s\u2019enthousiasme Tasnim. Je suis int\u00e9ress\u00e9e par l\u2019espace et je me demande si nous ne sommes pas seuls dans l\u2019univers. Et j\u2019aimerais savoir comment cela se passe sur la Lune \u00bb.<\/p>\n<p class=\"paragraph text_align_left lp-f-body-02\">Sa maman Soukhaine a \u00e9t\u00e9 l\u2019une des premi\u00e8res familles \u00e0 s\u2019inscrire. \u00ab Cela va \u00eatre une belle exp\u00e9rience pour toute notre famille, c\u2019\u00e9tait une chance \u00e0 ne pas rater \u00bb, sourit-elle. Ce projet b\u00e9n\u00e9ficie chaque ann\u00e9e du soutien de la MGEN, du CNES et de l\u2019ESA et s\u2019inscrit dans le contrat de ville de Toulouse M\u00e9tropole.<\/p>\n","protected":false},"excerpt":{"rendered":"Rendre la culture scientifique accessible \u00e0 tous les enfants, m\u00eame ceux des quartiers populaires. C\u2019est la philosophie de&hellip;\n","protected":false},"author":2,"featured_media":210132,"comment_status":"","ping_status":"","sticky":false,"template":"","format":"standard","meta":{"footnotes":""},"categories":[2816],"tags":[1111,917,11,459,1777,674,1011,27,4623,12,2680,25,2312],"class_list":{"0":"post-210131","1":"post","2":"type-post","3":"status-publish","4":"format-standard","5":"has-post-thumbnail","7":"category-toulouse","8":"tag-actu","9":"tag-actu-locale","10":"tag-actualites","11":"tag-departements-horsidfo","12":"tag-eu","13":"tag-europe","14":"tag-fr","15":"tag-france","16":"tag-haute-garonne-31","17":"tag-news","18":"tag-occitanie","19":"tag-republique-francaise","20":"tag-toulouse"},"share_on_mastodon":{"url":"https:\/\/pubeurope.com\/@fr\/114759280033869165","error":""},"_links":{"self":[{"href":"https:\/\/www.europesays.com\/fr\/wp-json\/wp\/v2\/posts\/210131","targetHints":{"allow":["GET"]}}],"collection":[{"href":"https:\/\/www.europesays.com\/fr\/wp-json\/wp\/v2\/posts"}],"about":[{"href":"https:\/\/www.europesays.com\/fr\/wp-json\/wp\/v2\/types\/post"}],"author":[{"embeddable":true,"href":"https:\/\/www.europesays.com\/fr\/wp-json\/wp\/v2\/users\/2"}],"replies":[{"embeddable":true,"href":"https:\/\/www.europesays.com\/fr\/wp-json\/wp\/v2\/comments?post=210131"}],"version-history":[{"count":0,"href":"https:\/\/www.europesays.com\/fr\/wp-json\/wp\/v2\/posts\/210131\/revisions"}],"wp:featuredmedia":[{"embeddable":true,"href":"https:\/\/www.europesays.com\/fr\/wp-json\/wp\/v2\/media\/210132"}],"wp:attachment":[{"href":"https:\/\/www.europesays.com\/fr\/wp-json\/wp\/v2\/media?parent=210131"}],"wp:term":[{"taxonomy":"category","embeddable":true,"href":"https:\/\/www.europesays.com\/fr\/wp-json\/wp\/v2\/categories?post=210131"},{"taxonomy":"post_tag","embeddable":true,"href":"https:\/\/www.europesays.com\/fr\/wp-json\/wp\/v2\/tags?post=210131"}],"curies":[{"name":"wp","href":"https:\/\/api.w.org\/{rel}","templated":true}]}}