{"id":210133,"date":"2025-06-28T05:13:09","date_gmt":"2025-06-28T05:13:09","guid":{"rendered":"https:\/\/www.europesays.com\/fr\/210133\/"},"modified":"2025-06-28T05:13:09","modified_gmt":"2025-06-28T05:13:09","slug":"begles-toulouse-sur-quelle-chaine-et-a-quelle-heure-voir-la-finale-du-top-14","status":"publish","type":"post","link":"https:\/\/www.europesays.com\/fr\/210133\/","title":{"rendered":"B\u00e8gles &#8211; Toulouse : Sur quelle cha\u00eene et \u00e0 quelle heure voir la finale du Top 14 ?"},"content":{"rendered":"<p>La saison exceptionnelle de l\u2019UBB se terminera-t-elle en apoth\u00e9ose ? Samedi, les Girondins ont rendez-vous avec le Stade Toulousain, pour la finale r\u00eav\u00e9e du Top 14. Les r\u00e9cents champions d&rsquo;<a href=\"https:\/\/www.20minutes.fr\/dossier\/europe\" class=\"color-ultramarine c-link\" target=\"_blank\" rel=\"noopener\">Europe<\/a> courent apr\u00e8s le doubl\u00e9 et leur premier bouclier de Brennus, alors que le les Rouge-et-noir ont remport\u00e9 quatre fois le championnat lors des six derni\u00e8res saisons. Ce choc se jouera dans l&rsquo;enceinte du <a href=\"https:\/\/www.20minutes.fr\/sport\/stade_de_france\/\" class=\"color-ultramarine c-link\" target=\"_blank\" rel=\"noopener\">Stade de France<\/a> (<a href=\"https:\/\/www.20minutes.fr\/dossier\/saint-denis\" class=\"color-ultramarine c-link\" target=\"_blank\" rel=\"noopener\">Saint-Denis<\/a>).<\/p>\n<p>\u00c0 quelle heure et sur quelle cha\u00eene voir la finale UBB &#8211; Toulouse<\/p>\n<p>La finale du Top 14 sera diffus\u00e9e le samedi 28 juin \u00e0 21h05, en direct sur Canal + et Canal + Live 1 pour les abonn\u00e9s, ainsi que sur France 2, en clair.<\/p>\n<p>Bordeaux-B\u00e8gles sur un nuage<\/p>\n<p>Deuxi\u00e8mes de la phase r\u00e9guli\u00e8re, les Girondins ont ensuite battu <a href=\"https:\/\/www.20minutes.fr\/dossier\/toulon\" class=\"color-ultramarine c-link\" target=\"_blank\" rel=\"noopener\">Toulon<\/a> en demi-finale. D\u00e9j\u00e0 vainqueurs de leur <a href=\"https:\/\/www.20minutes.fr\/dossier\/premiere\" class=\"color-ultramarine c-link\" target=\"_blank\" rel=\"noopener\">premi\u00e8re<\/a> Champions Cup, les joueurs de Yannick Bru visent un doubl\u00e9 historique, eux qui n&rsquo;ont jamais remport\u00e9 le Top 14. Malheureux la saison pass\u00e9e en finale, d\u00e9j\u00e0 contre les Toulousains (3-59), ils voudront faire mieux et faire encore vibrer leurs supporteurs, d\u00e9cid\u00e9ment bien g\u00e2t\u00e9s cette <a href=\"https:\/\/www.20minutes.fr\/dossier\/saison\" class=\"color-ultramarine c-link\" target=\"_blank\" rel=\"noopener\">saison<\/a>. Ils ont d&rsquo;ailleurs battu trois fois les doubles champions de France en titre en 2024\/25 (12-16 et 32-24 en Top 14, 35-18 en demi-finale de Champions Cup).<\/p>\n<p class=\"mb-xxl@xs color-ultramarine font-weight-semi-bold@xs font-source-serif-pro heading-s@xs\">L\u2019acc\u00e8s \u00e0 ce contenu a \u00e9t\u00e9 bloqu\u00e9 afin de respecter votre choix de consentement<\/p>\n<p class=\"mb-m@xs text-l@xs\">En cliquant sur\u00ab J\u2019accepte \u00bb, vous acceptez le d\u00e9p\u00f4t de cookies par des services externes et aurez ainsi acc\u00e8s aux contenus de nos partenaires.<\/p>\n<p class=\"mb-xl@xs text-s@xs\">Plus d\u2019informations sur la page<a href=\"https:\/\/www.20minutes.fr\/gestion-cookies\" class=\"mx-xxs@xs color-ultramarine\" target=\"_blank\" rel=\"noopener\">Politique de gestion des cookies<\/a><\/p>\n<p>J\u2019accepteLe Stade Toulousain, orphelin d&rsquo;Antoine Dupont<\/p>\n<p>Sans son ma\u00eetre \u00e0 jouer <a href=\"https:\/\/www.20minutes.fr\/sport\/antoine-dupont\/\" class=\"color-ultramarine c-link\" target=\"_blank\" rel=\"noopener\">Antoine Dupont<\/a>, le club de la Ville Rose a tout de m\u00eame termin\u00e9 leader de la phase r\u00e9guli\u00e8re en signant un record historique de points marqu\u00e9s et meilleure d\u00e9fense du Top 14. En demi-finale, les Toulousains se sont d\u00e9faits de leurs voisins bayonnais (32-25). D\u00e9sormais, ils devront faire chuter le flambant champion d&rsquo;Europe, lors d&rsquo;une finale qui a tout d&rsquo;un remake de la saison derni\u00e8re. Cette fois-ci, l&rsquo;UBB semble arriver plus en confiance. Le Stade Toulousain, habitu\u00e9 des finales, devra se servir de son exp\u00e9rience pour s&rsquo;imposer.<\/p>\n","protected":false},"excerpt":{"rendered":"La saison exceptionnelle de l\u2019UBB se terminera-t-elle en apoth\u00e9ose ? Samedi, les Girondins ont rendez-vous avec le Stade&hellip;\n","protected":false},"author":2,"featured_media":210134,"comment_status":"","ping_status":"","sticky":false,"template":"","format":"standard","meta":{"footnotes":""},"categories":[2816],"tags":[1111,11,1777,674,1011,27,12,2680,25,479,517,476,478,2312,4364],"class_list":{"0":"post-210133","1":"post","2":"type-post","3":"status-publish","4":"format-standard","5":"has-post-thumbnail","7":"category-toulouse","8":"tag-actu","9":"tag-actualites","10":"tag-eu","11":"tag-europe","12":"tag-fr","13":"tag-france","14":"tag-news","15":"tag-occitanie","16":"tag-republique-francaise","17":"tag-rugby","18":"tag-sport","19":"tag-stade-toulousain","20":"tag-top-14","21":"tag-toulouse","22":"tag-ubb"},"share_on_mastodon":{"url":"https:\/\/pubeurope.com\/@fr\/114759283733346542","error":""},"_links":{"self":[{"href":"https:\/\/www.europesays.com\/fr\/wp-json\/wp\/v2\/posts\/210133","targetHints":{"allow":["GET"]}}],"collection":[{"href":"https:\/\/www.europesays.com\/fr\/wp-json\/wp\/v2\/posts"}],"about":[{"href":"https:\/\/www.europesays.com\/fr\/wp-json\/wp\/v2\/types\/post"}],"author":[{"embeddable":true,"href":"https:\/\/www.europesays.com\/fr\/wp-json\/wp\/v2\/users\/2"}],"replies":[{"embeddable":true,"href":"https:\/\/www.europesays.com\/fr\/wp-json\/wp\/v2\/comments?post=210133"}],"version-history":[{"count":0,"href":"https:\/\/www.europesays.com\/fr\/wp-json\/wp\/v2\/posts\/210133\/revisions"}],"wp:featuredmedia":[{"embeddable":true,"href":"https:\/\/www.europesays.com\/fr\/wp-json\/wp\/v2\/media\/210134"}],"wp:attachment":[{"href":"https:\/\/www.europesays.com\/fr\/wp-json\/wp\/v2\/media?parent=210133"}],"wp:term":[{"taxonomy":"category","embeddable":true,"href":"https:\/\/www.europesays.com\/fr\/wp-json\/wp\/v2\/categories?post=210133"},{"taxonomy":"post_tag","embeddable":true,"href":"https:\/\/www.europesays.com\/fr\/wp-json\/wp\/v2\/tags?post=210133"}],"curies":[{"name":"wp","href":"https:\/\/api.w.org\/{rel}","templated":true}]}}