{"id":210135,"date":"2025-06-28T05:14:13","date_gmt":"2025-06-28T05:14:13","guid":{"rendered":"https:\/\/www.europesays.com\/fr\/210135\/"},"modified":"2025-06-28T05:14:13","modified_gmt":"2025-06-28T05:14:13","slug":"depuis-lille-la-liaison-vers-cette-ville-ensoleillee-du-sud-va-etre-renforcee","status":"publish","type":"post","link":"https:\/\/www.europesays.com\/fr\/210135\/","title":{"rendered":"Depuis Lille, la liaison vers cette ville ensoleill\u00e9e du sud va \u00eatre renforc\u00e9e"},"content":{"rendered":"<p>            Par<br \/>\n        <strong><br \/>\n            <a href=\"https:\/\/actu.fr\/auteur\/amandine-vachez\" title=\"Consulter tous les articles de Amandine Vachez\" rel=\"nofollow noopener\" target=\"_blank\">Amandine Vachez<\/a><br \/>\n        <\/strong><\/p>\n<p>        Publi\u00e9 le<\/p>\n<p>            28 juin 2025 \u00e0 6h30        <\/p>\n<p>Voil\u00e0 qui devrait ravir les amateurs de l\u2019endroit ou celles et ceux qui ont de la famille localement. <b>Volotea<\/b> annonce un renfort d\u2019une de ses<b> lignes fran\u00e7aise en 2025<\/b>. La<b> liaison avec Perpignan<\/b>, dans les Pyr\u00e9n\u00e9es-Orientales, sera maintenue en<b> p\u00e9riode hivernale.<\/b><\/p>\n<p>Plusieurs vols par semaine<\/p>\n<p class=\" wall-content\">Volotea annonce l\u2019extension de sa liaison entre Lille et Perpignan tout au long de la saison hivernale, \u00e0 raison de <b>deux fr\u00e9quences par semaine.<\/b> \u00ab\u2009Cette initiative vient renforcer l\u2019offre domestique [entendez nationale, NLDR] de la compagnie et permettre aux voyageurs lillois d\u2019acc\u00e9der \u00e0 la douceur du climat m\u00e9diterran\u00e9en tout au long de l\u2019ann\u00e9e\u2009\u00bb, pr\u00e9cise la compagnie, fin juin 2025.<\/p>\n<p class=\" wall-content\">Disponibles \u00e0 la vente, ces vols suppl\u00e9mentaires \u2014 op\u00e9r\u00e9s <b>les jeudis et dimanches entre novembre et mars <\/b>\u2014 viennent compl\u00e9ter le programme existant de la compagnie et renforcent l\u2019acc\u00e8s \u00e0 Perpignan pour les voyageurs au d\u00e9part de Lille. Volotea indique ainsi \u00ab\u2009confirme [r] son engagement \u00e0 soutenir le d\u00e9veloppement de la connectivit\u00e9 int\u00e9rieure de l\u2019Hexagone.\u2009\u00bb<\/p>\n<p>\u00ab\u2009Une ligne pl\u00e9biscit\u00e9e par nos clients\u2009\u00bb<\/p>\n<p class=\" wall-content\">\u00ab\u2009Nous sommes tr\u00e8s heureux de maintenir une offre soutenue entre Lille et Perpignan, m\u00eame en hiver, d\u00e9clare Gilles Gosselin, Directeur France de Volotea. C\u2019est une ligne pl\u00e9biscit\u00e9e par nos clients qui t\u00e9moigne de la pertinence de notre mod\u00e8le\u2009: <b>connecter les capitales r\u00e9gionales entre elles avec des vols directs<\/b>, \u00e0 des prix comp\u00e9titifs, tout en garantissant un excellent niveau de service.\u2009\u00bb<\/p>\n<p class=\" wall-content\">Pour rappel, la compagnie a\u00e9rienne connecte Lille \u00e0 <b>31 destinations r\u00e9parties dans 8 pays<\/b>\u2009: la Bulgarie, la Croatie, l\u2019Espagne, la France, la Gr\u00e8ce, l\u2019Italie, le Maroc et le Portugal.<\/p>\n<p>Vid\u00e9os : en ce moment sur Actu<\/p>\n<p class=\" wall-content\">Suivez toute l\u2019actualit\u00e9 de vos villes et m\u00e9dias favoris en vous inscrivant \u00e0 <a href=\"https:\/\/moncompte.actu.fr\" title=\"D\u00e9couvez Mon Actu\" rel=\"nofollow noopener\" data-trk=\"{&quot;cta&quot;:{&quot;action&quot;:&quot;https:\\\/\\\/moncompte.actu.fr&quot;,&quot;category&quot;:&quot;mon compte&quot;,&quot;from&quot;:&quot;article footer&quot;,&quot;name&quot;:&quot;Mon actu&quot;,&quot;type&quot;:&quot;cta&quot;}}\" target=\"_blank\">Mon Actu<\/a>.<\/p>\n","protected":false},"excerpt":{"rendered":"Par Amandine Vachez Publi\u00e9 le 28 juin 2025 \u00e0 6h30 Voil\u00e0 qui devrait ravir les amateurs de l\u2019endroit&hellip;\n","protected":false},"author":2,"featured_media":210136,"comment_status":"","ping_status":"","sticky":false,"template":"","format":"standard","meta":{"footnotes":""},"categories":[2815],"tags":[1111,11,1777,674,1011,27,811,1307,12,25,104,602,586],"class_list":{"0":"post-210135","1":"post","2":"type-post","3":"status-publish","4":"format-standard","5":"has-post-thumbnail","7":"category-lille","8":"tag-actu","9":"tag-actualites","10":"tag-eu","11":"tag-europe","12":"tag-fr","13":"tag-france","14":"tag-hauts-de-france","15":"tag-lille","16":"tag-news","17":"tag-republique-francaise","18":"tag-societe","19":"tag-tourisme","20":"tag-voyage"},"share_on_mastodon":{"url":"https:\/\/pubeurope.com\/@fr\/114759287939428590","error":""},"_links":{"self":[{"href":"https:\/\/www.europesays.com\/fr\/wp-json\/wp\/v2\/posts\/210135","targetHints":{"allow":["GET"]}}],"collection":[{"href":"https:\/\/www.europesays.com\/fr\/wp-json\/wp\/v2\/posts"}],"about":[{"href":"https:\/\/www.europesays.com\/fr\/wp-json\/wp\/v2\/types\/post"}],"author":[{"embeddable":true,"href":"https:\/\/www.europesays.com\/fr\/wp-json\/wp\/v2\/users\/2"}],"replies":[{"embeddable":true,"href":"https:\/\/www.europesays.com\/fr\/wp-json\/wp\/v2\/comments?post=210135"}],"version-history":[{"count":0,"href":"https:\/\/www.europesays.com\/fr\/wp-json\/wp\/v2\/posts\/210135\/revisions"}],"wp:featuredmedia":[{"embeddable":true,"href":"https:\/\/www.europesays.com\/fr\/wp-json\/wp\/v2\/media\/210136"}],"wp:attachment":[{"href":"https:\/\/www.europesays.com\/fr\/wp-json\/wp\/v2\/media?parent=210135"}],"wp:term":[{"taxonomy":"category","embeddable":true,"href":"https:\/\/www.europesays.com\/fr\/wp-json\/wp\/v2\/categories?post=210135"},{"taxonomy":"post_tag","embeddable":true,"href":"https:\/\/www.europesays.com\/fr\/wp-json\/wp\/v2\/tags?post=210135"}],"curies":[{"name":"wp","href":"https:\/\/api.w.org\/{rel}","templated":true}]}}