{"id":210139,"date":"2025-06-28T05:16:09","date_gmt":"2025-06-28T05:16:09","guid":{"rendered":"https:\/\/www.europesays.com\/fr\/210139\/"},"modified":"2025-06-28T05:16:09","modified_gmt":"2025-06-28T05:16:09","slug":"a-marseille-des-piscines-gratuites-comme-refuge-contre-la-canicule","status":"publish","type":"post","link":"https:\/\/www.europesays.com\/fr\/210139\/","title":{"rendered":"\u00c0 Marseille, des piscines gratuites comme refuge contre la canicule"},"content":{"rendered":"<p>Albane a \u00e9t\u00e9 oblig\u00e9e de \u00ab\u00a0fuir\u00a0\u00bb son domicile. Alors que la temp\u00e9rature grimpait dans son appartement du 5e\u00a0arrondissement, elle a trouv\u00e9 un \u00ab\u00a0refuge de fra\u00eecheur\u00a0\u00bb, avec ses deux ados et son b\u00e9b\u00e9, \u00e0 la <a href=\"https:\/\/www.laprovence.com\/article\/region\/1202009317438114\/hall-inonde-vestiaires-vetustes-faux-plafonds-humides-la-piscine-vallier-a-marseille-est-a-la-derive\" target=\"_blank\" rel=\"noopener\">piscine Vallier (4e)<\/a>. \u00ab\u00a0On a une petite clim qui ne suffit plus \u00e0 rafra\u00eechir tout l\u2019appartement, alors j\u2019ai embarqu\u00e9 toute la famille, explique-t-elle. Les petits \u00e9taient clou\u00e9s devant la console mais \u00e0 la maison, c\u2019\u00e9tait intenable. Avoir un acc\u00e8s libre \u00e0 la piscine, \u00e0 l\u2019abri du soleil, devenait une n\u00e9cessit\u00e9.\u00a0\u00bb<\/p>\n<p>Comme elle, des centaines de Marseillais ont profit\u00e9, ce vendredi 27\u00a0juin, de la gratuit\u00e9 des bassins municipaux pour \u00e9chapper \u00e0 <a href=\"https:\/\/www.laprovence.com\/article\/france-monde\/8435336203856614\/alerte-canicule-sur-le-sud-est-de-la-france-chaleurs-etouffantes-et-risques-dincendies\" target=\"_blank\" rel=\"noopener\">une chaleur devenue \u00e9touffante<\/a>. Jusqu\u2019\u00e0 la fin de <a href=\"https:\/\/www.laprovence.com\/article\/ecoplanete\/8658513189348514\/alerte-canicule-tous-les-departements-de-provence-en-vigilance-orange-ce-samedi-28-juin\" target=\"_blank\" rel=\"noopener\">la vigilance orange canicule annonc\u00e9e par la pr\u00e9fecture<\/a>, la municipalit\u00e9 propose un acc\u00e8s gratuit \u00e0 ses bassins. Une \u00ab\u00a0mesure d\u2019urgence\u00a0\u00bb qui s\u2019accompagne de l\u2019ouverture 24h\/24 de <a href=\"https:\/\/www.laprovence.com\/article\/edition-marseille\/3661980\/les-catalans-un-siecle-de-presence-sur-la-plage.html\" target=\"_blank\" rel=\"noopener\">la plage des Catalans<\/a> et d\u2019un recensement\u00a0de \u00ab\u00a0parcours fra\u00eecheur sur l\u2019ensemble de la ville\u00a0\u00bb disponible dans toutes les mairies de secteur.<\/p>\n","protected":false},"excerpt":{"rendered":"Albane a \u00e9t\u00e9 oblig\u00e9e de \u00ab\u00a0fuir\u00a0\u00bb son domicile. Alors que la temp\u00e9rature grimpait dans son appartement du 5e\u00a0arrondissement,&hellip;\n","protected":false},"author":2,"featured_media":210140,"comment_status":"","ping_status":"","sticky":false,"template":"","format":"standard","meta":{"footnotes":""},"categories":[2814],"tags":[17,1111,11,1993,1444,154,1777,674,1011,27,19915,884,12,18812,882,16132,16,25],"class_list":{"0":"post-210139","1":"post","2":"type-post","3":"status-publish","4":"format-standard","5":"has-post-thumbnail","7":"category-marseille","8":"tag-17","9":"tag-actu","10":"tag-actualites","11":"tag-comme","12":"tag-contre","13":"tag-des","14":"tag-eu","15":"tag-europe","16":"tag-fr","17":"tag-france","18":"tag-gratuites","19":"tag-marseille","20":"tag-news","21":"tag-piscines","22":"tag-provence-alpes-cote-dazur","23":"tag-refuge","24":"tag-region","25":"tag-republique-francaise"},"share_on_mastodon":{"url":"https:\/\/pubeurope.com\/@fr\/114759295601912731","error":""},"_links":{"self":[{"href":"https:\/\/www.europesays.com\/fr\/wp-json\/wp\/v2\/posts\/210139","targetHints":{"allow":["GET"]}}],"collection":[{"href":"https:\/\/www.europesays.com\/fr\/wp-json\/wp\/v2\/posts"}],"about":[{"href":"https:\/\/www.europesays.com\/fr\/wp-json\/wp\/v2\/types\/post"}],"author":[{"embeddable":true,"href":"https:\/\/www.europesays.com\/fr\/wp-json\/wp\/v2\/users\/2"}],"replies":[{"embeddable":true,"href":"https:\/\/www.europesays.com\/fr\/wp-json\/wp\/v2\/comments?post=210139"}],"version-history":[{"count":0,"href":"https:\/\/www.europesays.com\/fr\/wp-json\/wp\/v2\/posts\/210139\/revisions"}],"wp:featuredmedia":[{"embeddable":true,"href":"https:\/\/www.europesays.com\/fr\/wp-json\/wp\/v2\/media\/210140"}],"wp:attachment":[{"href":"https:\/\/www.europesays.com\/fr\/wp-json\/wp\/v2\/media?parent=210139"}],"wp:term":[{"taxonomy":"category","embeddable":true,"href":"https:\/\/www.europesays.com\/fr\/wp-json\/wp\/v2\/categories?post=210139"},{"taxonomy":"post_tag","embeddable":true,"href":"https:\/\/www.europesays.com\/fr\/wp-json\/wp\/v2\/tags?post=210139"}],"curies":[{"name":"wp","href":"https:\/\/api.w.org\/{rel}","templated":true}]}}