{"id":210143,"date":"2025-06-28T05:20:50","date_gmt":"2025-06-28T05:20:50","guid":{"rendered":"https:\/\/www.europesays.com\/fr\/210143\/"},"modified":"2025-06-28T05:20:50","modified_gmt":"2025-06-28T05:20:50","slug":"top-500-des-lyonnais-les-coulisses-dun-gala-presidentiel-de-haut-vol","status":"publish","type":"post","link":"https:\/\/www.europesays.com\/fr\/210143\/","title":{"rendered":"Top 500 des Lyonnais. Les coulisses d\u2019un gala pr\u00e9sidentiel de haut vol"},"content":{"rendered":"<p style=\"font-weight: 400;\"><strong>Texte\u00a0: Morgan Couturier <\/strong><strong>\u2013<\/strong> Plac\u00e9e sous le signe du voyage, la soir\u00e9e de gala du TOP 500 des Lyonnais a embarqu\u00e9 ses 545 convives dans un vol festif en haute altitude. Aux c\u00f4t\u00e9s de Laurent Abitbol, parrain de cette 7\u00e8me \u00e9dition organis\u00e9e par Lyon People, bon nombre d\u2019invit\u00e9s prestigieux \u00e9taient au rendez-vous de l\u2019Abbaye Paul Bocuse.<\/p>\n<p style=\"font-weight: 400;\">Puisque la soir\u00e9e pilot\u00e9e par les fondateurs du magazine <strong>Nicolas Winckler<\/strong> et <strong>Marco<\/strong> <strong>Polisson<\/strong> (ci-dessus) invitait \u00e0 l\u2019escapade a\u00e9rienne le temps d\u2019un p\u00e9riple \u00e0 bord d\u2019Air Top 500, l\u2019esprit loin de la capitale des Gaules, il fut presque logique que l\u2019identit\u00e9 de l\u2019invit\u00e9 vedette soit \u00e0 trouver hors de nos contr\u00e9es. Son nom\u00a0: <strong>Nicolas Sarkozy<\/strong>, dont l\u2019aisance \u00e0 l\u2019oral lui autorisa une pique l\u00e9g\u00e8rement mordante.<\/p>\n<p style=\"font-weight: 400;\">\u00ab\u00a0Il y a tout ce qui compte dans ce Lyon magnifique et c\u2019est un petit Parisien qui est invit\u00e9\u00a0\u00bb, glissa l\u2019ancien chef d\u2019\u00c9tat, ami de longue date du parrain de la soir\u00e9e, <strong>Laurent Abitbol<\/strong>, pr\u00e9sident d\u2019Havas Voyages et de Selectour. \u00ab Vous avez de la chance d\u2019avoir un Lyonnais comme Laurent. J\u2019aime son histoire. J\u2019aime ceux qui commencent de rien \u00bb, d\u00e9crivit l\u2019ancien Pr\u00e9sident de la R\u00e9publique.<\/p>\n<p style=\"font-weight: 400;\">Avant de poursuivre, \u00e0 nouveau sur le ton de l\u2019humour\u00a0: \u00ab\u00a0la v\u00e9rit\u00e9, c\u2019est que je n\u2019ai pas eu le choix de venir\u00a0\u00bb. Une mani\u00e8re de se mettre l\u2019assistance dans la poche, compos\u00e9e notamment du pr\u00e9sident de la R\u00e9gion AURA, <strong>Fabrice Pannekoucke<\/strong> au pr\u00e9sident du D\u00e9partement du Rh\u00f4ne, <strong>Christophe Guilloteau<\/strong>, en passant par les maires <strong>V\u00e9ronique Sarselli <\/strong>(Sainte Foy les Lyon), <strong>J\u00e9r\u00e9mie Br\u00e9aud <\/strong>(Bron), <strong>Pascal Charmot<\/strong> (Tassin) ou <strong>Gilles Gascon <\/strong>(Saint-Priest).<\/p>\n<p style=\"font-weight: 400;\">Dans le sillage de Nicolas Sarkozy, la mont\u00e9e sur sc\u00e8ne de <strong>Jean-Michel Aulas<\/strong> et du maire de Lyon 2 <strong>Pierre Oliver<\/strong> (<a href=\"https:\/\/www.lyonpeople.com\/actualites-lyon\/actualites-politiques\/lyon-jean-michel-aulas-et-pierre-oliver-prets-a-voler-sur-la-meme-ligne-2025-06-20.html\" rel=\"nofollow noopener\" target=\"_blank\"><strong>d\u00e9cryptage ici<\/strong><\/a>) a \u00e9t\u00e9 l\u2019un des moments forts de la soir\u00e9e repris par nos confr\u00e8res de la presse lyonnaise. La quasi-d\u00e9claration de candidature de l\u2019ancien pr\u00e9sident de l\u2019OL a \u00e9t\u00e9 salu\u00e9e dans la salle par un tonnerre d\u2019applaudissements<strong>.<\/strong><\/p>\n<p style=\"font-weight: 400;\">La disponibilit\u00e9 et la verve de Nicolas Sarkozy, salu\u00e9e par Laurent Abitbol, fut r\u00e9compens\u00e9e par une surprise de taille\u00a0: <strong>Laurent Gerra<\/strong> monta \u00e0 son tour sur sc\u00e8ne sur sc\u00e8ne en face de l\u2019un de ses personnages pr\u00e9f\u00e9r\u00e9s.<\/p>\n<p style=\"font-weight: 400;\">Au menu, quelques saillies piquantes extraites de son spectacle* \u00e0 l\u2019intention d\u2019<strong>Emmanuel Macron <\/strong>et de son gouvernement, avec la c\u00e9l\u00e8bre \u00e9locution de l\u2019ex-pr\u00e9sident de la R\u00e9publique. Mdr, JMA et Sarko !<\/p>\n<p style=\"font-weight: 400;\">Et ce, sans oublier de pointer l\u2019ex\u00e9cutif de la Ville de Lyon et son \u00ab\u00a0\u00e9cologie politique, sans go\u00fbt mais qui donne bonne conscience\u00a0\u00bb. Une politique dogmatique qui n\u2019emp\u00eacha pas Laurent Abitbol de g\u00e2ter ses invit\u00e9s. Six d\u2019entre eux, en l\u2019occurrence, heureux gagnants d\u2019un voyage en Cr\u00e8te, \u00e0 l\u2019Ile Maurice, en Tha\u00eflande ou d\u2019une croisi\u00e8re dans les Cara\u00efbes.<\/p>\n<p style=\"font-weight: 400;\">Apr\u00e8s toutes ces \u00e9motions, les convives purent trouver refuge dans leurs assiettes, avec les mets de la maison Bocuse et de son chef <strong>Gilles Rheinardt<\/strong>. Un repas de choix pour appr\u00e9cier les sketchs d\u2019<strong>Ary Abittan <\/strong>(en tourn\u00e9e \u00e0 Lyon le 25 novembre prochain) et de l\u2019humoriste <strong>Philippe Roche<\/strong>. De quoi bien dig\u00e9rer avant les festivit\u00e9s de l\u2019after. Aux platines, un certain <strong>Philippe Jacquet<\/strong>\u00a0jusqu\u2019\u00e0 3h30 du matin !<\/p>\n<p>                                <a href=\"https:\/\/www.europesays.com\/fr\/wp-content\/uploads\/2025\/06\/1_TOP-500_AM-1.jpg\" title=\"1. Le DJ Philippe Jacquet\" data-rl_title=\"1. Le DJ Philippe Jacquet\" class=\"rl-gallery-link\" data-rl_caption=\"\" data-rel=\"lightbox-gallery-bGlnaHRib3gtZ2FsbGVyeS0w\" data-rl_><img loading=\"lazy\" decoding=\"async\" width=\"900\" height=\"599\" src=\"data:image\/svg+xml,%3Csvg%20xmlns=\" http:=\"\" class=\"attachment-large size-large\" alt=\"\" aria-describedby=\"gallery--161709\" data-lazy- data-lazy- data-lazy-src=\"https:\/\/www.europesays.com\/fr\/wp-content\/uploads\/2025\/06\/1_TOP-500_AM-1.jpg\"\/><\/a><\/p>\n<p>\n                                1. Le DJ Philippe Jacquet<\/p>\n<p>                                <a href=\"https:\/\/www.europesays.com\/fr\/wp-content\/uploads\/2025\/06\/2_TOP-500_AM-1.jpg\" title=\"2. Les h\u00f4tesses de l\u2019agence Byblos Shine, entour\u00e9e de leur directrice, Estelle Ronchetti\" data-rl_title=\"2. Les h\u00f4tesses de l\u2019agence Byblos Shine, entour\u00e9e de leur directrice, Estelle Ronchetti\" class=\"rl-gallery-link\" data-rl_caption=\"\" data-rel=\"lightbox-gallery-bGlnaHRib3gtZ2FsbGVyeS0w\" data-rl_><img loading=\"lazy\" decoding=\"async\" width=\"900\" height=\"599\" src=\"data:image\/svg+xml,%3Csvg%20xmlns=\" http:=\"\" class=\"attachment-large size-large\" alt=\"\" aria-describedby=\"gallery--161710\" data-lazy- data-lazy- data-lazy-src=\"https:\/\/www.europesays.com\/fr\/wp-content\/uploads\/2025\/06\/2_TOP-500_AM-1.jpg\"\/><\/a><\/p>\n<p>\n                                2. Les h\u00f4tesses de l\u2019agence Byblos Shine, entour\u00e9e de leur directrice, Estelle Ronchetti <\/p>\n<p><br style=\"clear: both\"\/><\/p>\n<p>                                <a href=\"https:\/\/www.europesays.com\/fr\/wp-content\/uploads\/2025\/06\/3_TOP-500_AM-1.jpg\" title=\"3. Marc Rebiche, Virginie Decia-Mathiolon (Prisme Consulting), Quentin Delaveau (C-gastronomie) et Aude Boulanger (C Gastronomie)\" data-rl_title=\"3. Marc Rebiche, Virginie Decia-Mathiolon (Prisme Consulting), Quentin Delaveau (C-gastronomie) et Aude Boulanger (C Gastronomie)\" class=\"rl-gallery-link\" data-rl_caption=\"\" data-rel=\"lightbox-gallery-bGlnaHRib3gtZ2FsbGVyeS0w\" data-rl_><img loading=\"lazy\" decoding=\"async\" width=\"900\" height=\"599\" src=\"data:image\/svg+xml,%3Csvg%20xmlns=\" http:=\"\" class=\"attachment-large size-large\" alt=\"\" aria-describedby=\"gallery--161711\" data-lazy- data-lazy- data-lazy-src=\"https:\/\/www.europesays.com\/fr\/wp-content\/uploads\/2025\/06\/3_TOP-500_AM-1.jpg\"\/><\/a><\/p>\n<p>\n                                3. Marc Rebiche, Virginie Decia-Mathiolon (Prisme Consulting), Quentin Delaveau (C-gastronomie) et Aude Boulanger (C Gastronomie)<\/p>\n<p>                                <a href=\"https:\/\/www.europesays.com\/fr\/wp-content\/uploads\/2025\/06\/4_TOP-500_AM-1.jpg\" title=\"4. Geoffrey Geslin (Champagne Deutz), Caroline Grotowski (Deutz) et Mazarine Dubuis (invit\u00e9e Deutz)\" data-rl_title=\"4. Geoffrey Geslin (Champagne Deutz), Caroline Grotowski (Deutz) et Mazarine Dubuis (invit\u00e9e Deutz)\" class=\"rl-gallery-link\" data-rl_caption=\"\" data-rel=\"lightbox-gallery-bGlnaHRib3gtZ2FsbGVyeS0w\" data-rl_><img loading=\"lazy\" decoding=\"async\" width=\"900\" height=\"599\" src=\"data:image\/svg+xml,%3Csvg%20xmlns=\" http:=\"\" class=\"attachment-large size-large\" alt=\"\" aria-describedby=\"gallery--161712\" data-lazy- data-lazy- data-lazy-src=\"https:\/\/www.europesays.com\/fr\/wp-content\/uploads\/2025\/06\/4_TOP-500_AM-1.jpg\"\/><\/a><\/p>\n<p>\n                                4. Geoffrey Geslin (Champagne Deutz), Caroline Grotowski (Deutz) et Mazarine Dubuis (invit\u00e9e Deutz)<\/p>\n<p><br style=\"clear: both\"\/><\/p>\n<p>                                <a href=\"https:\/\/www.europesays.com\/fr\/wp-content\/uploads\/2025\/06\/5_TOP-500_AM-1.jpg\" title=\"5. Aude Boulanger (C gastronomie), le Chef Gilles Reinhart (Paul Bocuse) et Quentin Delaveau (C gastronomie).\" data-rl_title=\"5. Aude Boulanger (C gastronomie), le Chef Gilles Reinhart (Paul Bocuse) et Quentin Delaveau (C gastronomie).\" class=\"rl-gallery-link\" data-rl_caption=\"\" data-rel=\"lightbox-gallery-bGlnaHRib3gtZ2FsbGVyeS0w\" data-rl_><img loading=\"lazy\" decoding=\"async\" width=\"900\" height=\"599\" src=\"data:image\/svg+xml,%3Csvg%20xmlns=\" http:=\"\" class=\"attachment-large size-large\" alt=\"\" aria-describedby=\"gallery--161713\" data-lazy- data-lazy- data-lazy-src=\"https:\/\/www.europesays.com\/fr\/wp-content\/uploads\/2025\/06\/5_TOP-500_AM-1.jpg\"\/><\/a><\/p>\n<p>\n                                5. Aude Boulanger (C gastronomie), le Chef Gilles Reinhart (Paul Bocuse) et Quentin Delaveau (C gastronomie).<\/p>\n<p>                                <a href=\"https:\/\/www.europesays.com\/fr\/wp-content\/uploads\/2025\/06\/6_TOP-500_AM-1.jpg\" title=\"6. Alessandro Caristo (directeur h\u00f4tel BoscoLo) et Philippe Malaval, pr\u00e9sident Vassel graphique\" data-rl_title=\"6. Alessandro Caristo (directeur h\u00f4tel BoscoLo) et Philippe Malaval, pr\u00e9sident Vassel graphique\" class=\"rl-gallery-link\" data-rl_caption=\"\" data-rel=\"lightbox-gallery-bGlnaHRib3gtZ2FsbGVyeS0w\" data-rl_><img loading=\"lazy\" decoding=\"async\" width=\"900\" height=\"599\" src=\"data:image\/svg+xml,%3Csvg%20xmlns=\" http:=\"\" class=\"attachment-large size-large\" alt=\"\" aria-describedby=\"gallery--161714\" data-lazy- data-lazy- data-lazy-src=\"https:\/\/www.europesays.com\/fr\/wp-content\/uploads\/2025\/06\/6_TOP-500_AM-1.jpg\"\/><\/a><\/p>\n<p>\n                                6. Alessandro Caristo (directeur h\u00f4tel BoscoLo) et Philippe Malaval, pr\u00e9sident Vassel graphique<\/p>\n<p><br style=\"clear: both\"\/><\/p>\n<p>                                <a href=\"https:\/\/www.europesays.com\/fr\/wp-content\/uploads\/2025\/06\/7_TOP-500_AM-1.jpg\" title=\"7. Le chef Gilles Reinhardt (Paul Bocuse) et le ma\u00eetre d\u2019h\u00f4tel Maxime Tischirhart (Paul Bocuse).\" data-rl_title=\"7. Le chef Gilles Reinhardt (Paul Bocuse) et le ma\u00eetre d\u2019h\u00f4tel Maxime Tischirhart (Paul Bocuse).\" class=\"rl-gallery-link\" data-rl_caption=\"\" data-rel=\"lightbox-gallery-bGlnaHRib3gtZ2FsbGVyeS0w\" data-rl_><img loading=\"lazy\" decoding=\"async\" width=\"900\" height=\"599\" src=\"data:image\/svg+xml,%3Csvg%20xmlns=\" http:=\"\" class=\"attachment-large size-large\" alt=\"\" aria-describedby=\"gallery--161715\" data-lazy- data-lazy- data-lazy-src=\"https:\/\/www.europesays.com\/fr\/wp-content\/uploads\/2025\/06\/7_TOP-500_AM-1.jpg\"\/><\/a><\/p>\n<p>\n                                7. Le chef Gilles Reinhardt (Paul Bocuse) et le ma\u00eetre d\u2019h\u00f4tel Maxime Tischirhart (Paul Bocuse).<\/p>\n<p>                                <a href=\"https:\/\/www.europesays.com\/fr\/wp-content\/uploads\/2025\/06\/8_TOP-500_AM-1.jpg\" title=\"8. St\u00e9phane Siranossian (Delta Nautic), Jean-Philippe Niewenglowski (JPC Partners) et Alexandre Jeannerod (Euro Sono).\" data-rl_title=\"8. St\u00e9phane Siranossian (Delta Nautic), Jean-Philippe Niewenglowski (JPC Partners) et Alexandre Jeannerod (Euro Sono).\" class=\"rl-gallery-link\" data-rl_caption=\"\" data-rel=\"lightbox-gallery-bGlnaHRib3gtZ2FsbGVyeS0w\" data-rl_><img loading=\"lazy\" decoding=\"async\" width=\"900\" height=\"599\" src=\"data:image\/svg+xml,%3Csvg%20xmlns=\" http:=\"\" class=\"attachment-large size-large\" alt=\"\" aria-describedby=\"gallery--161716\" data-lazy- data-lazy- data-lazy-src=\"https:\/\/www.europesays.com\/fr\/wp-content\/uploads\/2025\/06\/8_TOP-500_AM-1.jpg\"\/><\/a><\/p>\n<p>\n                                8. St\u00e9phane Siranossian (Delta Nautic), Jean-Philippe Niewenglowski (JPC Partners) et Alexandre Jeannerod (Euro Sono).<\/p>\n<p><br style=\"clear: both\"\/><\/p>\n<p>                                <a href=\"https:\/\/www.europesays.com\/fr\/wp-content\/uploads\/2025\/06\/9_TOP-500_AM-1.jpg\" title=\"9. Vanessa Janselme (Oasys) et David Marmo (Oasys).\" data-rl_title=\"9. Vanessa Janselme (Oasys) et David Marmo (Oasys).\" class=\"rl-gallery-link\" data-rl_caption=\"\" data-rel=\"lightbox-gallery-bGlnaHRib3gtZ2FsbGVyeS0w\" data-rl_><img loading=\"lazy\" decoding=\"async\" width=\"900\" height=\"599\" src=\"data:image\/svg+xml,%3Csvg%20xmlns=\" http:=\"\" class=\"attachment-large size-large\" alt=\"\" aria-describedby=\"gallery--161717\" data-lazy- data-lazy- data-lazy-src=\"https:\/\/www.europesays.com\/fr\/wp-content\/uploads\/2025\/06\/9_TOP-500_AM-1.jpg\"\/><\/a><\/p>\n<p>\n                                9. Vanessa Janselme (Oasys) et David Marmo (Oasys).<\/p>\n<p>                                <a href=\"https:\/\/www.europesays.com\/fr\/wp-content\/uploads\/2025\/06\/10_TOP-500_AM-1.jpg\" title=\"10. Morgan Couturier (Lyon People), Sophie Bardol (Annonces L\u00e9gales Lyon People) et Meryl Bussat.\" data-rl_title=\"10. Morgan Couturier (Lyon People), Sophie Bardol (Annonces L\u00e9gales Lyon People) et Meryl Bussat.\" class=\"rl-gallery-link\" data-rl_caption=\"\" data-rel=\"lightbox-gallery-bGlnaHRib3gtZ2FsbGVyeS0w\" data-rl_><img loading=\"lazy\" decoding=\"async\" width=\"900\" height=\"599\" src=\"data:image\/svg+xml,%3Csvg%20xmlns=\" http:=\"\" class=\"attachment-large size-large\" alt=\"\" aria-describedby=\"gallery--161718\" data-lazy- data-lazy- data-lazy-src=\"https:\/\/www.europesays.com\/fr\/wp-content\/uploads\/2025\/06\/10_TOP-500_AM-1.jpg\"\/><\/a><\/p>\n<p>\n                                10. Morgan Couturier (Lyon People), Sophie Bardol (Annonces L\u00e9gales Lyon People) et Meryl Bussat.<\/p>\n<p><br style=\"clear: both\"\/><\/p>\n<p>                                <a href=\"https:\/\/www.europesays.com\/fr\/wp-content\/uploads\/2025\/06\/11_TOP-500_AM-1.jpg\" title=\"11. Virginie Decia-Mathiolon (Prisme Consulting) et le journaliste Philippe Lecoq\" data-rl_title=\"11. Virginie Decia-Mathiolon (Prisme Consulting) et le journaliste Philippe Lecoq\" class=\"rl-gallery-link\" data-rl_caption=\"\" data-rel=\"lightbox-gallery-bGlnaHRib3gtZ2FsbGVyeS0w\" data-rl_><img loading=\"lazy\" decoding=\"async\" width=\"900\" height=\"599\" src=\"data:image\/svg+xml,%3Csvg%20xmlns=\" http:=\"\" class=\"attachment-large size-large\" alt=\"\" aria-describedby=\"gallery--161719\" data-lazy- data-lazy- data-lazy-src=\"https:\/\/www.europesays.com\/fr\/wp-content\/uploads\/2025\/06\/11_TOP-500_AM-1.jpg\"\/><\/a><\/p>\n<p>\n                                11. Virginie Decia-Mathiolon (Prisme Consulting) et le journaliste Philippe Lecoq<\/p>\n<p>                                <a href=\"https:\/\/www.europesays.com\/fr\/wp-content\/uploads\/2025\/06\/12_TOP-500_AM-1.jpg\" title=\"12. Nicolas Steinl\u00e9 (OhMyCom), Damien Monnier, maire de Sathonay-Camp G\u00e9rard, pr\u00e9sident du Cr\u00e9dit Mutuel Sud-Est et son \u00e9pouse Christine\" data-rl_title=\"12. Nicolas Steinl\u00e9 (OhMyCom), Damien Monnier, maire de Sathonay-Camp G\u00e9rard, pr\u00e9sident du Cr\u00e9dit Mutuel Sud-Est et son \u00e9pouse Christine\" class=\"rl-gallery-link\" data-rl_caption=\"\" data-rel=\"lightbox-gallery-bGlnaHRib3gtZ2FsbGVyeS0w\" data-rl_><img loading=\"lazy\" decoding=\"async\" width=\"900\" height=\"599\" src=\"data:image\/svg+xml,%3Csvg%20xmlns=\" http:=\"\" class=\"attachment-large size-large\" alt=\"\" aria-describedby=\"gallery--161720\" data-lazy- data-lazy- data-lazy-src=\"https:\/\/www.europesays.com\/fr\/wp-content\/uploads\/2025\/06\/12_TOP-500_AM-1.jpg\"\/><\/a><\/p>\n<p>\n                                12. Nicolas Steinl\u00e9 (OhMyCom), Damien Monnier, maire de Sathonay-Camp G\u00e9rard, pr\u00e9sident du Cr\u00e9dit Mutuel Sud-Est et son \u00e9pouse Christine<\/p>\n<p><br style=\"clear: both\"\/><\/p>\n<p>                                <a href=\"https:\/\/www.europesays.com\/fr\/wp-content\/uploads\/2025\/06\/13_TOP-500_AM-1.jpg\" title=\"13. Thomas Lev\u00eaque (Actual) et Melody Courtois (Actual).\" data-rl_title=\"13. Thomas Lev\u00eaque (Actual) et Melody Courtois (Actual).\" class=\"rl-gallery-link\" data-rl_caption=\"\" data-rel=\"lightbox-gallery-bGlnaHRib3gtZ2FsbGVyeS0w\" data-rl_><img loading=\"lazy\" decoding=\"async\" width=\"900\" height=\"599\" src=\"data:image\/svg+xml,%3Csvg%20xmlns=\" http:=\"\" class=\"attachment-large size-large\" alt=\"\" aria-describedby=\"gallery--161721\" data-lazy- data-lazy- data-lazy-src=\"https:\/\/www.europesays.com\/fr\/wp-content\/uploads\/2025\/06\/13_TOP-500_AM-1.jpg\"\/><\/a><\/p>\n<p>\n                                13. Thomas Lev\u00eaque (Actual) et Melody Courtois (Actual).<\/p>\n<p>                                <a href=\"https:\/\/www.europesays.com\/fr\/wp-content\/uploads\/2025\/06\/14_TOP-500_AM-1.jpg\" title=\"14. Philippe Schein (Sportbiz), Christelle Bejoint (Sportbiz women), Jocelyn Jeanniard (Carrefour) Marc Fraysse, ancien d\u00e9put\u00e9 du Rh\u00f4ne et le commissaire Michel Neyret\" data-rl_title=\"14. Philippe Schein (Sportbiz), Christelle Bejoint (Sportbiz women), Jocelyn Jeanniard (Carrefour) Marc Fraysse, ancien d\u00e9put\u00e9 du Rh\u00f4ne et le commissaire Michel Neyret\" class=\"rl-gallery-link\" data-rl_caption=\"\" data-rel=\"lightbox-gallery-bGlnaHRib3gtZ2FsbGVyeS0w\" data-rl_><img loading=\"lazy\" decoding=\"async\" width=\"900\" height=\"599\" src=\"data:image\/svg+xml,%3Csvg%20xmlns=\" http:=\"\" class=\"attachment-large size-large\" alt=\"\" aria-describedby=\"gallery--161722\" data-lazy- data-lazy- data-lazy-src=\"https:\/\/www.europesays.com\/fr\/wp-content\/uploads\/2025\/06\/14_TOP-500_AM-1.jpg\"\/><\/a><\/p>\n<p>\n                                14. Philippe Schein (Sportbiz), Christelle Bejoint (Sportbiz women), Jocelyn Jeanniard (Carrefour) Marc Fraysse, ancien d\u00e9put\u00e9 du Rh\u00f4ne et le commissaire Michel Neyret<\/p>\n<p><br style=\"clear: both\"\/><\/p>\n<p>                                <a href=\"https:\/\/www.europesays.com\/fr\/wp-content\/uploads\/2025\/06\/15_TOP-500_AM-1.jpg\" title=\"15. Maxime Tischirhart (Paul Bocuse), le chef Gilles Reinhart (Paul Bocuse), Marco Chopin (Le Th\u00e9odore) et Louis Morin, directeur de salle \u00e0 l\u2019Auberge Paul Bocuse.\" data-rl_title=\"15. Maxime Tischirhart (Paul Bocuse), le chef Gilles Reinhart (Paul Bocuse), Marco Chopin (Le Th\u00e9odore) et Louis Morin, directeur de salle \u00e0 l\u2019Auberge Paul Bocuse.\" class=\"rl-gallery-link\" data-rl_caption=\"\" data-rel=\"lightbox-gallery-bGlnaHRib3gtZ2FsbGVyeS0w\" data-rl_><img loading=\"lazy\" decoding=\"async\" width=\"900\" height=\"599\" src=\"data:image\/svg+xml,%3Csvg%20xmlns=\" http:=\"\" class=\"attachment-large size-large\" alt=\"\" aria-describedby=\"gallery--161723\" data-lazy- data-lazy- data-lazy-src=\"https:\/\/www.europesays.com\/fr\/wp-content\/uploads\/2025\/06\/15_TOP-500_AM-1.jpg\"\/><\/a><\/p>\n<p>\n                                15. Maxime Tischirhart (Paul Bocuse), le chef Gilles Reinhart (Paul Bocuse), Marco Chopin (Le Th\u00e9odore) et Louis Morin, directeur de salle \u00e0 l\u2019Auberge Paul Bocuse.<\/p>\n<p>                                <a href=\"https:\/\/www.europesays.com\/fr\/wp-content\/uploads\/2025\/06\/16_TOP-500_AM-1.jpg\" title=\"16. Ma\u00eetre Olivia Heilpern (Avril Avocats) et Ma\u00eetre Claire Filliatre (Soulier Avocats).\" data-rl_title=\"16. Ma\u00eetre Olivia Heilpern (Avril Avocats) et Ma\u00eetre Claire Filliatre (Soulier Avocats).\" class=\"rl-gallery-link\" data-rl_caption=\"\" data-rel=\"lightbox-gallery-bGlnaHRib3gtZ2FsbGVyeS0w\" data-rl_><img loading=\"lazy\" decoding=\"async\" width=\"900\" height=\"599\" src=\"data:image\/svg+xml,%3Csvg%20xmlns=\" http:=\"\" class=\"attachment-large size-large\" alt=\"\" aria-describedby=\"gallery--161724\" data-lazy- data-lazy- data-lazy-src=\"https:\/\/www.europesays.com\/fr\/wp-content\/uploads\/2025\/06\/16_TOP-500_AM-1.jpg\"\/><\/a><\/p>\n<p>\n                                16. Ma\u00eetre Olivia Heilpern (Avril Avocats) et Ma\u00eetre Claire Filliatre (Soulier Avocats).<\/p>\n<p><br style=\"clear: both\"\/><\/p>\n<p>                                <a href=\"https:\/\/www.europesays.com\/fr\/wp-content\/uploads\/2025\/06\/17_TOP-500_AM-1.jpg\" title=\"17. Pascal Proton (Apicil) et Elvire Servien, professeur en chirurgie orthop\u00e9diste.\" data-rl_title=\"17. Pascal Proton (Apicil) et Elvire Servien, professeur en chirurgie orthop\u00e9diste.\" class=\"rl-gallery-link\" data-rl_caption=\"\" data-rel=\"lightbox-gallery-bGlnaHRib3gtZ2FsbGVyeS0w\" data-rl_><img loading=\"lazy\" decoding=\"async\" width=\"900\" height=\"599\" src=\"data:image\/svg+xml,%3Csvg%20xmlns=\" http:=\"\" class=\"attachment-large size-large\" alt=\"\" aria-describedby=\"gallery--161725\" data-lazy- data-lazy- data-lazy-src=\"https:\/\/www.europesays.com\/fr\/wp-content\/uploads\/2025\/06\/17_TOP-500_AM-1.jpg\"\/><\/a><\/p>\n<p>\n                                17. Pascal Proton (Apicil) et Elvire Servien, professeur en chirurgie orthop\u00e9diste.<\/p>\n<p>                                <a href=\"https:\/\/www.europesays.com\/fr\/wp-content\/uploads\/2025\/06\/18_TOP-500_AM-1.jpg\" title=\"18. Gilles Gascon, maire de Saint-Priest et son \u00e9pouse Gwena\u00eblle\" data-rl_title=\"18. Gilles Gascon, maire de Saint-Priest et son \u00e9pouse Gwena\u00eblle\" class=\"rl-gallery-link\" data-rl_caption=\"\" data-rel=\"lightbox-gallery-bGlnaHRib3gtZ2FsbGVyeS0w\" data-rl_><img loading=\"lazy\" decoding=\"async\" width=\"900\" height=\"599\" src=\"data:image\/svg+xml,%3Csvg%20xmlns=\" http:=\"\" class=\"attachment-large size-large\" alt=\"\" aria-describedby=\"gallery--161726\" data-lazy- data-lazy- data-lazy-src=\"https:\/\/www.europesays.com\/fr\/wp-content\/uploads\/2025\/06\/18_TOP-500_AM-1.jpg\"\/><\/a><\/p>\n<p>\n                                18. Gilles Gascon, maire de Saint-Priest et son \u00e9pouse Gwena\u00eblle<\/p>\n<p><br style=\"clear: both\"\/><\/p>\n<p>                                <a href=\"https:\/\/www.europesays.com\/fr\/wp-content\/uploads\/2025\/06\/19_TOP-500_AM-1.jpg\" title=\"19. Jacques Maureau (Ordre des experts comptables), Laure Velay (Lyc\u00e9e Chevreul St Didier), Patrick Velay (Ordre des experts comptables) et Virginie Maureau (Ordre des experts comptables).\" data-rl_title=\"19. Jacques Maureau (Ordre des experts comptables), Laure Velay (Lyc\u00e9e Chevreul St Didier), Patrick Velay (Ordre des experts comptables) et Virginie Maureau (Ordre des experts comptables).\" class=\"rl-gallery-link\" data-rl_caption=\"\" data-rel=\"lightbox-gallery-bGlnaHRib3gtZ2FsbGVyeS0w\" data-rl_><img loading=\"lazy\" decoding=\"async\" width=\"900\" height=\"599\" src=\"data:image\/svg+xml,%3Csvg%20xmlns=\" http:=\"\" class=\"attachment-large size-large\" alt=\"\" aria-describedby=\"gallery--161727\" data-lazy- data-lazy- data-lazy-src=\"https:\/\/www.europesays.com\/fr\/wp-content\/uploads\/2025\/06\/19_TOP-500_AM-1.jpg\"\/><\/a><\/p>\n<p>\n                                19. Jacques Maureau (Ordre des experts comptables), Laure Velay (Lyc\u00e9e Chevreul St Didier), Patrick Velay (Ordre des experts comptables) et Virginie Maureau (Ordre des experts comptables).<\/p>\n<p>                                <a href=\"https:\/\/www.europesays.com\/fr\/wp-content\/uploads\/2025\/06\/20_TOP-500_AM-1.jpg\" title=\"20. Vanessa Goillerey (Goupe Chopard), Kevin Esmieu (LOU Rugby) et \u00c9milie Granger (Groupe Chopard).\" data-rl_title=\"20. Vanessa Goillerey (Goupe Chopard), Kevin Esmieu (LOU Rugby) et \u00c9milie Granger (Groupe Chopard).\" class=\"rl-gallery-link\" data-rl_caption=\"\" data-rel=\"lightbox-gallery-bGlnaHRib3gtZ2FsbGVyeS0w\" data-rl_><img loading=\"lazy\" decoding=\"async\" width=\"900\" height=\"599\" src=\"data:image\/svg+xml,%3Csvg%20xmlns=\" http:=\"\" class=\"attachment-large size-large\" alt=\"\" aria-describedby=\"gallery--161728\" data-lazy- data-lazy- data-lazy-src=\"https:\/\/www.europesays.com\/fr\/wp-content\/uploads\/2025\/06\/20_TOP-500_AM-1.jpg\"\/><\/a><\/p>\n<p>\n                                20. Vanessa Goillerey (Goupe Chopard), Kevin Esmieu (LOU Rugby) et \u00c9milie Granger (Groupe Chopard).<\/p>\n<p><br style=\"clear: both\"\/><\/p>\n<p>                                <a href=\"https:\/\/www.europesays.com\/fr\/wp-content\/uploads\/2025\/06\/21_TOP-500_AM-1.jpg\" title=\"21. Magali Rousset, directrice commerciale Pignol et le traiteur Baptiste Pignol\" data-rl_title=\"21. Magali Rousset, directrice commerciale Pignol et le traiteur Baptiste Pignol\" class=\"rl-gallery-link\" data-rl_caption=\"\" data-rel=\"lightbox-gallery-bGlnaHRib3gtZ2FsbGVyeS0w\" data-rl_><img loading=\"lazy\" decoding=\"async\" width=\"900\" height=\"599\" src=\"data:image\/svg+xml,%3Csvg%20xmlns=\" http:=\"\" class=\"attachment-large size-large\" alt=\"\" aria-describedby=\"gallery--161729\" data-lazy- data-lazy- data-lazy-src=\"https:\/\/www.europesays.com\/fr\/wp-content\/uploads\/2025\/06\/21_TOP-500_AM-1.jpg\"\/><\/a><\/p>\n<p>\n                                21. Magali Rousset, directrice commerciale Pignol et le traiteur Baptiste Pignol<\/p>\n<p>                                <a href=\"https:\/\/www.europesays.com\/fr\/wp-content\/uploads\/2025\/06\/22_TOP-500_AM-1.jpg\" title=\"22. Sabine Clocher, infirmi\u00e8re et Philippe Masson (Banque Hottinguer)\" data-rl_title=\"22. Sabine Clocher, infirmi\u00e8re et Philippe Masson (Banque Hottinguer)\" class=\"rl-gallery-link\" data-rl_caption=\"\" data-rel=\"lightbox-gallery-bGlnaHRib3gtZ2FsbGVyeS0w\" data-rl_><img loading=\"lazy\" decoding=\"async\" width=\"900\" height=\"599\" src=\"data:image\/svg+xml,%3Csvg%20xmlns=\" http:=\"\" class=\"attachment-large size-large\" alt=\"\" aria-describedby=\"gallery--161730\" data-lazy- data-lazy- data-lazy-src=\"https:\/\/www.europesays.com\/fr\/wp-content\/uploads\/2025\/06\/22_TOP-500_AM-1.jpg\"\/><\/a><\/p>\n<p>\n                                22. Sabine Clocher, infirmi\u00e8re et Philippe Masson (Banque Hottinguer)<\/p>\n<p><br style=\"clear: both\"\/><\/p>\n<p>                                <a href=\"https:\/\/www.europesays.com\/fr\/wp-content\/uploads\/2025\/06\/23_TOP-500_AM-1.jpg\" title=\"23. Flavie Lafor\u00eat (Lyon People) et Marie Bugnet (Lyon People).\" data-rl_title=\"23. Flavie Lafor\u00eat (Lyon People) et Marie Bugnet (Lyon People).\" class=\"rl-gallery-link\" data-rl_caption=\"\" data-rel=\"lightbox-gallery-bGlnaHRib3gtZ2FsbGVyeS0w\" data-rl_><img loading=\"lazy\" decoding=\"async\" width=\"900\" height=\"599\" src=\"data:image\/svg+xml,%3Csvg%20xmlns=\" http:=\"\" class=\"attachment-large size-large\" alt=\"\" aria-describedby=\"gallery--161731\" data-lazy- data-lazy- data-lazy-src=\"https:\/\/www.europesays.com\/fr\/wp-content\/uploads\/2025\/06\/23_TOP-500_AM-1.jpg\"\/><\/a><\/p>\n<p>\n                                23. Flavie Lafor\u00eat (Lyon People) et Marie Bugnet (Lyon People).<\/p>\n<p>                                <a href=\"https:\/\/www.europesays.com\/fr\/wp-content\/uploads\/2025\/06\/24_TOP-500_AM-1.jpg\" title=\"24. Le parrain du Top 500 2025, Laurent Abitbol (Havas Voyages), bien entour\u00e9.\" data-rl_title=\"24. Le parrain du Top 500 2025, Laurent Abitbol (Havas Voyages), bien entour\u00e9.\" class=\"rl-gallery-link\" data-rl_caption=\"\" data-rel=\"lightbox-gallery-bGlnaHRib3gtZ2FsbGVyeS0w\" data-rl_><img loading=\"lazy\" decoding=\"async\" width=\"900\" height=\"599\" src=\"data:image\/svg+xml,%3Csvg%20xmlns=\" http:=\"\" class=\"attachment-large size-large\" alt=\"\" aria-describedby=\"gallery--161732\" data-lazy- data-lazy- data-lazy-src=\"https:\/\/www.europesays.com\/fr\/wp-content\/uploads\/2025\/06\/24_TOP-500_AM-1.jpg\"\/><\/a><\/p>\n<p>\n                                24. Le parrain du Top 500 2025, Laurent Abitbol (Havas Voyages), bien entour\u00e9.<\/p>\n<p><br style=\"clear: both\"\/><\/p>\n<p>                                <a href=\"https:\/\/www.europesays.com\/fr\/wp-content\/uploads\/2025\/06\/25_TOP-500_AM-1.jpg\" title=\"25. S\u00e9bastien Arcos, directeur EKLYA Business School et Vanessa Arcos (Detravox)\" data-rl_title=\"25. S\u00e9bastien Arcos, directeur EKLYA Business School et Vanessa Arcos (Detravox)\" class=\"rl-gallery-link\" data-rl_caption=\"\" data-rel=\"lightbox-gallery-bGlnaHRib3gtZ2FsbGVyeS0w\" data-rl_><img loading=\"lazy\" decoding=\"async\" width=\"900\" height=\"599\" src=\"data:image\/svg+xml,%3Csvg%20xmlns=\" http:=\"\" class=\"attachment-large size-large\" alt=\"\" aria-describedby=\"gallery--161733\" data-lazy- data-lazy- data-lazy-src=\"https:\/\/www.europesays.com\/fr\/wp-content\/uploads\/2025\/06\/25_TOP-500_AM-1.jpg\"\/><\/a><\/p>\n<p>\n                                25. S\u00e9bastien Arcos, directeur EKLYA Business School et Vanessa Arcos (Detravox)<\/p>\n<p>                                <a href=\"https:\/\/www.europesays.com\/fr\/wp-content\/uploads\/2025\/06\/26_TOP-500_AM-1.jpg\" title=\"26. David Massot, directeur du Cirque Imagine et Marco Chopin (Le Th\u00e9odore).\" data-rl_title=\"26. David Massot, directeur du Cirque Imagine et Marco Chopin (Le Th\u00e9odore).\" class=\"rl-gallery-link\" data-rl_caption=\"\" data-rel=\"lightbox-gallery-bGlnaHRib3gtZ2FsbGVyeS0w\" data-rl_><img loading=\"lazy\" decoding=\"async\" width=\"900\" height=\"599\" src=\"data:image\/svg+xml,%3Csvg%20xmlns=\" http:=\"\" class=\"attachment-large size-large\" alt=\"\" aria-describedby=\"gallery--161734\" data-lazy- data-lazy- data-lazy-src=\"https:\/\/www.europesays.com\/fr\/wp-content\/uploads\/2025\/06\/26_TOP-500_AM-1.jpg\"\/><\/a><\/p>\n<p>\n                                26. David Massot, directeur du Cirque Imagine et Marco Chopin (Le Th\u00e9odore).<\/p>\n<p><br style=\"clear: both\"\/><\/p>\n<p>                                <a href=\"https:\/\/www.europesays.com\/fr\/wp-content\/uploads\/2025\/06\/27_TOP-500_AM-1.jpg\" title=\"27. Thomas Viguier (the French studio) et Gabriel Giorda (Espaces R\u00e9ceptifs)\" data-rl_title=\"27. Thomas Viguier (the French studio) et Gabriel Giorda (Espaces R\u00e9ceptifs)\" class=\"rl-gallery-link\" data-rl_caption=\"\" data-rel=\"lightbox-gallery-bGlnaHRib3gtZ2FsbGVyeS0w\" data-rl_><img loading=\"lazy\" decoding=\"async\" width=\"900\" height=\"599\" src=\"data:image\/svg+xml,%3Csvg%20xmlns=\" http:=\"\" class=\"attachment-large size-large\" alt=\"\" aria-describedby=\"gallery--161735\" data-lazy- data-lazy- data-lazy-src=\"https:\/\/www.europesays.com\/fr\/wp-content\/uploads\/2025\/06\/27_TOP-500_AM-1.jpg\"\/><\/a><\/p>\n<p>\n                                27. Thomas Viguier (the French studio) et Gabriel Giorda (Espaces R\u00e9ceptifs) <\/p>\n<p>                                <a href=\"https:\/\/www.europesays.com\/fr\/wp-content\/uploads\/2025\/06\/28_TOP-500_AM-1.jpg\" title=\"28. Nicolas Molle (Trigones) et Thomas Dodin (Morell Alart et Associ\u00e9s).\" data-rl_title=\"28. Nicolas Molle (Trigones) et Thomas Dodin (Morell Alart et Associ\u00e9s).\" class=\"rl-gallery-link\" data-rl_caption=\"\" data-rel=\"lightbox-gallery-bGlnaHRib3gtZ2FsbGVyeS0w\" data-rl_><img loading=\"lazy\" decoding=\"async\" width=\"900\" height=\"599\" src=\"data:image\/svg+xml,%3Csvg%20xmlns=\" http:=\"\" class=\"attachment-large size-large\" alt=\"\" aria-describedby=\"gallery--161736\" data-lazy- data-lazy- data-lazy-src=\"https:\/\/www.europesays.com\/fr\/wp-content\/uploads\/2025\/06\/28_TOP-500_AM-1.jpg\"\/><\/a><\/p>\n<p>\n                                28. Nicolas Molle (Trigones) et Thomas Dodin (Morell Alart et Associ\u00e9s).<\/p>\n<p><br style=\"clear: both\"\/><\/p>\n<p>                                <a href=\"https:\/\/www.europesays.com\/fr\/wp-content\/uploads\/2025\/06\/29_TOP-500_AM-1.jpg\" title=\"29. Florence Jacquemot (GL events), Magali Acik (GL events) et Madalina Craciun (LR Health And Beauty).\" data-rl_title=\"29. Florence Jacquemot (GL events), Magali Acik (GL events) et Madalina Craciun (LR Health And Beauty).\" class=\"rl-gallery-link\" data-rl_caption=\"\" data-rel=\"lightbox-gallery-bGlnaHRib3gtZ2FsbGVyeS0w\" data-rl_><img loading=\"lazy\" decoding=\"async\" width=\"900\" height=\"599\" src=\"data:image\/svg+xml,%3Csvg%20xmlns=\" http:=\"\" class=\"attachment-large size-large\" alt=\"\" aria-describedby=\"gallery--161737\" data-lazy- data-lazy- data-lazy-src=\"https:\/\/www.europesays.com\/fr\/wp-content\/uploads\/2025\/06\/29_TOP-500_AM-1.jpg\"\/><\/a><\/p>\n<p>\n                                29. Florence Jacquemot (GL events), Magali Acik (GL events) et Madalina Craciun (LR Health And Beauty). <\/p>\n<p>                                <a href=\"https:\/\/www.europesays.com\/fr\/wp-content\/uploads\/2025\/06\/30_TOP-500_AM-1.jpg\" title=\"30. Carole Borget Martin (Harmonie Mutuelle), Laetitia Pepino (Avec Joie) et Sophie Cruz, conseill\u00e8re r\u00e9gionale\" data-rl_title=\"30. Carole Borget Martin (Harmonie Mutuelle), Laetitia Pepino (Avec Joie) et Sophie Cruz, conseill\u00e8re r\u00e9gionale\" class=\"rl-gallery-link\" data-rl_caption=\"\" data-rel=\"lightbox-gallery-bGlnaHRib3gtZ2FsbGVyeS0w\" data-rl_><img loading=\"lazy\" decoding=\"async\" width=\"900\" height=\"599\" src=\"data:image\/svg+xml,%3Csvg%20xmlns=\" http:=\"\" class=\"attachment-large size-large\" alt=\"\" aria-describedby=\"gallery--161738\" data-lazy- data-lazy- data-lazy-src=\"https:\/\/www.europesays.com\/fr\/wp-content\/uploads\/2025\/06\/30_TOP-500_AM-1.jpg\"\/><\/a><\/p>\n<p>\n                                30. Carole Borget Martin (Harmonie Mutuelle), Laetitia Pepino (Avec Joie) et Sophie Cruz, conseill\u00e8re r\u00e9gionale<\/p>\n<p><br style=\"clear: both\"\/><\/p>\n<p>                                <a href=\"https:\/\/www.europesays.com\/fr\/wp-content\/uploads\/2025\/06\/31_TOP-500_AM-1.jpg\" title=\"31. Frank Lebel (CPME du Rh\u00f4ne), Anthony Jeanbourquin (MEDEF Lyon Rh\u00f4ne), Guy Guedj et Franck Morize, pr\u00e9sident de la CPME du Rh\u00f4ne\" data-rl_title=\"31. Frank Lebel (CPME du Rh\u00f4ne), Anthony Jeanbourquin (MEDEF Lyon Rh\u00f4ne), Guy Guedj et Franck Morize, pr\u00e9sident de la CPME du Rh\u00f4ne\" class=\"rl-gallery-link\" data-rl_caption=\"\" data-rel=\"lightbox-gallery-bGlnaHRib3gtZ2FsbGVyeS0w\" data-rl_><img loading=\"lazy\" decoding=\"async\" width=\"900\" height=\"599\" src=\"data:image\/svg+xml,%3Csvg%20xmlns=\" http:=\"\" class=\"attachment-large size-large\" alt=\"\" aria-describedby=\"gallery--161739\" data-lazy- data-lazy- data-lazy-src=\"https:\/\/www.europesays.com\/fr\/wp-content\/uploads\/2025\/06\/31_TOP-500_AM-1.jpg\"\/><\/a><\/p>\n<p>\n                                31. Frank Lebel (CPME du Rh\u00f4ne), Anthony Jeanbourquin (MEDEF Lyon Rh\u00f4ne), Guy Guedj et Franck Morize, pr\u00e9sident de la CPME du Rh\u00f4ne<\/p>\n<p>                                <a href=\"https:\/\/www.europesays.com\/fr\/wp-content\/uploads\/2025\/06\/32_TOP-500_AM-1.jpg\" title=\"32. Karim Omri (ACDC) et Charl\u00e8ne Moustacakis (ACDC).\" data-rl_title=\"32. Karim Omri (ACDC) et Charl\u00e8ne Moustacakis (ACDC).\" class=\"rl-gallery-link\" data-rl_caption=\"\" data-rel=\"lightbox-gallery-bGlnaHRib3gtZ2FsbGVyeS0w\" data-rl_><img loading=\"lazy\" decoding=\"async\" width=\"900\" height=\"599\" src=\"data:image\/svg+xml,%3Csvg%20xmlns=\" http:=\"\" class=\"attachment-large size-large\" alt=\"\" aria-describedby=\"gallery--161740\" data-lazy- data-lazy- data-lazy-src=\"https:\/\/www.europesays.com\/fr\/wp-content\/uploads\/2025\/06\/32_TOP-500_AM-1.jpg\"\/><\/a><\/p>\n<p>\n                                32. Karim Omri (ACDC) et Charl\u00e8ne Moustacakis (ACDC).<\/p>\n<p><br style=\"clear: both\"\/><\/p>\n<p>                                <a href=\"https:\/\/www.europesays.com\/fr\/wp-content\/uploads\/2025\/06\/33_TOP-500_AM-1.jpg\" title=\"33. Pascal Charmot, maire de Tassin La Demi-Lune et son \u00e9pouse H\u00e9l\u00e8ne\" data-rl_title=\"33. Pascal Charmot, maire de Tassin La Demi-Lune et son \u00e9pouse H\u00e9l\u00e8ne\" class=\"rl-gallery-link\" data-rl_caption=\"\" data-rel=\"lightbox-gallery-bGlnaHRib3gtZ2FsbGVyeS0w\" data-rl_><img loading=\"lazy\" decoding=\"async\" width=\"900\" height=\"599\" src=\"data:image\/svg+xml,%3Csvg%20xmlns=\" http:=\"\" class=\"attachment-large size-large\" alt=\"\" aria-describedby=\"gallery--161741\" data-lazy- data-lazy- data-lazy-src=\"https:\/\/www.europesays.com\/fr\/wp-content\/uploads\/2025\/06\/33_TOP-500_AM-1.jpg\"\/><\/a><\/p>\n<p>\n                                33. Pascal Charmot, maire de Tassin La Demi-Lune et son \u00e9pouse H\u00e9l\u00e8ne<\/p>\n<p>                                <a href=\"https:\/\/www.europesays.com\/fr\/wp-content\/uploads\/2025\/06\/34_TOP-500_AM-1.jpg\" title=\"34. Jacquie Gallmann et Fred Lafay, les nouveaux propri\u00e9taires du Cazenove\" data-rl_title=\"34. Jacquie Gallmann et Fred Lafay, les nouveaux propri\u00e9taires du Cazenove\" class=\"rl-gallery-link\" data-rl_caption=\"\" data-rel=\"lightbox-gallery-bGlnaHRib3gtZ2FsbGVyeS0w\" data-rl_><img loading=\"lazy\" decoding=\"async\" width=\"900\" height=\"599\" src=\"data:image\/svg+xml,%3Csvg%20xmlns=\" http:=\"\" class=\"attachment-large size-large\" alt=\"\" aria-describedby=\"gallery--161742\" data-lazy- data-lazy- data-lazy-src=\"https:\/\/www.europesays.com\/fr\/wp-content\/uploads\/2025\/06\/34_TOP-500_AM-1.jpg\"\/><\/a><\/p>\n<p>\n                                34. Jacquie Gallmann et Fred Lafay, les nouveaux propri\u00e9taires du Cazenove<\/p>\n<p><br style=\"clear: both\"\/><\/p>\n<p>                                <a href=\"https:\/\/www.europesays.com\/fr\/wp-content\/uploads\/2025\/06\/35_TOP-500_AM-1.jpg\" title=\"35. L\u2019\u00e9quipe du Golden Tulip autour d\u2019Emmanuel Bosle et Alexandre Scapaticci\" data-rl_title=\"35. L\u2019\u00e9quipe du Golden Tulip autour d\u2019Emmanuel Bosle et Alexandre Scapaticci\" class=\"rl-gallery-link\" data-rl_caption=\"\" data-rel=\"lightbox-gallery-bGlnaHRib3gtZ2FsbGVyeS0w\" data-rl_><img loading=\"lazy\" decoding=\"async\" width=\"900\" height=\"599\" src=\"data:image\/svg+xml,%3Csvg%20xmlns=\" http:=\"\" class=\"attachment-large size-large\" alt=\"\" aria-describedby=\"gallery--161743\" data-lazy- data-lazy- data-lazy-src=\"https:\/\/www.europesays.com\/fr\/wp-content\/uploads\/2025\/06\/35_TOP-500_AM-1.jpg\"\/><\/a><\/p>\n<p>\n                                35. L\u2019\u00e9quipe du Golden Tulip autour d\u2019Emmanuel Bosle et Alexandre Scapaticci<\/p>\n<p>                                <a href=\"https:\/\/www.europesays.com\/fr\/wp-content\/uploads\/2025\/06\/36_TOP-500_AM-1.jpg\" title=\"36. Fran\u00e7ois Treille (CIC), Gilles Courteix, pr\u00e9sident du MEDEF Lyon-Rh\u00f4ne et son \u00e9pouse Marie Courteix\" data-rl_title=\"36. Fran\u00e7ois Treille (CIC), Gilles Courteix, pr\u00e9sident du MEDEF Lyon-Rh\u00f4ne et son \u00e9pouse Marie Courteix\" class=\"rl-gallery-link\" data-rl_caption=\"\" data-rel=\"lightbox-gallery-bGlnaHRib3gtZ2FsbGVyeS0w\" data-rl_><img loading=\"lazy\" decoding=\"async\" width=\"900\" height=\"599\" src=\"data:image\/svg+xml,%3Csvg%20xmlns=\" http:=\"\" class=\"attachment-large size-large\" alt=\"\" aria-describedby=\"gallery--161744\" data-lazy- data-lazy- data-lazy-src=\"https:\/\/www.europesays.com\/fr\/wp-content\/uploads\/2025\/06\/36_TOP-500_AM-1.jpg\"\/><\/a><\/p>\n<p>\n                                36. Fran\u00e7ois Treille (CIC), Gilles Courteix, pr\u00e9sident du MEDEF Lyon-Rh\u00f4ne et son \u00e9pouse Marie Courteix<\/p>\n<p><br style=\"clear: both\"\/><\/p>\n<p>                                <a href=\"https:\/\/www.europesays.com\/fr\/wp-content\/uploads\/2025\/06\/37_TOP-500_AM-1.jpg\" title=\"37. Jean-Claude Lavorel, pr\u00e9sident du Groupe Lavorel H\u00f4tels et Christelle Barbet (France Alzheimer Rh\u00f4ne)\" data-rl_title=\"37. Jean-Claude Lavorel, pr\u00e9sident du Groupe Lavorel H\u00f4tels et Christelle Barbet (France Alzheimer Rh\u00f4ne)\" class=\"rl-gallery-link\" data-rl_caption=\"\" data-rel=\"lightbox-gallery-bGlnaHRib3gtZ2FsbGVyeS0w\" data-rl_><img loading=\"lazy\" decoding=\"async\" width=\"900\" height=\"599\" src=\"data:image\/svg+xml,%3Csvg%20xmlns=\" http:=\"\" class=\"attachment-large size-large\" alt=\"\" aria-describedby=\"gallery--161745\" data-lazy- data-lazy- data-lazy-src=\"https:\/\/www.europesays.com\/fr\/wp-content\/uploads\/2025\/06\/37_TOP-500_AM-1.jpg\"\/><\/a><\/p>\n<p>\n                                37. Jean-Claude Lavorel, pr\u00e9sident du Groupe Lavorel H\u00f4tels et Christelle Barbet (France Alzheimer Rh\u00f4ne)<\/p>\n<p>                                <a href=\"https:\/\/www.europesays.com\/fr\/wp-content\/uploads\/2025\/06\/38_TOP-500_AM-1.jpg\" title=\"38. Nicolas Winckler, directeur du Top 500 et le com\u00e9dien Ary Abittan.\" data-rl_title=\"38. Nicolas Winckler, directeur du Top 500 et le com\u00e9dien Ary Abittan.\" class=\"rl-gallery-link\" data-rl_caption=\"\" data-rel=\"lightbox-gallery-bGlnaHRib3gtZ2FsbGVyeS0w\" data-rl_><img loading=\"lazy\" decoding=\"async\" width=\"900\" height=\"599\" src=\"data:image\/svg+xml,%3Csvg%20xmlns=\" http:=\"\" class=\"attachment-large size-large\" alt=\"\" aria-describedby=\"gallery--161746\" data-lazy- data-lazy- data-lazy-src=\"https:\/\/www.europesays.com\/fr\/wp-content\/uploads\/2025\/06\/38_TOP-500_AM-1.jpg\"\/><\/a><\/p>\n<p>\n                                38. Nicolas Winckler, directeur du Top 500 et le com\u00e9dien Ary Abittan.<\/p>\n<p><br style=\"clear: both\"\/><\/p>\n<p>                                <a href=\"https:\/\/www.europesays.com\/fr\/wp-content\/uploads\/2025\/06\/39_TOP-500_AM-1.jpg\" title=\"39. Le fleuriste Franck Hernandez entour\u00e9 de son \u00e9quipe.\" data-rl_title=\"39. Le fleuriste Franck Hernandez entour\u00e9 de son \u00e9quipe.\" class=\"rl-gallery-link\" data-rl_caption=\"\" data-rel=\"lightbox-gallery-bGlnaHRib3gtZ2FsbGVyeS0w\" data-rl_><img loading=\"lazy\" decoding=\"async\" width=\"900\" height=\"599\" src=\"data:image\/svg+xml,%3Csvg%20xmlns=\" http:=\"\" class=\"attachment-large size-large\" alt=\"\" aria-describedby=\"gallery--161747\" data-lazy- data-lazy- data-lazy-src=\"https:\/\/www.europesays.com\/fr\/wp-content\/uploads\/2025\/06\/39_TOP-500_AM-1.jpg\"\/><\/a><\/p>\n<p>\n                                39. Le fleuriste Franck Hernandez entour\u00e9 de son \u00e9quipe.<\/p>\n<p>                                <a href=\"https:\/\/www.europesays.com\/fr\/wp-content\/uploads\/2025\/06\/40_TOP-500_AM-1.jpg\" title=\"40. Raoul Gibault, directeur du Cirque Medrano, G\u00e9rard Cormoreche, pr\u00e9sident du Cr\u00e9dit Mutuel Sud-Est, Fabrice Pannekoucke, Pr\u00e9sident de la r\u00e9gion Auvergne Rh\u00f4ne-Alpes, et Christophe Marguin, pr\u00e9sident des Toques Blanches Lyonnaises.\" data-rl_title=\"40. Raoul Gibault, directeur du Cirque Medrano, G\u00e9rard Cormoreche, pr\u00e9sident du Cr\u00e9dit Mutuel Sud-Est, Fabrice Pannekoucke, Pr\u00e9sident de la r\u00e9gion Auvergne Rh\u00f4ne-Alpes, et Christophe Marguin, pr\u00e9sident des Toques Blanches Lyonnaises.\" class=\"rl-gallery-link\" data-rl_caption=\"\" data-rel=\"lightbox-gallery-bGlnaHRib3gtZ2FsbGVyeS0w\" data-rl_><img loading=\"lazy\" decoding=\"async\" width=\"900\" height=\"599\" src=\"data:image\/svg+xml,%3Csvg%20xmlns=\" http:=\"\" class=\"attachment-large size-large\" alt=\"\" aria-describedby=\"gallery--161748\" data-lazy- data-lazy- data-lazy-src=\"https:\/\/www.europesays.com\/fr\/wp-content\/uploads\/2025\/06\/40_TOP-500_AM-1.jpg\"\/><\/a><\/p>\n<p>\n                                40. Raoul Gibault, directeur du Cirque Medrano, G\u00e9rard Cormoreche, pr\u00e9sident du Cr\u00e9dit Mutuel Sud-Est, Fabrice Pannekoucke, Pr\u00e9sident de la r\u00e9gion Auvergne Rh\u00f4ne-Alpes, et Christophe Marguin, pr\u00e9sident des Toques Blanches Lyonnaises.<\/p>\n<p><br style=\"clear: both\"\/><\/p>\n<p>                                <a href=\"https:\/\/www.europesays.com\/fr\/wp-content\/uploads\/2025\/06\/41_TOP-500_AM-1.jpg\" title=\"41. Le journaliste Morgan Couturier, r\u00e9dacteur en chef adjoint Lyon People, Flavie Lafor\u00eat (chef de publicit\u00e9 Lyon People) et le photographe Alexandre Moulard (Lyon People).\" data-rl_title=\"41. Le journaliste Morgan Couturier, r\u00e9dacteur en chef adjoint Lyon People, Flavie Lafor\u00eat (chef de publicit\u00e9 Lyon People) et le photographe Alexandre Moulard (Lyon People).\" class=\"rl-gallery-link\" data-rl_caption=\"\" data-rel=\"lightbox-gallery-bGlnaHRib3gtZ2FsbGVyeS0w\" data-rl_><img loading=\"lazy\" decoding=\"async\" width=\"900\" height=\"599\" src=\"data:image\/svg+xml,%3Csvg%20xmlns=\" http:=\"\" class=\"attachment-large size-large\" alt=\"\" aria-describedby=\"gallery--161749\" data-lazy- data-lazy- data-lazy-src=\"https:\/\/www.europesays.com\/fr\/wp-content\/uploads\/2025\/06\/41_TOP-500_AM-1.jpg\"\/><\/a><\/p>\n<p>\n                                41. Le journaliste Morgan Couturier, r\u00e9dacteur en chef adjoint Lyon People, Flavie Lafor\u00eat (chef de publicit\u00e9 Lyon People) et le photographe Alexandre Moulard (Lyon People).<\/p>\n<p>                                <a href=\"https:\/\/www.europesays.com\/fr\/wp-content\/uploads\/2025\/06\/42_TOP-500_AM-1.jpg\" title=\"42. V\u00e9ronique et Fr\u00e9d\u00e9ric Bricon\" data-rl_title=\"42. V\u00e9ronique et Fr\u00e9d\u00e9ric Bricon\" class=\"rl-gallery-link\" data-rl_caption=\"\" data-rel=\"lightbox-gallery-bGlnaHRib3gtZ2FsbGVyeS0w\" data-rl_><img loading=\"lazy\" decoding=\"async\" width=\"900\" height=\"599\" src=\"data:image\/svg+xml,%3Csvg%20xmlns=\" http:=\"\" class=\"attachment-large size-large\" alt=\"\" aria-describedby=\"gallery--161750\" data-lazy- data-lazy- data-lazy-src=\"https:\/\/www.europesays.com\/fr\/wp-content\/uploads\/2025\/06\/42_TOP-500_AM-1.jpg\"\/><\/a><\/p>\n<p>\n                                 42. V\u00e9ronique et Fr\u00e9d\u00e9ric Bricon<\/p>\n<p><br style=\"clear: both\"\/><\/p>\n<p>                                <a href=\"https:\/\/www.europesays.com\/fr\/wp-content\/uploads\/2025\/06\/43_TOP-500_AM-1.jpg\" title=\"43. Damien Monnier, maire de Sathonay-Camp, Gwendal Peizerat, ancien champion de patinage artistique et Nicolas Steinl\u00e9, pr\u00e9sident agence OhMyCom\" data-rl_title=\"43. Damien Monnier, maire de Sathonay-Camp, Gwendal Peizerat, ancien champion de patinage artistique et Nicolas Steinl\u00e9, pr\u00e9sident agence OhMyCom\" class=\"rl-gallery-link\" data-rl_caption=\"\" data-rel=\"lightbox-gallery-bGlnaHRib3gtZ2FsbGVyeS0w\" data-rl_><img loading=\"lazy\" decoding=\"async\" width=\"900\" height=\"599\" src=\"data:image\/svg+xml,%3Csvg%20xmlns=\" http:=\"\" class=\"attachment-large size-large\" alt=\"\" aria-describedby=\"gallery--161751\" data-lazy- data-lazy- data-lazy-src=\"https:\/\/www.europesays.com\/fr\/wp-content\/uploads\/2025\/06\/43_TOP-500_AM-1.jpg\"\/><\/a><\/p>\n<p>\n                                43. Damien Monnier, maire de Sathonay-Camp, Gwendal Peizerat, ancien champion de patinage artistique et Nicolas Steinl\u00e9, pr\u00e9sident agence OhMyCom<\/p>\n<p>                                <a href=\"https:\/\/www.europesays.com\/fr\/wp-content\/uploads\/2025\/06\/44_TOP-500_AM-1.jpg\" title=\"44. Morgan Couturier (Lyon People), Louis Engelhard (ESDES) et Laure-Marine Godet (APAVE)\" data-rl_title=\"44. Morgan Couturier (Lyon People), Louis Engelhard (ESDES) et Laure-Marine Godet (APAVE)\" class=\"rl-gallery-link\" data-rl_caption=\"\" data-rel=\"lightbox-gallery-bGlnaHRib3gtZ2FsbGVyeS0w\" data-rl_><img loading=\"lazy\" decoding=\"async\" width=\"900\" height=\"599\" src=\"data:image\/svg+xml,%3Csvg%20xmlns=\" http:=\"\" class=\"attachment-large size-large\" alt=\"\" aria-describedby=\"gallery--161752\" data-lazy- data-lazy- data-lazy-src=\"https:\/\/www.europesays.com\/fr\/wp-content\/uploads\/2025\/06\/44_TOP-500_AM-1.jpg\"\/><\/a><\/p>\n<p>\n                                44. Morgan Couturier (Lyon People), Louis Engelhard (ESDES) et Laure-Marine Godet (APAVE)<\/p>\n<p><br style=\"clear: both\"\/><\/p>\n<p>                                <a href=\"https:\/\/www.europesays.com\/fr\/wp-content\/uploads\/2025\/06\/45_TOP-500_AM-1.jpg\" title=\"45. Cl\u00e9mentine Brunet et l\u2019artiste Nicolas Heyndrickx, alias Ndrix\" data-rl_title=\"45. Cl\u00e9mentine Brunet et l\u2019artiste Nicolas Heyndrickx, alias Ndrix\" class=\"rl-gallery-link\" data-rl_caption=\"\" data-rel=\"lightbox-gallery-bGlnaHRib3gtZ2FsbGVyeS0w\" data-rl_><img loading=\"lazy\" decoding=\"async\" width=\"900\" height=\"599\" src=\"data:image\/svg+xml,%3Csvg%20xmlns=\" http:=\"\" class=\"attachment-large size-large\" alt=\"\" aria-describedby=\"gallery--161753\" data-lazy- data-lazy- data-lazy-src=\"https:\/\/www.europesays.com\/fr\/wp-content\/uploads\/2025\/06\/45_TOP-500_AM-1.jpg\"\/><\/a><\/p>\n<p>\n                                45. Cl\u00e9mentine Brunet et l\u2019artiste Nicolas Heyndrickx, alias Ndrix<\/p>\n<p>                                <a href=\"https:\/\/www.europesays.com\/fr\/wp-content\/uploads\/2025\/06\/46_TOP-500_AM-1.jpg\" title=\"46. J\u00e9r\u00e9mie Br\u00e9aud, maire de Bron et Gilles Courteix, pr\u00e9sident du MEDEF Lyon-Rh\u00f4ne\" data-rl_title=\"46. J\u00e9r\u00e9mie Br\u00e9aud, maire de Bron et Gilles Courteix, pr\u00e9sident du MEDEF Lyon-Rh\u00f4ne\" class=\"rl-gallery-link\" data-rl_caption=\"\" data-rel=\"lightbox-gallery-bGlnaHRib3gtZ2FsbGVyeS0w\" data-rl_><img loading=\"lazy\" decoding=\"async\" width=\"900\" height=\"599\" src=\"data:image\/svg+xml,%3Csvg%20xmlns=\" http:=\"\" class=\"attachment-large size-large\" alt=\"\" aria-describedby=\"gallery--161754\" data-lazy- data-lazy- data-lazy-src=\"https:\/\/www.europesays.com\/fr\/wp-content\/uploads\/2025\/06\/46_TOP-500_AM-1.jpg\"\/><\/a><\/p>\n<p>\n                                46. J\u00e9r\u00e9mie Br\u00e9aud, maire de Bron et Gilles Courteix, pr\u00e9sident du MEDEF Lyon-Rh\u00f4ne<\/p>\n<p><br style=\"clear: both\"\/><\/p>\n<p>                                <a href=\"https:\/\/www.europesays.com\/fr\/wp-content\/uploads\/2025\/06\/47_TOP-500_AM-1.jpg\" title=\"47. Catherine Lafor\u00eat, conseill\u00e8re r\u00e9gionale et sa fille Flavie Lafor\u00eat (Lyon People).\" data-rl_title=\"47. Catherine Lafor\u00eat, conseill\u00e8re r\u00e9gionale et sa fille Flavie Lafor\u00eat (Lyon People).\" class=\"rl-gallery-link\" data-rl_caption=\"\" data-rel=\"lightbox-gallery-bGlnaHRib3gtZ2FsbGVyeS0w\" data-rl_><img loading=\"lazy\" decoding=\"async\" width=\"900\" height=\"599\" src=\"data:image\/svg+xml,%3Csvg%20xmlns=\" http:=\"\" class=\"attachment-large size-large\" alt=\"\" aria-describedby=\"gallery--161755\" data-lazy- data-lazy- data-lazy-src=\"https:\/\/www.europesays.com\/fr\/wp-content\/uploads\/2025\/06\/47_TOP-500_AM-1.jpg\"\/><\/a><\/p>\n<p>\n                                47. Catherine Lafor\u00eat, conseill\u00e8re r\u00e9gionale et sa fille Flavie Lafor\u00eat (Lyon People).<\/p>\n<p>                                <a href=\"https:\/\/www.europesays.com\/fr\/wp-content\/uploads\/2025\/06\/48_TOP-500_AM-1.jpg\" title=\"48. Elisabeth Thion, directrice g\u00e9n\u00e9rale Thion ARVIX et H\u00e9l\u00e8ne Tommasini Goin, directrice de client\u00e8le Banque Populaire\" data-rl_title=\"48. Elisabeth Thion, directrice g\u00e9n\u00e9rale Thion ARVIX et H\u00e9l\u00e8ne Tommasini Goin, directrice de client\u00e8le Banque Populaire\" class=\"rl-gallery-link\" data-rl_caption=\"\" data-rel=\"lightbox-gallery-bGlnaHRib3gtZ2FsbGVyeS0w\" data-rl_><img loading=\"lazy\" decoding=\"async\" width=\"900\" height=\"599\" src=\"data:image\/svg+xml,%3Csvg%20xmlns=\" http:=\"\" class=\"attachment-large size-large\" alt=\"\" aria-describedby=\"gallery--161756\" data-lazy- data-lazy- data-lazy-src=\"https:\/\/www.europesays.com\/fr\/wp-content\/uploads\/2025\/06\/48_TOP-500_AM-1.jpg\"\/><\/a><\/p>\n<p>\n                                48. Elisabeth Thion, directrice g\u00e9n\u00e9rale Thion ARVIX et H\u00e9l\u00e8ne Tommasini Goin, directrice de client\u00e8le Banque Populaire<\/p>\n<p><br style=\"clear: both\"\/><\/p>\n<p>                                <a href=\"https:\/\/www.europesays.com\/fr\/wp-content\/uploads\/2025\/06\/49_TOP-500_AM-1.jpg\" title=\"49. Xavier Bresse (Merk sant\u00e9) et Charline Bresse, directrice g\u00e9n\u00e9rale du Groupe Lavorel H\u00f4tels\" data-rl_title=\"49. Xavier Bresse (Merk sant\u00e9) et Charline Bresse, directrice g\u00e9n\u00e9rale du Groupe Lavorel H\u00f4tels\" class=\"rl-gallery-link\" data-rl_caption=\"\" data-rel=\"lightbox-gallery-bGlnaHRib3gtZ2FsbGVyeS0w\" data-rl_><img loading=\"lazy\" decoding=\"async\" width=\"900\" height=\"599\" src=\"data:image\/svg+xml,%3Csvg%20xmlns=\" http:=\"\" class=\"attachment-large size-large\" alt=\"\" aria-describedby=\"gallery--161757\" data-lazy- data-lazy- data-lazy-src=\"https:\/\/www.europesays.com\/fr\/wp-content\/uploads\/2025\/06\/49_TOP-500_AM-1.jpg\"\/><\/a><\/p>\n<p>\n                                49. Xavier Bresse (Merk sant\u00e9) et Charline Bresse, directrice g\u00e9n\u00e9rale du Groupe Lavorel H\u00f4tels<\/p>\n<p>                                <a href=\"https:\/\/www.europesays.com\/fr\/wp-content\/uploads\/2025\/06\/50_TOP-500_AM-1.jpg\" title=\"50. Marco Polisson (Lyon People) entour\u00e9 de Laure-Marine Godet (APAVE) et Louis Engelhard (ESDES)\" data-rl_title=\"50. Marco Polisson (Lyon People) entour\u00e9 de Laure-Marine Godet (APAVE) et Louis Engelhard (ESDES)\" class=\"rl-gallery-link\" data-rl_caption=\"\" data-rel=\"lightbox-gallery-bGlnaHRib3gtZ2FsbGVyeS0w\" data-rl_><img loading=\"lazy\" decoding=\"async\" width=\"900\" height=\"599\" src=\"data:image\/svg+xml,%3Csvg%20xmlns=\" http:=\"\" class=\"attachment-large size-large\" alt=\"\" aria-describedby=\"gallery--161758\" data-lazy- data-lazy- data-lazy-src=\"https:\/\/www.europesays.com\/fr\/wp-content\/uploads\/2025\/06\/50_TOP-500_AM-1.jpg\"\/><\/a><\/p>\n<p>\n                                50. Marco Polisson (Lyon People) entour\u00e9 de Laure-Marine Godet (APAVE) et Louis Engelhard (ESDES) <\/p>\n<p><br style=\"clear: both\"\/><\/p>\n<p>                                <a href=\"https:\/\/www.europesays.com\/fr\/wp-content\/uploads\/2025\/06\/51_TOP-500_AM-1.jpg\" title=\"51. Laure-Marine Godet (APAVE), Charlotte Winckler, Louis Engelhard, Marco Polisson et Patricia Rivier\" data-rl_title=\"51. Laure-Marine Godet (APAVE), Charlotte Winckler, Louis Engelhard, Marco Polisson et Patricia Rivier\" class=\"rl-gallery-link\" data-rl_caption=\"\" data-rel=\"lightbox-gallery-bGlnaHRib3gtZ2FsbGVyeS0w\" data-rl_><img loading=\"lazy\" decoding=\"async\" width=\"900\" height=\"599\" src=\"data:image\/svg+xml,%3Csvg%20xmlns=\" http:=\"\" class=\"attachment-large size-large\" alt=\"\" aria-describedby=\"gallery--161759\" data-lazy- data-lazy- data-lazy-src=\"https:\/\/www.europesays.com\/fr\/wp-content\/uploads\/2025\/06\/51_TOP-500_AM-1.jpg\"\/><\/a><\/p>\n<p>\n                                51. Laure-Marine Godet (APAVE), Charlotte Winckler, Louis Engelhard, Marco Polisson et Patricia Rivier<\/p>\n<p>                                <a href=\"https:\/\/www.europesays.com\/fr\/wp-content\/uploads\/2025\/06\/52_TOP-500_AM-1.jpg\" title=\"52. Marine et Corinne Paris (MEDEF Is\u00e8re)\" data-rl_title=\"52. Marine et Corinne Paris (MEDEF Is\u00e8re)\" class=\"rl-gallery-link\" data-rl_caption=\"\" data-rel=\"lightbox-gallery-bGlnaHRib3gtZ2FsbGVyeS0w\" data-rl_><img loading=\"lazy\" decoding=\"async\" width=\"900\" height=\"599\" src=\"data:image\/svg+xml,%3Csvg%20xmlns=\" http:=\"\" class=\"attachment-large size-large\" alt=\"\" aria-describedby=\"gallery--161760\" data-lazy- data-lazy- data-lazy-src=\"https:\/\/www.europesays.com\/fr\/wp-content\/uploads\/2025\/06\/52_TOP-500_AM-1.jpg\"\/><\/a><\/p>\n<p>\n                                 52. Marine et Corinne Paris (MEDEF Is\u00e8re)<\/p>\n<p><br style=\"clear: both\"\/><\/p>\n<p>                                <a href=\"https:\/\/www.europesays.com\/fr\/wp-content\/uploads\/2025\/06\/53_TOP-500_AM-1.jpg\" title=\"53. Les h\u00f4tesses de Byblos Shine avec leur directrice Estelle Ronchetti.\" data-rl_title=\"53. Les h\u00f4tesses de Byblos Shine avec leur directrice Estelle Ronchetti.\" class=\"rl-gallery-link\" data-rl_caption=\"\" data-rel=\"lightbox-gallery-bGlnaHRib3gtZ2FsbGVyeS0w\" data-rl_><img loading=\"lazy\" decoding=\"async\" width=\"900\" height=\"599\" src=\"data:image\/svg+xml,%3Csvg%20xmlns=\" http:=\"\" class=\"attachment-large size-large\" alt=\"\" aria-describedby=\"gallery--161761\" data-lazy- data-lazy- data-lazy-src=\"https:\/\/www.europesays.com\/fr\/wp-content\/uploads\/2025\/06\/53_TOP-500_AM-1.jpg\"\/><\/a><\/p>\n<p>\n                                53. Les h\u00f4tesses de Byblos Shine avec leur directrice Estelle Ronchetti.<\/p>\n<p>                                <a href=\"https:\/\/www.europesays.com\/fr\/wp-content\/uploads\/2025\/06\/54_TOP-500_AM-1.jpg\" title=\"54. Estelle Ronchetti, directrice de l\u2019Agence Byblos Shine.\" data-rl_title=\"54. Estelle Ronchetti, directrice de l\u2019Agence Byblos Shine.\" class=\"rl-gallery-link\" data-rl_caption=\"\" data-rel=\"lightbox-gallery-bGlnaHRib3gtZ2FsbGVyeS0w\" data-rl_><img loading=\"lazy\" decoding=\"async\" width=\"900\" height=\"599\" src=\"data:image\/svg+xml,%3Csvg%20xmlns=\" http:=\"\" class=\"attachment-large size-large\" alt=\"\" aria-describedby=\"gallery--161762\" data-lazy- data-lazy- data-lazy-src=\"https:\/\/www.europesays.com\/fr\/wp-content\/uploads\/2025\/06\/54_TOP-500_AM-1.jpg\"\/><\/a><\/p>\n<p>\n                                54. Estelle Ronchetti, directrice de l\u2019Agence Byblos Shine.<\/p>\n<p><br style=\"clear: both\"\/><\/p>\n<p>                                <a href=\"https:\/\/www.europesays.com\/fr\/wp-content\/uploads\/2025\/06\/55_TOP-500_AM-1.jpg\" title=\"55. Vincent Le Roux, directeur g\u00e9n\u00e9ral de la maison Paul Bocuse, Marco Polisson, r\u00e9dacteur en chef de Lyon People, Nicolas Winckler, directeur du Top 500 des Lyonnais, l\u2019humoriste Laurent Gerra et le DJ Philippe Jacquet\" data-rl_title=\"55. Vincent Le Roux, directeur g\u00e9n\u00e9ral de la maison Paul Bocuse, Marco Polisson, r\u00e9dacteur en chef de Lyon People, Nicolas Winckler, directeur du Top 500 des Lyonnais, l\u2019humoriste Laurent Gerra et le DJ Philippe Jacquet\" class=\"rl-gallery-link\" data-rl_caption=\"\" data-rel=\"lightbox-gallery-bGlnaHRib3gtZ2FsbGVyeS0w\" data-rl_><img loading=\"lazy\" decoding=\"async\" width=\"900\" height=\"599\" src=\"data:image\/svg+xml,%3Csvg%20xmlns=\" http:=\"\" class=\"attachment-large size-large\" alt=\"\" aria-describedby=\"gallery--161763\" data-lazy- data-lazy- data-lazy-src=\"https:\/\/www.europesays.com\/fr\/wp-content\/uploads\/2025\/06\/55_TOP-500_AM-1.jpg\"\/><\/a><\/p>\n<p>\n                                55. Vincent Le Roux, directeur g\u00e9n\u00e9ral de la maison Paul Bocuse, Marco Polisson, r\u00e9dacteur en chef de Lyon People, Nicolas Winckler, directeur du Top 500 des Lyonnais, l\u2019humoriste Laurent Gerra et le DJ Philippe Jacquet<\/p>\n<p>                                <a href=\"https:\/\/www.europesays.com\/fr\/wp-content\/uploads\/2025\/06\/56_TOP-500_AM-1.jpg\" title=\"56. Christophe Guilloteau, pr\u00e9sident du D\u00e9partement du Rh\u00f4ne, entour\u00e9 de Nicolas Winckler et Marco Polisson (Lyon People).\" data-rl_title=\"56. Christophe Guilloteau, pr\u00e9sident du D\u00e9partement du Rh\u00f4ne, entour\u00e9 de Nicolas Winckler et Marco Polisson (Lyon People).\" class=\"rl-gallery-link\" data-rl_caption=\"\" data-rel=\"lightbox-gallery-bGlnaHRib3gtZ2FsbGVyeS0w\" data-rl_><img loading=\"lazy\" decoding=\"async\" width=\"900\" height=\"599\" src=\"data:image\/svg+xml,%3Csvg%20xmlns=\" http:=\"\" class=\"attachment-large size-large\" alt=\"\" aria-describedby=\"gallery--161764\" data-lazy- data-lazy- data-lazy-src=\"https:\/\/www.europesays.com\/fr\/wp-content\/uploads\/2025\/06\/56_TOP-500_AM-1.jpg\"\/><\/a><\/p>\n<p>\n                                56. Christophe Guilloteau, pr\u00e9sident du D\u00e9partement du Rh\u00f4ne, entour\u00e9 de Nicolas Winckler et Marco Polisson (Lyon People).<\/p>\n<p><br style=\"clear: both\"\/><\/p>\n<p>                                <a href=\"https:\/\/www.europesays.com\/fr\/wp-content\/uploads\/2025\/06\/57_TOP-500_AM-1.jpg\" title=\"57. Nicolas Winkler, directeur du Top 500, Lyon People, l\u2019humoriste Ary Abittan et Jean-Rodolphe Guigonnet, directeur g\u00e9n\u00e9ral Ferrari Groupe Gauduel.\" data-rl_title=\"57. Nicolas Winkler, directeur du Top 500, Lyon People, l\u2019humoriste Ary Abittan et Jean-Rodolphe Guigonnet, directeur g\u00e9n\u00e9ral Ferrari Groupe Gauduel.\" class=\"rl-gallery-link\" data-rl_caption=\"\" data-rel=\"lightbox-gallery-bGlnaHRib3gtZ2FsbGVyeS0w\" data-rl_><img loading=\"lazy\" decoding=\"async\" width=\"900\" height=\"599\" src=\"data:image\/svg+xml,%3Csvg%20xmlns=\" http:=\"\" class=\"attachment-large size-large\" alt=\"\" aria-describedby=\"gallery--161765\" data-lazy- data-lazy- data-lazy-src=\"https:\/\/www.europesays.com\/fr\/wp-content\/uploads\/2025\/06\/57_TOP-500_AM-1.jpg\"\/><\/a><\/p>\n<p>\n                                57. Nicolas Winkler, directeur du Top 500, Lyon People, l\u2019humoriste Ary Abittan et Jean-Rodolphe Guigonnet, directeur g\u00e9n\u00e9ral Ferrari Groupe Gauduel.<\/p>\n<p>                                <a href=\"https:\/\/www.europesays.com\/fr\/wp-content\/uploads\/2025\/06\/58_TOP-500_AM-1.jpg\" title=\"58. Vincent Le Roux, directeur g\u00e9n\u00e9ral de la maison Paul Bocuse, l\u2019humoriste Ary Abittant, Nicolas Winckler, Christophe Marguin, pr\u00e9sident des Toques Blanches Lyonnaises et Jean-Rodolpe Guigonnet, directeur g\u00e9n\u00e9ral de Ferrari Groupe Gauduel\" data-rl_title=\"58. Vincent Le Roux, directeur g\u00e9n\u00e9ral de la maison Paul Bocuse, l\u2019humoriste Ary Abittant, Nicolas Winckler, Christophe Marguin, pr\u00e9sident des Toques Blanches Lyonnaises et Jean-Rodolpe Guigonnet, directeur g\u00e9n\u00e9ral de Ferrari Groupe Gauduel\" class=\"rl-gallery-link\" data-rl_caption=\"\" data-rel=\"lightbox-gallery-bGlnaHRib3gtZ2FsbGVyeS0w\" data-rl_><img loading=\"lazy\" decoding=\"async\" width=\"900\" height=\"599\" src=\"data:image\/svg+xml,%3Csvg%20xmlns=\" http:=\"\" class=\"attachment-large size-large\" alt=\"\" aria-describedby=\"gallery--161766\" data-lazy- data-lazy- data-lazy-src=\"https:\/\/www.europesays.com\/fr\/wp-content\/uploads\/2025\/06\/58_TOP-500_AM-1.jpg\"\/><\/a><\/p>\n<p>\n                                58. Vincent Le Roux, directeur g\u00e9n\u00e9ral de la maison Paul Bocuse, l\u2019humoriste Ary Abittant, Nicolas Winckler, Christophe Marguin, pr\u00e9sident des Toques Blanches Lyonnaises et Jean-Rodolpe Guigonnet, directeur g\u00e9n\u00e9ral de Ferrari Groupe Gauduel<\/p>\n<p><br style=\"clear: both\"\/><\/p>\n<p>                                <a href=\"https:\/\/www.europesays.com\/fr\/wp-content\/uploads\/2025\/06\/59_TOP-500_AM-1.jpg\" title=\"59. Ary Abittant, Franck Hernandez, Nicolas Winckler et Christophe Marguin.\" data-rl_title=\"59. Ary Abittant, Franck Hernandez, Nicolas Winckler et Christophe Marguin.\" class=\"rl-gallery-link\" data-rl_caption=\"\" data-rel=\"lightbox-gallery-bGlnaHRib3gtZ2FsbGVyeS0w\" data-rl_><img loading=\"lazy\" decoding=\"async\" width=\"900\" height=\"599\" src=\"data:image\/svg+xml,%3Csvg%20xmlns=\" http:=\"\" class=\"attachment-large size-large\" alt=\"\" aria-describedby=\"gallery--161767\" data-lazy- data-lazy- data-lazy-src=\"https:\/\/www.europesays.com\/fr\/wp-content\/uploads\/2025\/06\/59_TOP-500_AM-1.jpg\"\/><\/a><\/p>\n<p>\n                                59. Ary Abittant, Franck Hernandez, Nicolas Winckler et Christophe Marguin.<\/p>\n<p>                                <a href=\"https:\/\/www.europesays.com\/fr\/wp-content\/uploads\/2025\/06\/60_TOP-500_AM-1.jpg\" title=\"60. Alexandre Jeannerod (Euro Sono), le fleuriste Franck Hernandez et Nicolas Winckler (Lyon People).\" data-rl_title=\"60. Alexandre Jeannerod (Euro Sono), le fleuriste Franck Hernandez et Nicolas Winckler (Lyon People).\" class=\"rl-gallery-link\" data-rl_caption=\"\" data-rel=\"lightbox-gallery-bGlnaHRib3gtZ2FsbGVyeS0w\" data-rl_><img loading=\"lazy\" decoding=\"async\" width=\"900\" height=\"599\" src=\"data:image\/svg+xml,%3Csvg%20xmlns=\" http:=\"\" class=\"attachment-large size-large\" alt=\"\" aria-describedby=\"gallery--161768\" data-lazy- data-lazy- data-lazy-src=\"https:\/\/www.europesays.com\/fr\/wp-content\/uploads\/2025\/06\/60_TOP-500_AM-1.jpg\"\/><\/a><\/p>\n<p>\n                                60. Alexandre Jeannerod (Euro Sono), le fleuriste Franck Hernandez et Nicolas Winckler (Lyon People).<\/p>\n<p><br style=\"clear: both\"\/><\/p>\n<p>                                <a href=\"https:\/\/www.europesays.com\/fr\/wp-content\/uploads\/2025\/06\/61_TOP-500_AM-1.jpg\" title=\"61. Nicolas Winckler (Lyon People) et Harmony Valiente (Rovitex)\" data-rl_title=\"61. Nicolas Winckler (Lyon People) et Harmony Valiente (Rovitex)\" class=\"rl-gallery-link\" data-rl_caption=\"\" data-rel=\"lightbox-gallery-bGlnaHRib3gtZ2FsbGVyeS0w\" data-rl_><img loading=\"lazy\" decoding=\"async\" width=\"900\" height=\"599\" src=\"data:image\/svg+xml,%3Csvg%20xmlns=\" http:=\"\" class=\"attachment-large size-large\" alt=\"\" aria-describedby=\"gallery--161769\" data-lazy- data-lazy- data-lazy-src=\"https:\/\/www.europesays.com\/fr\/wp-content\/uploads\/2025\/06\/61_TOP-500_AM-1.jpg\"\/><\/a><\/p>\n<p>\n                                61. Nicolas Winckler (Lyon People) et Harmony Valiente (Rovitex)<\/p>\n<p>                                <a href=\"https:\/\/www.europesays.com\/fr\/wp-content\/uploads\/2025\/06\/62_TOP-500_AM-1.jpg\" title=\"62. Harmony Valiente (Rovitex) et Jean-Rodolpe Guigonnet, directeur g\u00e9n\u00e9ral Ferrari Groupe Gauduel\" data-rl_title=\"62. Harmony Valiente (Rovitex) et Jean-Rodolpe Guigonnet, directeur g\u00e9n\u00e9ral Ferrari Groupe Gauduel\" class=\"rl-gallery-link\" data-rl_caption=\"\" data-rel=\"lightbox-gallery-bGlnaHRib3gtZ2FsbGVyeS0w\" data-rl_><img loading=\"lazy\" decoding=\"async\" width=\"900\" height=\"599\" src=\"data:image\/svg+xml,%3Csvg%20xmlns=\" http:=\"\" class=\"attachment-large size-large\" alt=\"\" aria-describedby=\"gallery--161770\" data-lazy- data-lazy- data-lazy-src=\"https:\/\/www.europesays.com\/fr\/wp-content\/uploads\/2025\/06\/62_TOP-500_AM-1.jpg\"\/><\/a><\/p>\n<p>\n                                62. Harmony Valiente (Rovitex) et Jean-Rodolpe Guigonnet, directeur g\u00e9n\u00e9ral Ferrari Groupe Gauduel<\/p>\n<p><br style=\"clear: both\"\/><\/p>\n<p>                                <a href=\"https:\/\/www.europesays.com\/fr\/wp-content\/uploads\/2025\/06\/63_TOP-500_AM-1.jpg\" title=\"63. La famille Abitbol\" data-rl_title=\"63. La famille Abitbol\" class=\"rl-gallery-link\" data-rl_caption=\"\" data-rel=\"lightbox-gallery-bGlnaHRib3gtZ2FsbGVyeS0w\" data-rl_><img loading=\"lazy\" decoding=\"async\" width=\"900\" height=\"599\" src=\"data:image\/svg+xml,%3Csvg%20xmlns=\" http:=\"\" class=\"attachment-large size-large\" alt=\"\" aria-describedby=\"gallery--161771\" data-lazy- data-lazy- data-lazy-src=\"https:\/\/www.europesays.com\/fr\/wp-content\/uploads\/2025\/06\/63_TOP-500_AM-1.jpg\"\/><\/a><\/p>\n<p>\n                                63. La famille Abitbol <\/p>\n<p>                                <a href=\"https:\/\/www.europesays.com\/fr\/wp-content\/uploads\/2025\/06\/64_TOP-500_AM-1.jpg\" title=\"64. Maggy Abitbol entour\u00e9e de ses fils, Arnaud, Laurent et St\u00e9phane\" data-rl_title=\"64. Maggy Abitbol entour\u00e9e de ses fils, Arnaud, Laurent et St\u00e9phane\" class=\"rl-gallery-link\" data-rl_caption=\"\" data-rel=\"lightbox-gallery-bGlnaHRib3gtZ2FsbGVyeS0w\" data-rl_><img loading=\"lazy\" decoding=\"async\" width=\"900\" height=\"599\" src=\"data:image\/svg+xml,%3Csvg%20xmlns=\" http:=\"\" class=\"attachment-large size-large\" alt=\"\" aria-describedby=\"gallery--161772\" data-lazy- data-lazy- data-lazy-src=\"https:\/\/www.europesays.com\/fr\/wp-content\/uploads\/2025\/06\/64_TOP-500_AM-1.jpg\"\/><\/a><\/p>\n<p>\n                                64. Maggy Abitbol entour\u00e9e de ses fils, Arnaud, Laurent et St\u00e9phane<\/p>\n<p><br style=\"clear: both\"\/><\/p>\n<p>                                <a href=\"https:\/\/www.europesays.com\/fr\/wp-content\/uploads\/2025\/06\/65_TOP-500_AM-1.jpg\" title=\"65.\" data-rl_title=\"65.\" class=\"rl-gallery-link\" data-rl_caption=\"\" data-rel=\"lightbox-gallery-bGlnaHRib3gtZ2FsbGVyeS0w\" data-rl_><img loading=\"lazy\" decoding=\"async\" width=\"900\" height=\"599\" src=\"data:image\/svg+xml,%3Csvg%20xmlns=\" http:=\"\" class=\"attachment-large size-large\" alt=\"\" aria-describedby=\"gallery--161773\" data-lazy- data-lazy- data-lazy-src=\"https:\/\/www.europesays.com\/fr\/wp-content\/uploads\/2025\/06\/65_TOP-500_AM-1.jpg\"\/><\/a><\/p>\n<p>\n                                65. <\/p>\n<p>                                <a href=\"https:\/\/www.europesays.com\/fr\/wp-content\/uploads\/2025\/06\/66_TOP-500_AM-1.jpg\" title=\"66. L\u2019humoriste Ary Abittan\" data-rl_title=\"66. L\u2019humoriste Ary Abittan\" class=\"rl-gallery-link\" data-rl_caption=\"\" data-rel=\"lightbox-gallery-bGlnaHRib3gtZ2FsbGVyeS0w\" data-rl_><img loading=\"lazy\" decoding=\"async\" width=\"900\" height=\"599\" src=\"data:image\/svg+xml,%3Csvg%20xmlns=\" http:=\"\" class=\"attachment-large size-large\" alt=\"\" aria-describedby=\"gallery--161774\" data-lazy- data-lazy- data-lazy-src=\"https:\/\/www.europesays.com\/fr\/wp-content\/uploads\/2025\/06\/66_TOP-500_AM-1.jpg\"\/><\/a><\/p>\n<p>\n                                66. L\u2019humoriste Ary Abittan<\/p>\n<p><br style=\"clear: both\"\/><\/p>\n<p>                                <a href=\"https:\/\/www.europesays.com\/fr\/wp-content\/uploads\/2025\/06\/67_TOP-500_AM-1.jpg\" title=\"67.\" data-rl_title=\"67.\" class=\"rl-gallery-link\" data-rl_caption=\"\" data-rel=\"lightbox-gallery-bGlnaHRib3gtZ2FsbGVyeS0w\" data-rl_><img loading=\"lazy\" decoding=\"async\" width=\"900\" height=\"599\" src=\"data:image\/svg+xml,%3Csvg%20xmlns=\" http:=\"\" class=\"attachment-large size-large\" alt=\"\" aria-describedby=\"gallery--161775\" data-lazy- data-lazy- data-lazy-src=\"https:\/\/www.europesays.com\/fr\/wp-content\/uploads\/2025\/06\/67_TOP-500_AM-1.jpg\"\/><\/a><\/p>\n<p>\n                                67. <\/p>\n<p>                                <a href=\"https:\/\/www.europesays.com\/fr\/wp-content\/uploads\/2025\/06\/68_TOP-500_AM-1.jpg\" title=\"68. Lauren Schein, fondatrice de La Belle Boucle aux c\u00f4t\u00e9s d\u2019Alexis Muller, son associ\u00e9 et compagnon.\" data-rl_title=\"68. Lauren Schein, fondatrice de La Belle Boucle aux c\u00f4t\u00e9s d\u2019Alexis Muller, son associ\u00e9 et compagnon.\" class=\"rl-gallery-link\" data-rl_caption=\"\" data-rel=\"lightbox-gallery-bGlnaHRib3gtZ2FsbGVyeS0w\" data-rl_><img loading=\"lazy\" decoding=\"async\" width=\"900\" height=\"599\" src=\"data:image\/svg+xml,%3Csvg%20xmlns=\" http:=\"\" class=\"attachment-large size-large\" alt=\"\" aria-describedby=\"gallery--161776\" data-lazy- data-lazy- data-lazy-src=\"https:\/\/www.europesays.com\/fr\/wp-content\/uploads\/2025\/06\/68_TOP-500_AM-1.jpg\"\/><\/a><\/p>\n<p>\n                                68. Lauren Schein, fondatrice de La Belle Boucle aux c\u00f4t\u00e9s d\u2019Alexis Muller, son associ\u00e9 et compagnon.<\/p>\n<p><br style=\"clear: both\"\/><\/p>\n<p>                                <a href=\"https:\/\/www.europesays.com\/fr\/wp-content\/uploads\/2025\/06\/69_TOP-500_AM-1.jpg\" title=\"69. Xavier et In\u00e8s Bourit\" data-rl_title=\"69. Xavier et In\u00e8s Bourit\" class=\"rl-gallery-link\" data-rl_caption=\"\" data-rel=\"lightbox-gallery-bGlnaHRib3gtZ2FsbGVyeS0w\" data-rl_><img loading=\"lazy\" decoding=\"async\" width=\"900\" height=\"599\" src=\"data:image\/svg+xml,%3Csvg%20xmlns=\" http:=\"\" class=\"attachment-large size-large\" alt=\"\" aria-describedby=\"gallery--161777\" data-lazy- data-lazy- data-lazy-src=\"https:\/\/www.europesays.com\/fr\/wp-content\/uploads\/2025\/06\/69_TOP-500_AM-1.jpg\"\/><\/a><\/p>\n<p>\n                                69. Xavier et In\u00e8s Bourit <\/p>\n<p>                                <a href=\"https:\/\/www.europesays.com\/fr\/wp-content\/uploads\/2025\/06\/70_TOP-500_AM-1.jpg\" title=\"70. Elisabeth Thion (S Thion) et Nicolas Winckler (Lyon People).\" data-rl_title=\"70. Elisabeth Thion (S Thion) et Nicolas Winckler (Lyon People).\" class=\"rl-gallery-link\" data-rl_caption=\"\" data-rel=\"lightbox-gallery-bGlnaHRib3gtZ2FsbGVyeS0w\" data-rl_><img loading=\"lazy\" decoding=\"async\" width=\"900\" height=\"599\" src=\"data:image\/svg+xml,%3Csvg%20xmlns=\" http:=\"\" class=\"attachment-large size-large\" alt=\"\" aria-describedby=\"gallery--161778\" data-lazy- data-lazy- data-lazy-src=\"https:\/\/www.europesays.com\/fr\/wp-content\/uploads\/2025\/06\/70_TOP-500_AM-1.jpg\"\/><\/a><\/p>\n<p>\n                                70. Elisabeth Thion (S Thion) et Nicolas Winckler (Lyon People).<\/p>\n<p><br style=\"clear: both\"\/><\/p>\n<p>                                <a href=\"https:\/\/www.europesays.com\/fr\/wp-content\/uploads\/2025\/06\/71_TOP-500_AM-1.jpg\" title=\"71. Patricia Tronel (Agence Avec Joie) et Christophe Tronel, directeur juridique de la Banque Populaire Europe\" data-rl_title=\"71. Patricia Tronel (Agence Avec Joie) et Christophe Tronel, directeur juridique de la Banque Populaire Europe\" class=\"rl-gallery-link\" data-rl_caption=\"\" data-rel=\"lightbox-gallery-bGlnaHRib3gtZ2FsbGVyeS0w\" data-rl_><img loading=\"lazy\" decoding=\"async\" width=\"900\" height=\"599\" src=\"data:image\/svg+xml,%3Csvg%20xmlns=\" http:=\"\" class=\"attachment-large size-large\" alt=\"\" aria-describedby=\"gallery--161779\" data-lazy- data-lazy- data-lazy-src=\"https:\/\/www.europesays.com\/fr\/wp-content\/uploads\/2025\/06\/71_TOP-500_AM-1.jpg\"\/><\/a><\/p>\n<p>\n                                71. Patricia Tronel (Agence Avec Joie) et Christophe Tronel, directeur juridique de la Banque Populaire Europe<\/p>\n<p>                                <a href=\"https:\/\/www.europesays.com\/fr\/wp-content\/uploads\/2025\/06\/72_TOP-500_AM-1.jpg\" title=\"72. L\u2019ancien d\u00e9put\u00e9 du Rh\u00f4ne, Marc Fraysse et Christelle Bejoin\" data-rl_title=\"72. L\u2019ancien d\u00e9put\u00e9 du Rh\u00f4ne, Marc Fraysse et Christelle Bejoin\" class=\"rl-gallery-link\" data-rl_caption=\"\" data-rel=\"lightbox-gallery-bGlnaHRib3gtZ2FsbGVyeS0w\" data-rl_><img loading=\"lazy\" decoding=\"async\" width=\"900\" height=\"599\" src=\"data:image\/svg+xml,%3Csvg%20xmlns=\" http:=\"\" class=\"attachment-large size-large\" alt=\"\" aria-describedby=\"gallery--161780\" data-lazy- data-lazy- data-lazy-src=\"https:\/\/www.europesays.com\/fr\/wp-content\/uploads\/2025\/06\/72_TOP-500_AM-1.jpg\"\/><\/a><\/p>\n<p>\n                                72. L\u2019ancien d\u00e9put\u00e9 du Rh\u00f4ne, Marc Fraysse et Christelle Bejoin<\/p>\n<p><br style=\"clear: both\"\/><\/p>\n<p>                                <a href=\"https:\/\/www.europesays.com\/fr\/wp-content\/uploads\/2025\/06\/73_TOP-500_AM-1.jpg\" title=\"73. Alessandro Caristo, directeur h\u00f4tel Boscolo\" data-rl_title=\"73. Alessandro Caristo, directeur h\u00f4tel Boscolo\" class=\"rl-gallery-link\" data-rl_caption=\"\" data-rel=\"lightbox-gallery-bGlnaHRib3gtZ2FsbGVyeS0w\" data-rl_><img loading=\"lazy\" decoding=\"async\" width=\"900\" height=\"599\" src=\"data:image\/svg+xml,%3Csvg%20xmlns=\" http:=\"\" class=\"attachment-large size-large\" alt=\"\" aria-describedby=\"gallery--161781\" data-lazy- data-lazy- data-lazy-src=\"https:\/\/www.europesays.com\/fr\/wp-content\/uploads\/2025\/06\/73_TOP-500_AM-1.jpg\"\/><\/a><\/p>\n<p>\n                                73. Alessandro Caristo, directeur h\u00f4tel Boscolo<\/p>\n<p>                                <a href=\"https:\/\/www.europesays.com\/fr\/wp-content\/uploads\/2025\/06\/74_TOP-500_AM-1.jpg\" title=\"74.\" data-rl_title=\"74.\" class=\"rl-gallery-link\" data-rl_caption=\"\" data-rel=\"lightbox-gallery-bGlnaHRib3gtZ2FsbGVyeS0w\" data-rl_><img loading=\"lazy\" decoding=\"async\" width=\"900\" height=\"599\" src=\"data:image\/svg+xml,%3Csvg%20xmlns=\" http:=\"\" class=\"attachment-large size-large\" alt=\"\" aria-describedby=\"gallery--161782\" data-lazy- data-lazy- data-lazy-src=\"https:\/\/www.europesays.com\/fr\/wp-content\/uploads\/2025\/06\/74_TOP-500_AM-1.jpg\"\/><\/a><\/p>\n<p>\n                                74. <\/p>\n<p><br style=\"clear: both\"\/><\/p>\n<p>                                <a href=\"https:\/\/www.europesays.com\/fr\/wp-content\/uploads\/2025\/06\/75_TOP-500_AM-1.jpg\" title=\"75. S\u00e9bastien Arcos, directeur Eklya School of Business et son \u00e9pouse Vanessa\" data-rl_title=\"75. S\u00e9bastien Arcos, directeur Eklya School of Business et son \u00e9pouse Vanessa\" class=\"rl-gallery-link\" data-rl_caption=\"\" data-rel=\"lightbox-gallery-bGlnaHRib3gtZ2FsbGVyeS0w\" data-rl_><img loading=\"lazy\" decoding=\"async\" width=\"900\" height=\"599\" src=\"data:image\/svg+xml,%3Csvg%20xmlns=\" http:=\"\" class=\"attachment-large size-large\" alt=\"\" aria-describedby=\"gallery--161783\" data-lazy- data-lazy- data-lazy-src=\"https:\/\/www.europesays.com\/fr\/wp-content\/uploads\/2025\/06\/75_TOP-500_AM-1.jpg\"\/><\/a><\/p>\n<p>\n                                 75. S\u00e9bastien Arcos, directeur Eklya School of Business et son \u00e9pouse Vanessa<\/p>\n<p>                                <a href=\"https:\/\/www.europesays.com\/fr\/wp-content\/uploads\/2025\/06\/76_TOP-500_AM-1.jpg\" title=\"76. Xavier et In\u00e8s Bourit avec Patricia Tronel (Agence Avec Joie) et Christophe Tronel\" data-rl_title=\"76. Xavier et In\u00e8s Bourit avec Patricia Tronel (Agence Avec Joie) et Christophe Tronel\" class=\"rl-gallery-link\" data-rl_caption=\"\" data-rel=\"lightbox-gallery-bGlnaHRib3gtZ2FsbGVyeS0w\" data-rl_><img loading=\"lazy\" decoding=\"async\" width=\"900\" height=\"599\" src=\"data:image\/svg+xml,%3Csvg%20xmlns=\" http:=\"\" class=\"attachment-large size-large\" alt=\"\" aria-describedby=\"gallery--161784\" data-lazy- data-lazy- data-lazy-src=\"https:\/\/www.europesays.com\/fr\/wp-content\/uploads\/2025\/06\/76_TOP-500_AM-1.jpg\"\/><\/a><\/p>\n<p>\n                                76. Xavier et In\u00e8s Bourit avec Patricia Tronel (Agence Avec Joie) et Christophe Tronel<\/p>\n<p><br style=\"clear: both\"\/><\/p>\n<p>                                <a href=\"https:\/\/www.europesays.com\/fr\/wp-content\/uploads\/2025\/06\/77_TOP-500_AM-1.jpg\" title=\"77. Gilles Courteix et ses invit\u00e9s\" data-rl_title=\"77. Gilles Courteix et ses invit\u00e9s\" class=\"rl-gallery-link\" data-rl_caption=\"\" data-rel=\"lightbox-gallery-bGlnaHRib3gtZ2FsbGVyeS0w\" data-rl_><img loading=\"lazy\" decoding=\"async\" width=\"900\" height=\"599\" src=\"data:image\/svg+xml,%3Csvg%20xmlns=\" http:=\"\" class=\"attachment-large size-large\" alt=\"\" aria-describedby=\"gallery--161785\" data-lazy- data-lazy- data-lazy-src=\"https:\/\/www.europesays.com\/fr\/wp-content\/uploads\/2025\/06\/77_TOP-500_AM-1.jpg\"\/><\/a><\/p>\n<p>\n                                77. Gilles Courteix et ses invit\u00e9s<\/p>\n<p>                                <a href=\"https:\/\/www.europesays.com\/fr\/wp-content\/uploads\/2025\/06\/78_TOP-500_AM-1.jpg\" title=\"78. Les invit\u00e9s du MEDEF Lyon-Rh\u00f4ne\" data-rl_title=\"78. Les invit\u00e9s du MEDEF Lyon-Rh\u00f4ne\" class=\"rl-gallery-link\" data-rl_caption=\"\" data-rel=\"lightbox-gallery-bGlnaHRib3gtZ2FsbGVyeS0w\" data-rl_><img loading=\"lazy\" decoding=\"async\" width=\"900\" height=\"599\" src=\"data:image\/svg+xml,%3Csvg%20xmlns=\" http:=\"\" class=\"attachment-large size-large\" alt=\"\" aria-describedby=\"gallery--161786\" data-lazy- data-lazy- data-lazy-src=\"https:\/\/www.europesays.com\/fr\/wp-content\/uploads\/2025\/06\/78_TOP-500_AM-1.jpg\"\/><\/a><\/p>\n<p>\n                                78. Les invit\u00e9s du MEDEF Lyon-Rh\u00f4ne <\/p>\n<p><br style=\"clear: both\"\/><\/p>\n<p>                                <a href=\"https:\/\/www.europesays.com\/fr\/wp-content\/uploads\/2025\/06\/79_TOP-500_AM-1.jpg\" title=\"79. Les invit\u00e9s d\u2019Or en Cash\" data-rl_title=\"79. Les invit\u00e9s d\u2019Or en Cash\" class=\"rl-gallery-link\" data-rl_caption=\"\" data-rel=\"lightbox-gallery-bGlnaHRib3gtZ2FsbGVyeS0w\" data-rl_><img loading=\"lazy\" decoding=\"async\" width=\"900\" height=\"599\" src=\"data:image\/svg+xml,%3Csvg%20xmlns=\" http:=\"\" class=\"attachment-large size-large\" alt=\"\" aria-describedby=\"gallery--161787\" data-lazy- data-lazy- data-lazy-src=\"https:\/\/www.europesays.com\/fr\/wp-content\/uploads\/2025\/06\/79_TOP-500_AM-1.jpg\"\/><\/a><\/p>\n<p>\n                                 79. Les invit\u00e9s d\u2019Or en Cash<\/p>\n<p>                                <a href=\"https:\/\/www.europesays.com\/fr\/wp-content\/uploads\/2025\/06\/80_TOP-500_AM-1.jpg\" title=\"80.\" data-rl_title=\"80.\" class=\"rl-gallery-link\" data-rl_caption=\"\" data-rel=\"lightbox-gallery-bGlnaHRib3gtZ2FsbGVyeS0w\" data-rl_><img loading=\"lazy\" decoding=\"async\" width=\"900\" height=\"599\" src=\"data:image\/svg+xml,%3Csvg%20xmlns=\" http:=\"\" class=\"attachment-large size-large\" alt=\"\" aria-describedby=\"gallery--161788\" data-lazy- data-lazy- data-lazy-src=\"https:\/\/www.europesays.com\/fr\/wp-content\/uploads\/2025\/06\/80_TOP-500_AM-1.jpg\"\/><\/a><\/p>\n<p>\n                                80. <\/p>\n<p><br style=\"clear: both\"\/><\/p>\n<p>                                <a href=\"https:\/\/www.europesays.com\/fr\/wp-content\/uploads\/2025\/06\/81_TOP-500_AM-1.jpg\" title=\"81. Les invit\u00e9s de GL events\" data-rl_title=\"81. Les invit\u00e9s de GL events\" class=\"rl-gallery-link\" data-rl_caption=\"\" data-rel=\"lightbox-gallery-bGlnaHRib3gtZ2FsbGVyeS0w\" data-rl_><img loading=\"lazy\" decoding=\"async\" width=\"900\" height=\"599\" src=\"data:image\/svg+xml,%3Csvg%20xmlns=\" http:=\"\" class=\"attachment-large size-large\" alt=\"\" aria-describedby=\"gallery--161789\" data-lazy- data-lazy- data-lazy-src=\"https:\/\/www.europesays.com\/fr\/wp-content\/uploads\/2025\/06\/81_TOP-500_AM-1.jpg\"\/><\/a><\/p>\n<p>\n                                81. Les invit\u00e9s de GL events<\/p>\n<p>                                <a href=\"https:\/\/www.europesays.com\/fr\/wp-content\/uploads\/2025\/06\/82_TOP-500_AM-1.jpg\" title=\"82.Pascal Charmot, maire de Tassin La Demi-Lune et son \u00e9pouse H\u00e9l\u00e8ne.\" data-rl_title=\"82.Pascal Charmot, maire de Tassin La Demi-Lune et son \u00e9pouse H\u00e9l\u00e8ne.\" class=\"rl-gallery-link\" data-rl_caption=\"\" data-rel=\"lightbox-gallery-bGlnaHRib3gtZ2FsbGVyeS0w\" data-rl_><img loading=\"lazy\" decoding=\"async\" width=\"900\" height=\"599\" src=\"data:image\/svg+xml,%3Csvg%20xmlns=\" http:=\"\" class=\"attachment-large size-large\" alt=\"\" aria-describedby=\"gallery--161790\" data-lazy- data-lazy- data-lazy-src=\"https:\/\/www.europesays.com\/fr\/wp-content\/uploads\/2025\/06\/82_TOP-500_AM-1.jpg\"\/><\/a><\/p>\n<p>\n                                82.Pascal Charmot, maire de Tassin La Demi-Lune et son \u00e9pouse H\u00e9l\u00e8ne.<\/p>\n<p><br style=\"clear: both\"\/><\/p>\n<p>                                <a href=\"https:\/\/www.europesays.com\/fr\/wp-content\/uploads\/2025\/06\/83_TOP-500_AM-1.jpg\" title=\"83. Richard Drevet (Richard Drevet Mobilit\u00e9s) et son \u00e9pouse Catherine\" data-rl_title=\"83. Richard Drevet (Richard Drevet Mobilit\u00e9s) et son \u00e9pouse Catherine\" class=\"rl-gallery-link\" data-rl_caption=\"\" data-rel=\"lightbox-gallery-bGlnaHRib3gtZ2FsbGVyeS0w\" data-rl_><img loading=\"lazy\" decoding=\"async\" width=\"900\" height=\"599\" src=\"data:image\/svg+xml,%3Csvg%20xmlns=\" http:=\"\" class=\"attachment-large size-large\" alt=\"\" aria-describedby=\"gallery--161791\" data-lazy- data-lazy- data-lazy-src=\"https:\/\/www.europesays.com\/fr\/wp-content\/uploads\/2025\/06\/83_TOP-500_AM-1.jpg\"\/><\/a><\/p>\n<p>\n                                83. Richard Drevet (Richard Drevet Mobilit\u00e9s) et son \u00e9pouse Catherine<\/p>\n<p>                                <a href=\"https:\/\/www.europesays.com\/fr\/wp-content\/uploads\/2025\/06\/84_TOP-500_AM-1.jpg\" title=\"84.\" data-rl_title=\"84.\" class=\"rl-gallery-link\" data-rl_caption=\"\" data-rel=\"lightbox-gallery-bGlnaHRib3gtZ2FsbGVyeS0w\" data-rl_><img loading=\"lazy\" decoding=\"async\" width=\"900\" height=\"599\" src=\"data:image\/svg+xml,%3Csvg%20xmlns=\" http:=\"\" class=\"attachment-large size-large\" alt=\"\" aria-describedby=\"gallery--161792\" data-lazy- data-lazy- data-lazy-src=\"https:\/\/www.europesays.com\/fr\/wp-content\/uploads\/2025\/06\/84_TOP-500_AM-1.jpg\"\/><\/a><\/p>\n<p>\n                                84. <\/p>\n<p><br style=\"clear: both\"\/><\/p>\n<p>                                <a href=\"https:\/\/www.europesays.com\/fr\/wp-content\/uploads\/2025\/06\/85_TOP-500_AM-1.jpg\" title=\"85. Simon Hoayek, PDG du groupe Byblos et ses invit\u00e9s\" data-rl_title=\"85. Simon Hoayek, PDG du groupe Byblos et ses invit\u00e9s\" class=\"rl-gallery-link\" data-rl_caption=\"\" data-rel=\"lightbox-gallery-bGlnaHRib3gtZ2FsbGVyeS0w\" data-rl_><img loading=\"lazy\" decoding=\"async\" width=\"900\" height=\"599\" src=\"data:image\/svg+xml,%3Csvg%20xmlns=\" http:=\"\" class=\"attachment-large size-large\" alt=\"\" aria-describedby=\"gallery--161793\" data-lazy- data-lazy- data-lazy-src=\"https:\/\/www.europesays.com\/fr\/wp-content\/uploads\/2025\/06\/85_TOP-500_AM-1.jpg\"\/><\/a><\/p>\n<p>\n                                85. Simon Hoayek, PDG du groupe Byblos et ses invit\u00e9s<\/p>\n<p>                                <a href=\"https:\/\/www.europesays.com\/fr\/wp-content\/uploads\/2025\/06\/86_TOP-500_AM-1.jpg\" title=\"86. Table 30.\" data-rl_title=\"86. Table 30.\" class=\"rl-gallery-link\" data-rl_caption=\"\" data-rel=\"lightbox-gallery-bGlnaHRib3gtZ2FsbGVyeS0w\" data-rl_><img loading=\"lazy\" decoding=\"async\" width=\"900\" height=\"599\" src=\"data:image\/svg+xml,%3Csvg%20xmlns=\" http:=\"\" class=\"attachment-large size-large\" alt=\"\" aria-describedby=\"gallery--161794\" data-lazy- data-lazy- data-lazy-src=\"https:\/\/www.europesays.com\/fr\/wp-content\/uploads\/2025\/06\/86_TOP-500_AM-1.jpg\"\/><\/a><\/p>\n<p>\n                                86. Table 30.<\/p>\n<p><br style=\"clear: both\"\/><\/p>\n<p>                                <a href=\"https:\/\/www.europesays.com\/fr\/wp-content\/uploads\/2025\/06\/87_TOP-500_AM-1.jpg\" title=\"87. David Massot (Cirque Imagine) et son \u00e9pouse Anastasiya\" data-rl_title=\"87. David Massot (Cirque Imagine) et son \u00e9pouse Anastasiya\" class=\"rl-gallery-link\" data-rl_caption=\"\" data-rel=\"lightbox-gallery-bGlnaHRib3gtZ2FsbGVyeS0w\" data-rl_><img loading=\"lazy\" decoding=\"async\" width=\"900\" height=\"599\" src=\"data:image\/svg+xml,%3Csvg%20xmlns=\" http:=\"\" class=\"attachment-large size-large\" alt=\"\" aria-describedby=\"gallery--161795\" data-lazy- data-lazy- data-lazy-src=\"https:\/\/www.europesays.com\/fr\/wp-content\/uploads\/2025\/06\/87_TOP-500_AM-1.jpg\"\/><\/a><\/p>\n<p>\n                                87. David Massot (Cirque Imagine) et son \u00e9pouse Anastasiya<\/p>\n<p>                                <a href=\"https:\/\/www.europesays.com\/fr\/wp-content\/uploads\/2025\/06\/88_TOP-500_AM-1.jpg\" title=\"88. Marine et Corinne Paris (MEDEF Is\u00e8re)\" data-rl_title=\"88. Marine et Corinne Paris (MEDEF Is\u00e8re)\" class=\"rl-gallery-link\" data-rl_caption=\"\" data-rel=\"lightbox-gallery-bGlnaHRib3gtZ2FsbGVyeS0w\" data-rl_><img loading=\"lazy\" decoding=\"async\" width=\"900\" height=\"599\" src=\"data:image\/svg+xml,%3Csvg%20xmlns=\" http:=\"\" class=\"attachment-large size-large\" alt=\"\" aria-describedby=\"gallery--161796\" data-lazy- data-lazy- data-lazy-src=\"https:\/\/www.europesays.com\/fr\/wp-content\/uploads\/2025\/06\/88_TOP-500_AM-1.jpg\"\/><\/a><\/p>\n<p>\n                                88. Marine et Corinne Paris (MEDEF Is\u00e8re)<\/p>\n<p><br style=\"clear: both\"\/><\/p>\n<p>                                <a href=\"https:\/\/www.europesays.com\/fr\/wp-content\/uploads\/2025\/06\/89_TOP-500_AM-1.jpg\" title=\"89. Cyriaque Rios, pr\u00e9sident Resolving et son \u00e9pouse St\u00e9phanie\" data-rl_title=\"89. Cyriaque Rios, pr\u00e9sident Resolving et son \u00e9pouse St\u00e9phanie\" class=\"rl-gallery-link\" data-rl_caption=\"\" data-rel=\"lightbox-gallery-bGlnaHRib3gtZ2FsbGVyeS0w\" data-rl_><img loading=\"lazy\" decoding=\"async\" width=\"900\" height=\"599\" src=\"data:image\/svg+xml,%3Csvg%20xmlns=\" http:=\"\" class=\"attachment-large size-large\" alt=\"\" aria-describedby=\"gallery--161797\" data-lazy- data-lazy- data-lazy-src=\"https:\/\/www.europesays.com\/fr\/wp-content\/uploads\/2025\/06\/89_TOP-500_AM-1.jpg\"\/><\/a><\/p>\n<p>\n                                89. Cyriaque Rios, pr\u00e9sident Resolving et son \u00e9pouse St\u00e9phanie<\/p>\n<p>                                <a href=\"https:\/\/www.europesays.com\/fr\/wp-content\/uploads\/2025\/06\/90_TOP-500_AM-1.jpg\" title=\"90. Nicolas Steinl\u00e9 (Oh My Com\u2019) et Damien Monnier, maire de Sathonay-Camp\" data-rl_title=\"90. Nicolas Steinl\u00e9 (Oh My Com\u2019) et Damien Monnier, maire de Sathonay-Camp\" class=\"rl-gallery-link\" data-rl_caption=\"\" data-rel=\"lightbox-gallery-bGlnaHRib3gtZ2FsbGVyeS0w\" data-rl_><img loading=\"lazy\" decoding=\"async\" width=\"900\" height=\"599\" src=\"data:image\/svg+xml,%3Csvg%20xmlns=\" http:=\"\" class=\"attachment-large size-large\" alt=\"\" aria-describedby=\"gallery--161798\" data-lazy- data-lazy- data-lazy-src=\"https:\/\/www.europesays.com\/fr\/wp-content\/uploads\/2025\/06\/90_TOP-500_AM-1.jpg\"\/><\/a><\/p>\n<p>\n                                90. Nicolas Steinl\u00e9 (Oh My Com\u2019) et Damien Monnier, maire de Sathonay-Camp<\/p>\n<p><br style=\"clear: both\"\/><\/p>\n<p>                                <a href=\"https:\/\/www.europesays.com\/fr\/wp-content\/uploads\/2025\/06\/91_TOP-500_AM-1.jpg\" title=\"91. Les invit\u00e9s du Cr\u00e9dit Mutuel\" data-rl_title=\"91. Les invit\u00e9s du Cr\u00e9dit Mutuel\" class=\"rl-gallery-link\" data-rl_caption=\"\" data-rel=\"lightbox-gallery-bGlnaHRib3gtZ2FsbGVyeS0w\" data-rl_><img loading=\"lazy\" decoding=\"async\" width=\"900\" height=\"599\" src=\"data:image\/svg+xml,%3Csvg%20xmlns=\" http:=\"\" class=\"attachment-large size-large\" alt=\"\" aria-describedby=\"gallery--161799\" data-lazy- data-lazy- data-lazy-src=\"https:\/\/www.europesays.com\/fr\/wp-content\/uploads\/2025\/06\/91_TOP-500_AM-1.jpg\"\/><\/a><\/p>\n<p>\n                                91. Les invit\u00e9s du Cr\u00e9dit Mutuel<\/p>\n<p>                                <a href=\"https:\/\/www.europesays.com\/fr\/wp-content\/uploads\/2025\/06\/92_TOP-500_AM-1.jpg\" title=\"92. Les invit\u00e9s de Lyon People\" data-rl_title=\"92. Les invit\u00e9s de Lyon People\" class=\"rl-gallery-link\" data-rl_caption=\"\" data-rel=\"lightbox-gallery-bGlnaHRib3gtZ2FsbGVyeS0w\" data-rl_><img loading=\"lazy\" decoding=\"async\" width=\"900\" height=\"599\" src=\"data:image\/svg+xml,%3Csvg%20xmlns=\" http:=\"\" class=\"attachment-large size-large\" alt=\"\" aria-describedby=\"gallery--161800\" data-lazy- data-lazy- data-lazy-src=\"https:\/\/www.europesays.com\/fr\/wp-content\/uploads\/2025\/06\/92_TOP-500_AM-1.jpg\"\/><\/a><\/p>\n<p>\n                                92. Les invit\u00e9s de Lyon People<\/p>\n<p><br style=\"clear: both\"\/><\/p>\n<p>                                <a href=\"https:\/\/www.europesays.com\/fr\/wp-content\/uploads\/2025\/06\/93_TOP-500_AM-1.jpg\" title=\"93. Les invit\u00e9s de Lyon People\" data-rl_title=\"93. Les invit\u00e9s de Lyon People\" class=\"rl-gallery-link\" data-rl_caption=\"\" data-rel=\"lightbox-gallery-bGlnaHRib3gtZ2FsbGVyeS0w\" data-rl_><img loading=\"lazy\" decoding=\"async\" width=\"900\" height=\"599\" src=\"data:image\/svg+xml,%3Csvg%20xmlns=\" http:=\"\" class=\"attachment-large size-large\" alt=\"\" aria-describedby=\"gallery--161801\" data-lazy- data-lazy- data-lazy-src=\"https:\/\/www.europesays.com\/fr\/wp-content\/uploads\/2025\/06\/93_TOP-500_AM-1.jpg\"\/><\/a><\/p>\n<p>\n                                93. Les invit\u00e9s de Lyon People<\/p>\n<p>                                <a href=\"https:\/\/www.europesays.com\/fr\/wp-content\/uploads\/2025\/06\/94_TOP-500_AM-1.jpg\" title=\"94. L\u2019avocat Vincent Durand et ses invit\u00e9s\" data-rl_title=\"94. L\u2019avocat Vincent Durand et ses invit\u00e9s\" class=\"rl-gallery-link\" data-rl_caption=\"\" data-rel=\"lightbox-gallery-bGlnaHRib3gtZ2FsbGVyeS0w\" data-rl_><img loading=\"lazy\" decoding=\"async\" width=\"900\" height=\"599\" src=\"data:image\/svg+xml,%3Csvg%20xmlns=\" http:=\"\" class=\"attachment-large size-large\" alt=\"\" aria-describedby=\"gallery--161802\" data-lazy- data-lazy- data-lazy-src=\"https:\/\/www.europesays.com\/fr\/wp-content\/uploads\/2025\/06\/94_TOP-500_AM-1.jpg\"\/><\/a><\/p>\n<p>\n                                94. L\u2019avocat Vincent Durand et ses invit\u00e9s<\/p>\n<p><br style=\"clear: both\"\/><\/p>\n<p>                                <a href=\"https:\/\/www.europesays.com\/fr\/wp-content\/uploads\/2025\/06\/95_TOP-500_AM-1.jpg\" title=\"95.\" data-rl_title=\"95.\" class=\"rl-gallery-link\" data-rl_caption=\"\" data-rel=\"lightbox-gallery-bGlnaHRib3gtZ2FsbGVyeS0w\" data-rl_><img loading=\"lazy\" decoding=\"async\" width=\"900\" height=\"599\" src=\"data:image\/svg+xml,%3Csvg%20xmlns=\" http:=\"\" class=\"attachment-large size-large\" alt=\"\" aria-describedby=\"gallery--161803\" data-lazy- data-lazy- data-lazy-src=\"https:\/\/www.europesays.com\/fr\/wp-content\/uploads\/2025\/06\/95_TOP-500_AM-1.jpg\"\/><\/a><\/p>\n<p>\n                                95. <\/p>\n<p>                                <a href=\"https:\/\/www.europesays.com\/fr\/wp-content\/uploads\/2025\/06\/96_TOP-500_AM-1.jpg\" title=\"96.\" data-rl_title=\"96.\" class=\"rl-gallery-link\" data-rl_caption=\"\" data-rel=\"lightbox-gallery-bGlnaHRib3gtZ2FsbGVyeS0w\" data-rl_><img loading=\"lazy\" decoding=\"async\" width=\"900\" height=\"599\" src=\"data:image\/svg+xml,%3Csvg%20xmlns=\" http:=\"\" class=\"attachment-large size-large\" alt=\"\" aria-describedby=\"gallery--161804\" data-lazy- data-lazy- data-lazy-src=\"https:\/\/www.europesays.com\/fr\/wp-content\/uploads\/2025\/06\/96_TOP-500_AM-1.jpg\"\/><\/a><\/p>\n<p>\n                                96. <\/p>\n<p><br style=\"clear: both\"\/><\/p>\n<p>                                <a href=\"https:\/\/www.europesays.com\/fr\/wp-content\/uploads\/2025\/06\/97_TOP-500_AM-1.jpg\" title=\"97. Les invit\u00e9s du CIC\" data-rl_title=\"97. Les invit\u00e9s du CIC\" class=\"rl-gallery-link\" data-rl_caption=\"\" data-rel=\"lightbox-gallery-bGlnaHRib3gtZ2FsbGVyeS0w\" data-rl_><img loading=\"lazy\" decoding=\"async\" width=\"900\" height=\"599\" src=\"data:image\/svg+xml,%3Csvg%20xmlns=\" http:=\"\" class=\"attachment-large size-large\" alt=\"\" aria-describedby=\"gallery--161805\" data-lazy- data-lazy- data-lazy-src=\"https:\/\/www.europesays.com\/fr\/wp-content\/uploads\/2025\/06\/97_TOP-500_AM-1.jpg\"\/><\/a><\/p>\n<p>\n                                97. Les invit\u00e9s du CIC<\/p>\n<p>                                <a href=\"https:\/\/www.europesays.com\/fr\/wp-content\/uploads\/2025\/06\/98_TOP-500_AM-1.jpg\" title=\"98. Christelle Barbet, Olivia et Emmanuel Hamelin, Sophie Braillard et Elisabeth Thion\" data-rl_title=\"98. Christelle Barbet, Olivia et Emmanuel Hamelin, Sophie Braillard et Elisabeth Thion\" class=\"rl-gallery-link\" data-rl_caption=\"\" data-rel=\"lightbox-gallery-bGlnaHRib3gtZ2FsbGVyeS0w\" data-rl_><img loading=\"lazy\" decoding=\"async\" width=\"900\" height=\"599\" src=\"data:image\/svg+xml,%3Csvg%20xmlns=\" http:=\"\" class=\"attachment-large size-large\" alt=\"\" aria-describedby=\"gallery--161806\" data-lazy- data-lazy- data-lazy-src=\"https:\/\/www.europesays.com\/fr\/wp-content\/uploads\/2025\/06\/98_TOP-500_AM-1.jpg\"\/><\/a><\/p>\n<p>\n                                98. Christelle Barbet, Olivia et Emmanuel Hamelin, Sophie Braillard et Elisabeth Thion<\/p>\n<p><br style=\"clear: both\"\/><\/p>\n<p>                                <a href=\"https:\/\/www.europesays.com\/fr\/wp-content\/uploads\/2025\/06\/99_TOP-500_AM-1.jpg\" title=\"99.\" data-rl_title=\"99.\" class=\"rl-gallery-link\" data-rl_caption=\"\" data-rel=\"lightbox-gallery-bGlnaHRib3gtZ2FsbGVyeS0w\" data-rl_><img loading=\"lazy\" decoding=\"async\" width=\"900\" height=\"599\" src=\"data:image\/svg+xml,%3Csvg%20xmlns=\" http:=\"\" class=\"attachment-large size-large\" alt=\"\" aria-describedby=\"gallery--161807\" data-lazy- data-lazy- data-lazy-src=\"https:\/\/www.europesays.com\/fr\/wp-content\/uploads\/2025\/06\/99_TOP-500_AM-1.jpg\"\/><\/a><\/p>\n<p>\n                                99. <\/p>\n<p>                                <a href=\"https:\/\/www.europesays.com\/fr\/wp-content\/uploads\/2025\/06\/100_TOP-500_AM-1.jpg\" title=\"100.\" data-rl_title=\"100.\" class=\"rl-gallery-link\" data-rl_caption=\"\" data-rel=\"lightbox-gallery-bGlnaHRib3gtZ2FsbGVyeS0w\" data-rl_><img loading=\"lazy\" decoding=\"async\" width=\"900\" height=\"599\" src=\"data:image\/svg+xml,%3Csvg%20xmlns=\" http:=\"\" class=\"attachment-large size-large\" alt=\"\" aria-describedby=\"gallery--161808\" data-lazy- data-lazy- data-lazy-src=\"https:\/\/www.europesays.com\/fr\/wp-content\/uploads\/2025\/06\/100_TOP-500_AM-1.jpg\"\/><\/a><\/p>\n<p>\n                                100. <\/p>\n<p><br style=\"clear: both\"\/><\/p>\n<p>                                <a href=\"https:\/\/www.europesays.com\/fr\/wp-content\/uploads\/2025\/06\/101_TOP-500_AM-1.jpg\" title=\"101. Les invit\u00e9es d\u2019Inelys\" data-rl_title=\"101. Les invit\u00e9es d\u2019Inelys\" class=\"rl-gallery-link\" data-rl_caption=\"\" data-rel=\"lightbox-gallery-bGlnaHRib3gtZ2FsbGVyeS0w\" data-rl_><img loading=\"lazy\" decoding=\"async\" width=\"900\" height=\"599\" src=\"data:image\/svg+xml,%3Csvg%20xmlns=\" http:=\"\" class=\"attachment-large size-large\" alt=\"\" aria-describedby=\"gallery--161809\" data-lazy- data-lazy- data-lazy-src=\"https:\/\/www.europesays.com\/fr\/wp-content\/uploads\/2025\/06\/101_TOP-500_AM-1.jpg\"\/><\/a><\/p>\n<p>\n                                101. Les invit\u00e9es d\u2019Inelys<\/p>\n<p>                                <a href=\"https:\/\/www.europesays.com\/fr\/wp-content\/uploads\/2025\/06\/102_TOP-500_AM-1.jpg\" title=\"102.\" data-rl_title=\"102.\" class=\"rl-gallery-link\" data-rl_caption=\"\" data-rel=\"lightbox-gallery-bGlnaHRib3gtZ2FsbGVyeS0w\" data-rl_><img loading=\"lazy\" decoding=\"async\" width=\"900\" height=\"599\" src=\"data:image\/svg+xml,%3Csvg%20xmlns=\" http:=\"\" class=\"attachment-large size-large\" alt=\"\" aria-describedby=\"gallery--161810\" data-lazy- data-lazy- data-lazy-src=\"https:\/\/www.europesays.com\/fr\/wp-content\/uploads\/2025\/06\/102_TOP-500_AM-1.jpg\"\/><\/a><\/p>\n<p>\n                                102. <\/p>\n<p><br style=\"clear: both\"\/><\/p>\n<p>                                <a href=\"https:\/\/www.europesays.com\/fr\/wp-content\/uploads\/2025\/06\/103_TOP-500_AM-1.jpg\" title=\"103. Les invit\u00e9s de la Chambre des Notaires du Rh\u00f4ne\" data-rl_title=\"103. Les invit\u00e9s de la Chambre des Notaires du Rh\u00f4ne\" class=\"rl-gallery-link\" data-rl_caption=\"\" data-rel=\"lightbox-gallery-bGlnaHRib3gtZ2FsbGVyeS0w\" data-rl_><img loading=\"lazy\" decoding=\"async\" width=\"900\" height=\"599\" src=\"data:image\/svg+xml,%3Csvg%20xmlns=\" http:=\"\" class=\"attachment-large size-large\" alt=\"\" aria-describedby=\"gallery--161811\" data-lazy- data-lazy- data-lazy-src=\"https:\/\/www.europesays.com\/fr\/wp-content\/uploads\/2025\/06\/103_TOP-500_AM-1.jpg\"\/><\/a><\/p>\n<p>\n                                103. Les invit\u00e9s de la Chambre des Notaires du Rh\u00f4ne<\/p>\n<p>                                <a href=\"https:\/\/www.europesays.com\/fr\/wp-content\/uploads\/2025\/06\/104_TOP-500_AM-1.jpg\" title=\"104. Les invit\u00e9s de la Banque Populaire\" data-rl_title=\"104. Les invit\u00e9s de la Banque Populaire\" class=\"rl-gallery-link\" data-rl_caption=\"\" data-rel=\"lightbox-gallery-bGlnaHRib3gtZ2FsbGVyeS0w\" data-rl_><img loading=\"lazy\" decoding=\"async\" width=\"900\" height=\"599\" src=\"data:image\/svg+xml,%3Csvg%20xmlns=\" http:=\"\" class=\"attachment-large size-large\" alt=\"\" aria-describedby=\"gallery--161812\" data-lazy- data-lazy- data-lazy-src=\"https:\/\/www.europesays.com\/fr\/wp-content\/uploads\/2025\/06\/104_TOP-500_AM-1.jpg\"\/><\/a><\/p>\n<p>\n                                104. Les invit\u00e9s de la Banque Populaire<\/p>\n<p><br style=\"clear: both\"\/><\/p>\n<p>                                <a href=\"https:\/\/www.europesays.com\/fr\/wp-content\/uploads\/2025\/06\/105_TOP-500_AM-1.jpg\" title=\"105. Les invit\u00e9s de la Banque Richelieu\" data-rl_title=\"105. Les invit\u00e9s de la Banque Richelieu\" class=\"rl-gallery-link\" data-rl_caption=\"\" data-rel=\"lightbox-gallery-bGlnaHRib3gtZ2FsbGVyeS0w\" data-rl_><img loading=\"lazy\" decoding=\"async\" width=\"900\" height=\"599\" src=\"data:image\/svg+xml,%3Csvg%20xmlns=\" http:=\"\" class=\"attachment-large size-large\" alt=\"\" aria-describedby=\"gallery--161813\" data-lazy- data-lazy- data-lazy-src=\"https:\/\/www.europesays.com\/fr\/wp-content\/uploads\/2025\/06\/105_TOP-500_AM-1.jpg\"\/><\/a><\/p>\n<p>\n                                105. Les invit\u00e9s de la Banque Richelieu<\/p>\n<p>                                <a href=\"https:\/\/www.europesays.com\/fr\/wp-content\/uploads\/2025\/06\/106_TOP-500_AM-1.jpg\" title=\"106. Fabrice Pannekoucke, pr\u00e9sident de la R\u00e9gion AURA, le d\u00e9put\u00e9 Laurent Wauquiez et Pierre Oliver, maire du 2\u00e8me arrondissement de Lyon.\" data-rl_title=\"106. Fabrice Pannekoucke, pr\u00e9sident de la R\u00e9gion AURA, le d\u00e9put\u00e9 Laurent Wauquiez et Pierre Oliver, maire du 2\u00e8me arrondissement de Lyon.\" class=\"rl-gallery-link\" data-rl_caption=\"\" data-rel=\"lightbox-gallery-bGlnaHRib3gtZ2FsbGVyeS0w\" data-rl_><img loading=\"lazy\" decoding=\"async\" width=\"900\" height=\"599\" src=\"data:image\/svg+xml,%3Csvg%20xmlns=\" http:=\"\" class=\"attachment-large size-large\" alt=\"\" aria-describedby=\"gallery--161814\" data-lazy- data-lazy- data-lazy-src=\"https:\/\/www.europesays.com\/fr\/wp-content\/uploads\/2025\/06\/106_TOP-500_AM-1.jpg\"\/><\/a><\/p>\n<p>\n                                106. Fabrice Pannekoucke, pr\u00e9sident de la R\u00e9gion AURA, le d\u00e9put\u00e9 Laurent Wauquiez et Pierre Oliver, maire du 2\u00e8me arrondissement de Lyon.<\/p>\n<p><br style=\"clear: both\"\/><\/p>\n<p>                                <a href=\"https:\/\/www.europesays.com\/fr\/wp-content\/uploads\/2025\/06\/107_TOP-500_AM-1.jpg\" title=\"107. La com\u00e9dienne Fr\u00e9d\u00e9rique Bel et le PDG d\u2019Or en Cash, Christophe Gerber.\" data-rl_title=\"107. La com\u00e9dienne Fr\u00e9d\u00e9rique Bel et le PDG d\u2019Or en Cash, Christophe Gerber.\" class=\"rl-gallery-link\" data-rl_caption=\"\" data-rel=\"lightbox-gallery-bGlnaHRib3gtZ2FsbGVyeS0w\" data-rl_><img loading=\"lazy\" decoding=\"async\" width=\"900\" height=\"599\" src=\"data:image\/svg+xml,%3Csvg%20xmlns=\" http:=\"\" class=\"attachment-large size-large\" alt=\"\" aria-describedby=\"gallery--161815\" data-lazy- data-lazy- data-lazy-src=\"https:\/\/www.europesays.com\/fr\/wp-content\/uploads\/2025\/06\/107_TOP-500_AM-1.jpg\"\/><\/a><\/p>\n<p>\n                                107. La com\u00e9dienne Fr\u00e9d\u00e9rique Bel et le PDG d\u2019Or en Cash, Christophe Gerber.<\/p>\n<p>                                <a href=\"https:\/\/www.europesays.com\/fr\/wp-content\/uploads\/2025\/06\/108_TOP-500_AM-1.jpg\" title=\"108. Sandrine, Fr\u00e9d\u00e9rique Bel et Christophe Gerber, PDG Or en Cash.\" data-rl_title=\"108. Sandrine, Fr\u00e9d\u00e9rique Bel et Christophe Gerber, PDG Or en Cash.\" class=\"rl-gallery-link\" data-rl_caption=\"\" data-rel=\"lightbox-gallery-bGlnaHRib3gtZ2FsbGVyeS0w\" data-rl_><img loading=\"lazy\" decoding=\"async\" width=\"900\" height=\"599\" src=\"data:image\/svg+xml,%3Csvg%20xmlns=\" http:=\"\" class=\"attachment-large size-large\" alt=\"\" aria-describedby=\"gallery--161816\" data-lazy- data-lazy- data-lazy-src=\"https:\/\/www.europesays.com\/fr\/wp-content\/uploads\/2025\/06\/108_TOP-500_AM-1.jpg\"\/><\/a><\/p>\n<p>\n                                108. Sandrine, Fr\u00e9d\u00e9rique Bel et Christophe Gerber, PDG Or en Cash.<\/p>\n<p><br style=\"clear: both\"\/><\/p>\n<p>                                <a href=\"https:\/\/www.europesays.com\/fr\/wp-content\/uploads\/2025\/06\/109_TOP-500_AM-1.jpg\" title=\"109. L\u2019actrice Fr\u00e9d\u00e9rique Bel, \u00e9g\u00e9rie de la marque Or en Cash\" data-rl_title=\"109. L\u2019actrice Fr\u00e9d\u00e9rique Bel, \u00e9g\u00e9rie de la marque Or en Cash\" class=\"rl-gallery-link\" data-rl_caption=\"\" data-rel=\"lightbox-gallery-bGlnaHRib3gtZ2FsbGVyeS0w\" data-rl_><img loading=\"lazy\" decoding=\"async\" width=\"900\" height=\"599\" src=\"data:image\/svg+xml,%3Csvg%20xmlns=\" http:=\"\" class=\"attachment-large size-large\" alt=\"\" aria-describedby=\"gallery--161817\" data-lazy- data-lazy- data-lazy-src=\"https:\/\/www.europesays.com\/fr\/wp-content\/uploads\/2025\/06\/109_TOP-500_AM-1.jpg\"\/><\/a><\/p>\n<p>\n                                109. L\u2019actrice Fr\u00e9d\u00e9rique Bel, \u00e9g\u00e9rie de la marque Or en Cash<\/p>\n<p>                                <a href=\"https:\/\/www.europesays.com\/fr\/wp-content\/uploads\/2025\/06\/110_TOP-500_AM-1.jpg\" title=\"110. Jean-Loup Thubert et Laetitia Pepino (Avec joie).\" data-rl_title=\"110. Jean-Loup Thubert et Laetitia Pepino (Avec joie).\" class=\"rl-gallery-link\" data-rl_caption=\"\" data-rel=\"lightbox-gallery-bGlnaHRib3gtZ2FsbGVyeS0w\" data-rl_><img loading=\"lazy\" decoding=\"async\" width=\"900\" height=\"599\" src=\"data:image\/svg+xml,%3Csvg%20xmlns=\" http:=\"\" class=\"attachment-large size-large\" alt=\"\" aria-describedby=\"gallery--161818\" data-lazy- data-lazy- data-lazy-src=\"https:\/\/www.europesays.com\/fr\/wp-content\/uploads\/2025\/06\/110_TOP-500_AM-1.jpg\"\/><\/a><\/p>\n<p>\n                                110. Jean-Loup Thubert et Laetitia Pepino (Avec joie).<\/p>\n<p><br style=\"clear: both\"\/><\/p>\n<p>                                <a href=\"https:\/\/www.europesays.com\/fr\/wp-content\/uploads\/2025\/06\/111_TOP-500_AM-1.jpg\" title=\"111.\" data-rl_title=\"111.\" class=\"rl-gallery-link\" data-rl_caption=\"\" data-rel=\"lightbox-gallery-bGlnaHRib3gtZ2FsbGVyeS0w\" data-rl_><img loading=\"lazy\" decoding=\"async\" width=\"900\" height=\"599\" src=\"data:image\/svg+xml,%3Csvg%20xmlns=\" http:=\"\" class=\"attachment-large size-large\" alt=\"\" aria-describedby=\"gallery--161819\" data-lazy- data-lazy- data-lazy-src=\"https:\/\/www.europesays.com\/fr\/wp-content\/uploads\/2025\/06\/111_TOP-500_AM-1.jpg\"\/><\/a><\/p>\n<p>\n                                111. <\/p>\n<p>                                <a href=\"https:\/\/www.europesays.com\/fr\/wp-content\/uploads\/2025\/06\/112_TOP-500_AM-1.jpg\" title=\"112. Les invit\u00e9s du CIC\" data-rl_title=\"112. Les invit\u00e9s du CIC\" class=\"rl-gallery-link\" data-rl_caption=\"\" data-rel=\"lightbox-gallery-bGlnaHRib3gtZ2FsbGVyeS0w\" data-rl_><img loading=\"lazy\" decoding=\"async\" width=\"900\" height=\"599\" src=\"data:image\/svg+xml,%3Csvg%20xmlns=\" http:=\"\" class=\"attachment-large size-large\" alt=\"\" aria-describedby=\"gallery--161820\" data-lazy- data-lazy- data-lazy-src=\"https:\/\/www.europesays.com\/fr\/wp-content\/uploads\/2025\/06\/112_TOP-500_AM-1.jpg\"\/><\/a><\/p>\n<p>\n                                112. Les invit\u00e9s du CIC<\/p>\n<p><br style=\"clear: both\"\/><\/p>\n<p>                                <a href=\"https:\/\/www.europesays.com\/fr\/wp-content\/uploads\/2025\/06\/113_TOP-500_AM-1.jpg\" title=\"113. Barbara Tixier (Sofitel) et Julien Narbonne, directeur Sofitel Bellecour\" data-rl_title=\"113. Barbara Tixier (Sofitel) et Julien Narbonne, directeur Sofitel Bellecour\" class=\"rl-gallery-link\" data-rl_caption=\"\" data-rel=\"lightbox-gallery-bGlnaHRib3gtZ2FsbGVyeS0w\" data-rl_><img loading=\"lazy\" decoding=\"async\" width=\"900\" height=\"599\" src=\"data:image\/svg+xml,%3Csvg%20xmlns=\" http:=\"\" class=\"attachment-large size-large\" alt=\"\" aria-describedby=\"gallery--161821\" data-lazy- data-lazy- data-lazy-src=\"https:\/\/www.europesays.com\/fr\/wp-content\/uploads\/2025\/06\/113_TOP-500_AM-1.jpg\"\/><\/a><\/p>\n<p>\n                                113. Barbara Tixier (Sofitel) et Julien Narbonne, directeur Sofitel Bellecour <\/p>\n<p>                                <a href=\"https:\/\/www.europesays.com\/fr\/wp-content\/uploads\/2025\/06\/114_TOP-500_AM-1.jpg\" title=\"114. Les invit\u00e9s d\u2019Arthur Maier\" data-rl_title=\"114. Les invit\u00e9s d\u2019Arthur Maier\" class=\"rl-gallery-link\" data-rl_caption=\"\" data-rel=\"lightbox-gallery-bGlnaHRib3gtZ2FsbGVyeS0w\" data-rl_><img loading=\"lazy\" decoding=\"async\" width=\"900\" height=\"599\" src=\"data:image\/svg+xml,%3Csvg%20xmlns=\" http:=\"\" class=\"attachment-large size-large\" alt=\"\" aria-describedby=\"gallery--161822\" data-lazy- data-lazy- data-lazy-src=\"https:\/\/www.europesays.com\/fr\/wp-content\/uploads\/2025\/06\/114_TOP-500_AM-1.jpg\"\/><\/a><\/p>\n<p>\n                                114. Les invit\u00e9s d\u2019Arthur Maier<\/p>\n<p><br style=\"clear: both\"\/><\/p>\n<p>                                <a href=\"https:\/\/www.europesays.com\/fr\/wp-content\/uploads\/2025\/06\/115_TOP-500_AM-1.jpg\" title=\"115. J\u00e9r\u00e9mie Br\u00e9aud, maire de Bron et sa compagne Ingrid\" data-rl_title=\"115. J\u00e9r\u00e9mie Br\u00e9aud, maire de Bron et sa compagne Ingrid\" class=\"rl-gallery-link\" data-rl_caption=\"\" data-rel=\"lightbox-gallery-bGlnaHRib3gtZ2FsbGVyeS0w\" data-rl_><img loading=\"lazy\" decoding=\"async\" width=\"900\" height=\"599\" src=\"data:image\/svg+xml,%3Csvg%20xmlns=\" http:=\"\" class=\"attachment-large size-large\" alt=\"\" aria-describedby=\"gallery--161823\" data-lazy- data-lazy- data-lazy-src=\"https:\/\/www.europesays.com\/fr\/wp-content\/uploads\/2025\/06\/115_TOP-500_AM-1.jpg\"\/><\/a><\/p>\n<p>\n                                 115. J\u00e9r\u00e9mie Br\u00e9aud, maire de Bron et sa compagne Ingrid <\/p>\n<p>                                <a href=\"https:\/\/www.europesays.com\/fr\/wp-content\/uploads\/2025\/06\/116_TOP-500_AM-1.jpg\" title=\"116. Ludivine Prenot (Sorovim) et Marc Pigeroulet (Arioste Immobilier)\" data-rl_title=\"116. Ludivine Prenot (Sorovim) et Marc Pigeroulet (Arioste Immobilier)\" class=\"rl-gallery-link\" data-rl_caption=\"\" data-rel=\"lightbox-gallery-bGlnaHRib3gtZ2FsbGVyeS0w\" data-rl_><img loading=\"lazy\" decoding=\"async\" width=\"900\" height=\"599\" src=\"data:image\/svg+xml,%3Csvg%20xmlns=\" http:=\"\" class=\"attachment-large size-large\" alt=\"\" aria-describedby=\"gallery--161824\" data-lazy- data-lazy- data-lazy-src=\"https:\/\/www.europesays.com\/fr\/wp-content\/uploads\/2025\/06\/116_TOP-500_AM-1.jpg\"\/><\/a><\/p>\n<p>\n                                116. Ludivine Prenot (Sorovim) et Marc Pigeroulet (Arioste Immobilier)<\/p>\n<p><br style=\"clear: both\"\/><\/p>\n<p>                                <a href=\"https:\/\/www.europesays.com\/fr\/wp-content\/uploads\/2025\/06\/117_TOP-500_AM-1.jpg\" title=\"117. Morgan Couturier (Lyon People), Flavie Lafor\u00eat (Lyon People) et Bruce Mathieu (Coyote Diffusion)\" data-rl_title=\"117. Morgan Couturier (Lyon People), Flavie Lafor\u00eat (Lyon People) et Bruce Mathieu (Coyote Diffusion)\" class=\"rl-gallery-link\" data-rl_caption=\"\" data-rel=\"lightbox-gallery-bGlnaHRib3gtZ2FsbGVyeS0w\" data-rl_><img loading=\"lazy\" decoding=\"async\" width=\"900\" height=\"599\" src=\"data:image\/svg+xml,%3Csvg%20xmlns=\" http:=\"\" class=\"attachment-large size-large\" alt=\"\" aria-describedby=\"gallery--161825\" data-lazy- data-lazy- data-lazy-src=\"https:\/\/www.europesays.com\/fr\/wp-content\/uploads\/2025\/06\/117_TOP-500_AM-1.jpg\"\/><\/a><\/p>\n<p>\n                                117. Morgan Couturier (Lyon People), Flavie Lafor\u00eat (Lyon People) et Bruce Mathieu (Coyote Diffusion)<\/p>\n<p>                                <a href=\"https:\/\/www.europesays.com\/fr\/wp-content\/uploads\/2025\/06\/118_TOP-500_AM-1.jpg\" title=\"118. Cl\u00e9mentine Brunet et l\u2019artiste Heyndrikx, accompagn\u00e9s du journaliste Philippe Lecoq\" data-rl_title=\"118. Cl\u00e9mentine Brunet et l\u2019artiste Heyndrikx, accompagn\u00e9s du journaliste Philippe Lecoq\" class=\"rl-gallery-link\" data-rl_caption=\"\" data-rel=\"lightbox-gallery-bGlnaHRib3gtZ2FsbGVyeS0w\" data-rl_><img loading=\"lazy\" decoding=\"async\" width=\"900\" height=\"599\" src=\"data:image\/svg+xml,%3Csvg%20xmlns=\" http:=\"\" class=\"attachment-large size-large\" alt=\"\" aria-describedby=\"gallery--161826\" data-lazy- data-lazy- data-lazy-src=\"https:\/\/www.europesays.com\/fr\/wp-content\/uploads\/2025\/06\/118_TOP-500_AM-1.jpg\"\/><\/a><\/p>\n<p>\n                                118. Cl\u00e9mentine Brunet et l\u2019artiste Heyndrikx, accompagn\u00e9s du journaliste Philippe Lecoq<\/p>\n<p><br style=\"clear: both\"\/><\/p>\n<p>                                <a href=\"https:\/\/www.europesays.com\/fr\/wp-content\/uploads\/2025\/06\/119_TOP-500_AM-1.jpg\" title=\"119. Virginie Decia-Mathiolon (Prisme Consulting), Quentin Delaveau (C-gastronomie) et Laurence Masson (Prisme Consulting).\" data-rl_title=\"119. Virginie Decia-Mathiolon (Prisme Consulting), Quentin Delaveau (C-gastronomie) et Laurence Masson (Prisme Consulting).\" class=\"rl-gallery-link\" data-rl_caption=\"\" data-rel=\"lightbox-gallery-bGlnaHRib3gtZ2FsbGVyeS0w\" data-rl_><img loading=\"lazy\" decoding=\"async\" width=\"900\" height=\"599\" src=\"data:image\/svg+xml,%3Csvg%20xmlns=\" http:=\"\" class=\"attachment-large size-large\" alt=\"\" aria-describedby=\"gallery--161827\" data-lazy- data-lazy- data-lazy-src=\"https:\/\/www.europesays.com\/fr\/wp-content\/uploads\/2025\/06\/119_TOP-500_AM-1.jpg\"\/><\/a><\/p>\n<p>\n                                119. Virginie Decia-Mathiolon (Prisme Consulting), Quentin Delaveau (C-gastronomie) et Laurence Masson (Prisme Consulting).<\/p>\n<p>                                <a href=\"https:\/\/www.europesays.com\/fr\/wp-content\/uploads\/2025\/06\/120_TOP-500_AM-1.jpg\" title=\"120. Le photographe Charles Edouard Gil et son mod\u00e8le, Emilie Arrault\" data-rl_title=\"120. Le photographe Charles Edouard Gil et son mod\u00e8le, Emilie Arrault\" class=\"rl-gallery-link\" data-rl_caption=\"\" data-rel=\"lightbox-gallery-bGlnaHRib3gtZ2FsbGVyeS0w\" data-rl_><img loading=\"lazy\" decoding=\"async\" width=\"900\" height=\"599\" src=\"data:image\/svg+xml,%3Csvg%20xmlns=\" http:=\"\" class=\"attachment-large size-large\" alt=\"\" aria-describedby=\"gallery--161828\" data-lazy- data-lazy- data-lazy-src=\"https:\/\/www.europesays.com\/fr\/wp-content\/uploads\/2025\/06\/120_TOP-500_AM-1.jpg\"\/><\/a><\/p>\n<p>120. Le photographe Charles Edouard Gil et son mod\u00e8le, Emilie Arrault  <\/p>\n<p><br style=\"clear: both\"\/><\/p>\n<p>                                <a href=\"https:\/\/www.europesays.com\/fr\/wp-content\/uploads\/2025\/06\/121_TOP-500_AM-1.jpg\" title=\"121. Xavier Bresse et Charline Bresse Vittoz, directrice g\u00e9n\u00e9rale de Lavorel Hotels\" data-rl_title=\"121. Xavier Bresse et Charline Bresse Vittoz, directrice g\u00e9n\u00e9rale de Lavorel Hotels\" class=\"rl-gallery-link\" data-rl_caption=\"\" data-rel=\"lightbox-gallery-bGlnaHRib3gtZ2FsbGVyeS0w\" data-rl_><img loading=\"lazy\" decoding=\"async\" width=\"900\" height=\"599\" src=\"data:image\/svg+xml,%3Csvg%20xmlns=\" http:=\"\" class=\"attachment-large size-large\" alt=\"\" aria-describedby=\"gallery--161829\" data-lazy- data-lazy- data-lazy-src=\"https:\/\/www.europesays.com\/fr\/wp-content\/uploads\/2025\/06\/121_TOP-500_AM-1.jpg\"\/><\/a><\/p>\n<p>\n                                121. Xavier Bresse et Charline Bresse Vittoz, directrice g\u00e9n\u00e9rale de Lavorel Hotels<\/p>\n<p>                                <a href=\"https:\/\/www.europesays.com\/fr\/wp-content\/uploads\/2025\/06\/122_TOP-500_AM-1.jpg\" title=\"122.\" data-rl_title=\"122.\" class=\"rl-gallery-link\" data-rl_caption=\"\" data-rel=\"lightbox-gallery-bGlnaHRib3gtZ2FsbGVyeS0w\" data-rl_><img loading=\"lazy\" decoding=\"async\" width=\"900\" height=\"599\" src=\"data:image\/svg+xml,%3Csvg%20xmlns=\" http:=\"\" class=\"attachment-large size-large\" alt=\"\" aria-describedby=\"gallery--161830\" data-lazy- data-lazy- data-lazy-src=\"https:\/\/www.europesays.com\/fr\/wp-content\/uploads\/2025\/06\/122_TOP-500_AM-1.jpg\"\/><\/a><\/p>\n<p>\n                                122. <\/p>\n<p><br style=\"clear: both\"\/><\/p>\n<p>                                <a href=\"https:\/\/www.europesays.com\/fr\/wp-content\/uploads\/2025\/06\/123_TOP-500_AM-1.jpg\" title=\"123. Sophia Jeannot (Entresport), Camille Megido et Margaux Nourry (Lyon People)\" data-rl_title=\"123. Sophia Jeannot (Entresport), Camille Megido et Margaux Nourry (Lyon People)\" class=\"rl-gallery-link\" data-rl_caption=\"\" data-rel=\"lightbox-gallery-bGlnaHRib3gtZ2FsbGVyeS0w\" data-rl_><img loading=\"lazy\" decoding=\"async\" width=\"900\" height=\"599\" src=\"data:image\/svg+xml,%3Csvg%20xmlns=\" http:=\"\" class=\"attachment-large size-large\" alt=\"\" aria-describedby=\"gallery--161831\" data-lazy- data-lazy- data-lazy-src=\"https:\/\/www.europesays.com\/fr\/wp-content\/uploads\/2025\/06\/123_TOP-500_AM-1.jpg\"\/><\/a><\/p>\n<p>\n                                123. Sophia Jeannot (Entresport), Camille Megido et Margaux Nourry (Lyon People)<\/p>\n<p>                                <a href=\"https:\/\/www.europesays.com\/fr\/wp-content\/uploads\/2025\/06\/124_TOP-500_AM-1.jpg\" title=\"124. Alice et Victoria (Lyon People)\" data-rl_title=\"124. Alice et Victoria (Lyon People)\" class=\"rl-gallery-link\" data-rl_caption=\"\" data-rel=\"lightbox-gallery-bGlnaHRib3gtZ2FsbGVyeS0w\" data-rl_><img loading=\"lazy\" decoding=\"async\" width=\"900\" height=\"599\" src=\"data:image\/svg+xml,%3Csvg%20xmlns=\" http:=\"\" class=\"attachment-large size-large\" alt=\"\" aria-describedby=\"gallery--161832\" data-lazy- data-lazy- data-lazy-src=\"https:\/\/www.europesays.com\/fr\/wp-content\/uploads\/2025\/06\/124_TOP-500_AM-1.jpg\"\/><\/a><\/p>\n<p>\n                                124. Alice et Victoria (Lyon People)<\/p>\n<p><br style=\"clear: both\"\/><\/p>\n<p>                                <a href=\"https:\/\/www.europesays.com\/fr\/wp-content\/uploads\/2025\/06\/125_TOP-500_AM-1.jpg\" title=\"125. Jean-Michel Aulas entour\u00e9 de Fabrice Pannecoucke et Nicolas Sarkozy\" data-rl_title=\"125. Jean-Michel Aulas entour\u00e9 de Fabrice Pannecoucke et Nicolas Sarkozy\" class=\"rl-gallery-link\" data-rl_caption=\"\" data-rel=\"lightbox-gallery-bGlnaHRib3gtZ2FsbGVyeS0w\" data-rl_><img loading=\"lazy\" decoding=\"async\" width=\"900\" height=\"599\" src=\"data:image\/svg+xml,%3Csvg%20xmlns=\" http:=\"\" class=\"attachment-large size-large\" alt=\"\" aria-describedby=\"gallery--161833\" data-lazy- data-lazy- data-lazy-src=\"https:\/\/www.europesays.com\/fr\/wp-content\/uploads\/2025\/06\/125_TOP-500_AM-1.jpg\"\/><\/a><\/p>\n<p>\n                                125. Jean-Michel Aulas entour\u00e9 de Fabrice Pannecoucke et Nicolas Sarkozy<\/p>\n<p>                                <a href=\"https:\/\/www.europesays.com\/fr\/wp-content\/uploads\/2025\/06\/126_TOP-500_AM-1.jpg\" title=\"126. Laurent Gerra sous les applaudissements de Nicolas Sarkozy.\" data-rl_title=\"126. Laurent Gerra sous les applaudissements de Nicolas Sarkozy.\" class=\"rl-gallery-link\" data-rl_caption=\"\" data-rel=\"lightbox-gallery-bGlnaHRib3gtZ2FsbGVyeS0w\" data-rl_><img loading=\"lazy\" decoding=\"async\" width=\"900\" height=\"599\" src=\"data:image\/svg+xml,%3Csvg%20xmlns=\" http:=\"\" class=\"attachment-large size-large\" alt=\"\" aria-describedby=\"gallery--161834\" data-lazy- data-lazy- data-lazy-src=\"https:\/\/www.europesays.com\/fr\/wp-content\/uploads\/2025\/06\/126_TOP-500_AM-1.jpg\"\/><\/a><\/p>\n<p>\n                                126. Laurent Gerra sous les applaudissements de Nicolas Sarkozy.<\/p>\n<p><br style=\"clear: both\"\/><\/p>\n<p>                                <a href=\"https:\/\/www.europesays.com\/fr\/wp-content\/uploads\/2025\/06\/127_TOP-500_AM-1.jpg\" title=\"127. L\u2019humoriste Ary Abittan accompagn\u00e9 de Christelle Bardet et Nicole Marguin\" data-rl_title=\"127. L\u2019humoriste Ary Abittan accompagn\u00e9 de Christelle Bardet et Nicole Marguin\" class=\"rl-gallery-link\" data-rl_caption=\"\" data-rel=\"lightbox-gallery-bGlnaHRib3gtZ2FsbGVyeS0w\" data-rl_><img loading=\"lazy\" decoding=\"async\" width=\"900\" height=\"599\" src=\"data:image\/svg+xml,%3Csvg%20xmlns=\" http:=\"\" class=\"attachment-large size-large\" alt=\"\" aria-describedby=\"gallery--161835\" data-lazy- data-lazy- data-lazy-src=\"https:\/\/www.europesays.com\/fr\/wp-content\/uploads\/2025\/06\/127_TOP-500_AM-1.jpg\"\/><\/a><\/p>\n<p>\n                                127. L\u2019humoriste Ary Abittan accompagn\u00e9 de Christelle Bardet et Nicole Marguin <\/p>\n<p>                                <a href=\"https:\/\/www.europesays.com\/fr\/wp-content\/uploads\/2025\/06\/128_TOP-500_AM-1.jpg\" title=\"128. Laurent Abitbol (Havas Voyages), entour\u00e9 de Christophe Guilloteau, pr\u00e9sident du D\u00e9partement du Rh\u00f4ne et l\u2019ancien d\u00e9put\u00e9 Emmanuel Hamelin\" data-rl_title=\"128. Laurent Abitbol (Havas Voyages), entour\u00e9 de Christophe Guilloteau, pr\u00e9sident du D\u00e9partement du Rh\u00f4ne et l\u2019ancien d\u00e9put\u00e9 Emmanuel Hamelin\" class=\"rl-gallery-link\" data-rl_caption=\"\" data-rel=\"lightbox-gallery-bGlnaHRib3gtZ2FsbGVyeS0w\" data-rl_><img loading=\"lazy\" decoding=\"async\" width=\"900\" height=\"599\" src=\"data:image\/svg+xml,%3Csvg%20xmlns=\" http:=\"\" class=\"attachment-large size-large\" alt=\"\" aria-describedby=\"gallery--161836\" data-lazy- data-lazy- data-lazy-src=\"https:\/\/www.europesays.com\/fr\/wp-content\/uploads\/2025\/06\/128_TOP-500_AM-1.jpg\"\/><\/a><\/p>\n<p>\n                                128. Laurent Abitbol (Havas Voyages), entour\u00e9 de Christophe Guilloteau, pr\u00e9sident du D\u00e9partement du Rh\u00f4ne et l\u2019ancien d\u00e9put\u00e9 Emmanuel Hamelin<\/p>\n<p><br style=\"clear: both\"\/><\/p>\n<p>                                <a href=\"https:\/\/www.europesays.com\/fr\/wp-content\/uploads\/2025\/06\/129_TOP-500_AM-1.jpg\" title=\"129. Christophe Marguin, Pr\u00e9sident des Toques Blanches Lyonnaises.\" data-rl_title=\"129. Christophe Marguin, Pr\u00e9sident des Toques Blanches Lyonnaises.\" class=\"rl-gallery-link\" data-rl_caption=\"\" data-rel=\"lightbox-gallery-bGlnaHRib3gtZ2FsbGVyeS0w\" data-rl_><img loading=\"lazy\" decoding=\"async\" width=\"900\" height=\"599\" src=\"data:image\/svg+xml,%3Csvg%20xmlns=\" http:=\"\" class=\"attachment-large size-large\" alt=\"\" aria-describedby=\"gallery--161837\" data-lazy- data-lazy- data-lazy-src=\"https:\/\/www.europesays.com\/fr\/wp-content\/uploads\/2025\/06\/129_TOP-500_AM-1.jpg\"\/><\/a><\/p>\n<p>\n                                129. Christophe Marguin, Pr\u00e9sident des Toques Blanches Lyonnaises.<\/p>\n<p>                                <a href=\"https:\/\/www.europesays.com\/fr\/wp-content\/uploads\/2025\/06\/130_TOP-500_AM-1.jpg\" title=\"130. Christophe Guilloteau, pr\u00e9sident du D\u00e9partement du Rh\u00f4ne, Laurent Abitbol, Parrain du Top 500 2025, Pr\u00e9sident d\u2019Havas Voyages, l\u2019ancien d\u00e9put\u00e9 Emmanuel Hamelin, V\u00e9ronique Sarselli, maire de Sainte Foy l\u00e8s Lyon et Gilbert Coudert (Les Allumeurs de R\u00eaves)\" data-rl_title=\"130. Christophe Guilloteau, pr\u00e9sident du D\u00e9partement du Rh\u00f4ne, Laurent Abitbol, Parrain du Top 500 2025, Pr\u00e9sident d\u2019Havas Voyages, l\u2019ancien d\u00e9put\u00e9 Emmanuel Hamelin, V\u00e9ronique Sarselli, maire de Sainte Foy l\u00e8s Lyon et Gilbert Coudert (Les Allumeurs de R\u00eaves)\" class=\"rl-gallery-link\" data-rl_caption=\"\" data-rel=\"lightbox-gallery-bGlnaHRib3gtZ2FsbGVyeS0w\" data-rl_><img loading=\"lazy\" decoding=\"async\" width=\"900\" height=\"599\" src=\"data:image\/svg+xml,%3Csvg%20xmlns=\" http:=\"\" class=\"attachment-large size-large\" alt=\"\" aria-describedby=\"gallery--161838\" data-lazy- data-lazy- data-lazy-src=\"https:\/\/www.europesays.com\/fr\/wp-content\/uploads\/2025\/06\/130_TOP-500_AM-1.jpg\"\/><\/a><\/p>\n<p>\n                                130. Christophe Guilloteau, pr\u00e9sident du D\u00e9partement du Rh\u00f4ne, Laurent Abitbol, Parrain du Top 500 2025, Pr\u00e9sident d\u2019Havas Voyages, l\u2019ancien d\u00e9put\u00e9 Emmanuel Hamelin, V\u00e9ronique Sarselli, maire de Sainte Foy l\u00e8s Lyon et Gilbert Coudert (Les Allumeurs de R\u00eaves)<\/p>\n<p><br style=\"clear: both\"\/><\/p>\n<p>                                <a href=\"https:\/\/www.europesays.com\/fr\/wp-content\/uploads\/2025\/06\/131_TOP-500_AM-1.jpg\" title=\"131. St\u00e9phanie et Cyriaque Rios, pr\u00e9sident de Resolving\" data-rl_title=\"131. St\u00e9phanie et Cyriaque Rios, pr\u00e9sident de Resolving\" class=\"rl-gallery-link\" data-rl_caption=\"\" data-rel=\"lightbox-gallery-bGlnaHRib3gtZ2FsbGVyeS0w\" data-rl_><img loading=\"lazy\" decoding=\"async\" width=\"900\" height=\"599\" src=\"data:image\/svg+xml,%3Csvg%20xmlns=\" http:=\"\" class=\"attachment-large size-large\" alt=\"\" aria-describedby=\"gallery--161839\" data-lazy- data-lazy- data-lazy-src=\"https:\/\/www.europesays.com\/fr\/wp-content\/uploads\/2025\/06\/131_TOP-500_AM-1.jpg\"\/><\/a><\/p>\n<p>\n                                131. St\u00e9phanie et Cyriaque Rios, pr\u00e9sident de Resolving <\/p>\n<p>                                <a href=\"https:\/\/www.europesays.com\/fr\/wp-content\/uploads\/2025\/06\/132_TOP-500_AM-1.jpg\" title=\"132. Laurent Abitbol, Pr\u00e9sident d\u2019Havas Voyages et Nicolas Winckler.\" data-rl_title=\"132. Laurent Abitbol, Pr\u00e9sident d\u2019Havas Voyages et Nicolas Winckler.\" class=\"rl-gallery-link\" data-rl_caption=\"\" data-rel=\"lightbox-gallery-bGlnaHRib3gtZ2FsbGVyeS0w\" data-rl_><img loading=\"lazy\" decoding=\"async\" width=\"900\" height=\"599\" src=\"data:image\/svg+xml,%3Csvg%20xmlns=\" http:=\"\" class=\"attachment-large size-large\" alt=\"\" aria-describedby=\"gallery--161840\" data-lazy- data-lazy- data-lazy-src=\"https:\/\/www.europesays.com\/fr\/wp-content\/uploads\/2025\/06\/132_TOP-500_AM-1.jpg\"\/><\/a><\/p>\n<p>\n                                132. Laurent Abitbol, Pr\u00e9sident d\u2019Havas Voyages et Nicolas Winckler.<\/p>\n<p><br style=\"clear: both\"\/><\/p>\n<p>                                <a href=\"https:\/\/www.europesays.com\/fr\/wp-content\/uploads\/2025\/06\/133_TOP-500_AM-1.jpg\" title=\"133. Laurent Abitbol, Pr\u00e9sident d\u2019Havas Voyages et parrain du Top 500 2025.\" data-rl_title=\"133. Laurent Abitbol, Pr\u00e9sident d\u2019Havas Voyages et parrain du Top 500 2025.\" class=\"rl-gallery-link\" data-rl_caption=\"\" data-rel=\"lightbox-gallery-bGlnaHRib3gtZ2FsbGVyeS0w\" data-rl_><img loading=\"lazy\" decoding=\"async\" width=\"900\" height=\"599\" src=\"data:image\/svg+xml,%3Csvg%20xmlns=\" http:=\"\" class=\"attachment-large size-large\" alt=\"\" aria-describedby=\"gallery--161841\" data-lazy- data-lazy- data-lazy-src=\"https:\/\/www.europesays.com\/fr\/wp-content\/uploads\/2025\/06\/133_TOP-500_AM-1.jpg\"\/><\/a><\/p>\n<p>\n                                 133. Laurent Abitbol, Pr\u00e9sident d\u2019Havas Voyages et parrain du Top 500 2025.<\/p>\n<p>                                <a href=\"https:\/\/www.europesays.com\/fr\/wp-content\/uploads\/2025\/06\/134_TOP-500_AM-2.jpg\" title=\"134. Laurent Abitbol, Pr\u00e9sident d\u2019Havas Voyages et le pr\u00e9sident Nicolas Sarkozy.\" data-rl_title=\"134. Laurent Abitbol, Pr\u00e9sident d\u2019Havas Voyages et le pr\u00e9sident Nicolas Sarkozy.\" class=\"rl-gallery-link\" data-rl_caption=\"\" data-rel=\"lightbox-gallery-bGlnaHRib3gtZ2FsbGVyeS0w\" data-rl_><img loading=\"lazy\" decoding=\"async\" width=\"900\" height=\"599\" src=\"data:image\/svg+xml,%3Csvg%20xmlns=\" http:=\"\" class=\"attachment-large size-large\" alt=\"\" aria-describedby=\"gallery--161842\" data-lazy- data-lazy- data-lazy-src=\"https:\/\/www.europesays.com\/fr\/wp-content\/uploads\/2025\/06\/134_TOP-500_AM-2.jpg\"\/><\/a><\/p>\n<p>\n                                134. Laurent Abitbol, Pr\u00e9sident d\u2019Havas Voyages et le pr\u00e9sident Nicolas Sarkozy.<\/p>\n<p><br style=\"clear: both\"\/><\/p>\n<p>                                <a href=\"https:\/\/www.europesays.com\/fr\/wp-content\/uploads\/2025\/06\/135_TOP-500_AM-1.jpg\" title=\"135. Laurent Abitbol, Pr\u00e9sident d\u2019Havas Voyages et le pr\u00e9sident Nicolas Sarkozy et Nicolas Winckler.\" data-rl_title=\"135. Laurent Abitbol, Pr\u00e9sident d\u2019Havas Voyages et le pr\u00e9sident Nicolas Sarkozy et Nicolas Winckler.\" class=\"rl-gallery-link\" data-rl_caption=\"\" data-rel=\"lightbox-gallery-bGlnaHRib3gtZ2FsbGVyeS0w\" data-rl_><img loading=\"lazy\" decoding=\"async\" width=\"900\" height=\"599\" src=\"data:image\/svg+xml,%3Csvg%20xmlns=\" http:=\"\" class=\"attachment-large size-large\" alt=\"\" aria-describedby=\"gallery--161843\" data-lazy- data-lazy- data-lazy-src=\"https:\/\/www.europesays.com\/fr\/wp-content\/uploads\/2025\/06\/135_TOP-500_AM-1.jpg\"\/><\/a><\/p>\n<p>\n                                135. Laurent Abitbol, Pr\u00e9sident d\u2019Havas Voyages et le pr\u00e9sident Nicolas Sarkozy et Nicolas Winckler.<\/p>\n<p>                                <a href=\"https:\/\/www.europesays.com\/fr\/wp-content\/uploads\/2025\/06\/136_TOP-500_AM-2.jpg\" title=\"136. Marco Polisson (Lyon People), Laurent Abitbol, Pr\u00e9sident d\u2019Havas Voyages et le pr\u00e9sident Nicolas Sarkozy et Nicolas Winckler.\" data-rl_title=\"136. Marco Polisson (Lyon People), Laurent Abitbol, Pr\u00e9sident d\u2019Havas Voyages et le pr\u00e9sident Nicolas Sarkozy et Nicolas Winckler.\" class=\"rl-gallery-link\" data-rl_caption=\"\" data-rel=\"lightbox-gallery-bGlnaHRib3gtZ2FsbGVyeS0w\" data-rl_><img loading=\"lazy\" decoding=\"async\" width=\"900\" height=\"563\" src=\"data:image\/svg+xml,%3Csvg%20xmlns=\" http:=\"\" class=\"attachment-large size-large\" alt=\"\" aria-describedby=\"gallery--161844\" data-lazy- data-lazy- data-lazy-src=\"https:\/\/www.europesays.com\/fr\/wp-content\/uploads\/2025\/06\/136_TOP-500_AM-2.jpg\"\/><\/a><\/p>\n<p>\n                                136. Marco Polisson (Lyon People), Laurent Abitbol, Pr\u00e9sident d\u2019Havas Voyages et le pr\u00e9sident Nicolas Sarkozy et Nicolas Winckler.<\/p>\n<p><br style=\"clear: both\"\/><\/p>\n<p>                                <a href=\"https:\/\/www.europesays.com\/fr\/wp-content\/uploads\/2025\/06\/137_TOP-500_AM-1.jpg\" title=\"137. Laurent Abitbol, Pr\u00e9sident d\u2019Havas Voyages et le pr\u00e9sident Nicolas Sarkozy\" data-rl_title=\"137. Laurent Abitbol, Pr\u00e9sident d\u2019Havas Voyages et le pr\u00e9sident Nicolas Sarkozy\" class=\"rl-gallery-link\" data-rl_caption=\"\" data-rel=\"lightbox-gallery-bGlnaHRib3gtZ2FsbGVyeS0w\" data-rl_><img loading=\"lazy\" decoding=\"async\" width=\"900\" height=\"599\" src=\"data:image\/svg+xml,%3Csvg%20xmlns=\" http:=\"\" class=\"attachment-large size-large\" alt=\"\" aria-describedby=\"gallery--161845\" data-lazy- data-lazy- data-lazy-src=\"https:\/\/www.europesays.com\/fr\/wp-content\/uploads\/2025\/06\/137_TOP-500_AM-1.jpg\"\/><\/a><\/p>\n<p>\n                                137. Laurent Abitbol, Pr\u00e9sident d\u2019Havas Voyages et le pr\u00e9sident Nicolas Sarkozy<\/p>\n<p>                                <a href=\"https:\/\/www.europesays.com\/fr\/wp-content\/uploads\/2025\/06\/138_TOP-500_AM-1.jpg\" title=\"138. L\u2019assistance conquise par le show pr\u00e9sidentiel\" data-rl_title=\"138. L\u2019assistance conquise par le show pr\u00e9sidentiel\" class=\"rl-gallery-link\" data-rl_caption=\"\" data-rel=\"lightbox-gallery-bGlnaHRib3gtZ2FsbGVyeS0w\" data-rl_><img loading=\"lazy\" decoding=\"async\" width=\"900\" height=\"599\" src=\"data:image\/svg+xml,%3Csvg%20xmlns=\" http:=\"\" class=\"attachment-large size-large\" alt=\"\" aria-describedby=\"gallery--161846\" data-lazy- data-lazy- data-lazy-src=\"https:\/\/www.europesays.com\/fr\/wp-content\/uploads\/2025\/06\/138_TOP-500_AM-1.jpg\"\/><\/a><\/p>\n<p>\n                                138. L\u2019assistance conquise par le show pr\u00e9sidentiel <\/p>\n<p><br style=\"clear: both\"\/><\/p>\n<p>                                <a href=\"https:\/\/www.europesays.com\/fr\/wp-content\/uploads\/2025\/06\/139_TOP-500_AM-1.jpg\" title=\"139. Laurent Abitbol, Pr\u00e9sident d\u2019Havas Voyages et le pr\u00e9sident Nicolas Sarkozy.\" data-rl_title=\"139. Laurent Abitbol, Pr\u00e9sident d\u2019Havas Voyages et le pr\u00e9sident Nicolas Sarkozy.\" class=\"rl-gallery-link\" data-rl_caption=\"\" data-rel=\"lightbox-gallery-bGlnaHRib3gtZ2FsbGVyeS0w\" data-rl_><img loading=\"lazy\" decoding=\"async\" width=\"900\" height=\"599\" src=\"data:image\/svg+xml,%3Csvg%20xmlns=\" http:=\"\" class=\"attachment-large size-large\" alt=\"\" aria-describedby=\"gallery--161847\" data-lazy- data-lazy- data-lazy-src=\"https:\/\/www.europesays.com\/fr\/wp-content\/uploads\/2025\/06\/139_TOP-500_AM-1.jpg\"\/><\/a><\/p>\n<p>\n                                139. Laurent Abitbol, Pr\u00e9sident d\u2019Havas Voyages et le pr\u00e9sident Nicolas Sarkozy.<\/p>\n<p>                                <a href=\"https:\/\/www.europesays.com\/fr\/wp-content\/uploads\/2025\/06\/140_TOP-500_AM-1.jpg\" title=\"140. 17 minutes de one man show pour Nicolas Sarkozy\" data-rl_title=\"140. 17 minutes de one man show pour Nicolas Sarkozy\" class=\"rl-gallery-link\" data-rl_caption=\"\" data-rel=\"lightbox-gallery-bGlnaHRib3gtZ2FsbGVyeS0w\" data-rl_><img loading=\"lazy\" decoding=\"async\" width=\"900\" height=\"599\" src=\"data:image\/svg+xml,%3Csvg%20xmlns=\" http:=\"\" class=\"attachment-large size-large\" alt=\"\" aria-describedby=\"gallery--161848\" data-lazy- data-lazy- data-lazy-src=\"https:\/\/www.europesays.com\/fr\/wp-content\/uploads\/2025\/06\/140_TOP-500_AM-1.jpg\"\/><\/a><\/p>\n<p>\n                                140. 17 minutes de one man show pour Nicolas Sarkozy<\/p>\n<p><br style=\"clear: both\"\/><\/p>\n<p>                                <a href=\"https:\/\/www.europesays.com\/fr\/wp-content\/uploads\/2025\/06\/141_TOP-500_AM-1.jpg\" title=\"141. Laurent Abitbol, Pr\u00e9sident d\u2019Havas Voyages et le pr\u00e9sident Nicolas Sarkozy.\" data-rl_title=\"141. Laurent Abitbol, Pr\u00e9sident d\u2019Havas Voyages et le pr\u00e9sident Nicolas Sarkozy.\" class=\"rl-gallery-link\" data-rl_caption=\"\" data-rel=\"lightbox-gallery-bGlnaHRib3gtZ2FsbGVyeS0w\" data-rl_><img loading=\"lazy\" decoding=\"async\" width=\"900\" height=\"599\" src=\"data:image\/svg+xml,%3Csvg%20xmlns=\" http:=\"\" class=\"attachment-large size-large\" alt=\"\" aria-describedby=\"gallery--161849\" data-lazy- data-lazy- data-lazy-src=\"https:\/\/www.europesays.com\/fr\/wp-content\/uploads\/2025\/06\/141_TOP-500_AM-1.jpg\"\/><\/a><\/p>\n<p>\n                                141. Laurent Abitbol, Pr\u00e9sident d\u2019Havas Voyages et le pr\u00e9sident Nicolas Sarkozy.<\/p>\n<p>                                <a href=\"https:\/\/www.europesays.com\/fr\/wp-content\/uploads\/2025\/06\/142_TOP-500_AM-1.jpg\" title=\"142. Jean-Michel Aulas, vice-pr\u00e9sident de la FFF\" data-rl_title=\"142. Jean-Michel Aulas, vice-pr\u00e9sident de la FFF\" class=\"rl-gallery-link\" data-rl_caption=\"\" data-rel=\"lightbox-gallery-bGlnaHRib3gtZ2FsbGVyeS0w\" data-rl_><img loading=\"lazy\" decoding=\"async\" width=\"900\" height=\"599\" src=\"data:image\/svg+xml,%3Csvg%20xmlns=\" http:=\"\" class=\"attachment-large size-large\" alt=\"\" aria-describedby=\"gallery--161850\" data-lazy- data-lazy- data-lazy-src=\"https:\/\/www.europesays.com\/fr\/wp-content\/uploads\/2025\/06\/142_TOP-500_AM-1.jpg\"\/><\/a><\/p>\n<p>\n                                142. Jean-Michel Aulas, vice-pr\u00e9sident de la FFF<\/p>\n<p><br style=\"clear: both\"\/><\/p>\n<p>                                <a href=\"https:\/\/www.europesays.com\/fr\/wp-content\/uploads\/2025\/06\/143_TOP-500_AM-1.jpg\" title=\"143. Geoffrey Mercier, directeur de cabinet adjoint de Fabrice Pannekoucke, pr\u00e9sident de la R\u00e9gion AURA et Jean-Michel Aulas, vice-pr\u00e9sident de la FFF\" data-rl_title=\"143. Geoffrey Mercier, directeur de cabinet adjoint de Fabrice Pannekoucke, pr\u00e9sident de la R\u00e9gion AURA et Jean-Michel Aulas, vice-pr\u00e9sident de la FFF\" class=\"rl-gallery-link\" data-rl_caption=\"\" data-rel=\"lightbox-gallery-bGlnaHRib3gtZ2FsbGVyeS0w\" data-rl_><img loading=\"lazy\" decoding=\"async\" width=\"900\" height=\"599\" src=\"data:image\/svg+xml,%3Csvg%20xmlns=\" http:=\"\" class=\"attachment-large size-large\" alt=\"\" aria-describedby=\"gallery--161851\" data-lazy- data-lazy- data-lazy-src=\"https:\/\/www.europesays.com\/fr\/wp-content\/uploads\/2025\/06\/143_TOP-500_AM-1.jpg\"\/><\/a><\/p>\n<p>\n                                143. Geoffrey Mercier, directeur de cabinet adjoint de Fabrice Pannekoucke, pr\u00e9sident de la R\u00e9gion AURA et Jean-Michel Aulas, vice-pr\u00e9sident de la FFF<\/p>\n<p>                                <a href=\"https:\/\/www.europesays.com\/fr\/wp-content\/uploads\/2025\/06\/144_TOP-500_AM-1.jpg\" title=\"144. Jean-Michel Aulas tr\u00e8s attentif au discours de Nicolas Sarkozy\" data-rl_title=\"144. Jean-Michel Aulas tr\u00e8s attentif au discours de Nicolas Sarkozy\" class=\"rl-gallery-link\" data-rl_caption=\"\" data-rel=\"lightbox-gallery-bGlnaHRib3gtZ2FsbGVyeS0w\" data-rl_><img loading=\"lazy\" decoding=\"async\" width=\"900\" height=\"599\" src=\"data:image\/svg+xml,%3Csvg%20xmlns=\" http:=\"\" class=\"attachment-large size-large\" alt=\"\" aria-describedby=\"gallery--161852\" data-lazy- data-lazy- data-lazy-src=\"https:\/\/www.europesays.com\/fr\/wp-content\/uploads\/2025\/06\/144_TOP-500_AM-1.jpg\"\/><\/a><\/p>\n<p>\n                                144. Jean-Michel Aulas tr\u00e8s attentif au discours de Nicolas Sarkozy <\/p>\n<p><br style=\"clear: both\"\/><\/p>\n<p>                                <a href=\"https:\/\/www.europesays.com\/fr\/wp-content\/uploads\/2025\/06\/145_TOP-500_AM-1.jpg\" title=\"145.\" data-rl_title=\"145.\" class=\"rl-gallery-link\" data-rl_caption=\"\" data-rel=\"lightbox-gallery-bGlnaHRib3gtZ2FsbGVyeS0w\" data-rl_><img loading=\"lazy\" decoding=\"async\" width=\"900\" height=\"599\" src=\"data:image\/svg+xml,%3Csvg%20xmlns=\" http:=\"\" class=\"attachment-large size-large\" alt=\"\" aria-describedby=\"gallery--161853\" data-lazy- data-lazy- data-lazy-src=\"https:\/\/www.europesays.com\/fr\/wp-content\/uploads\/2025\/06\/145_TOP-500_AM-1.jpg\"\/><\/a><\/p>\n<p>\n                                145.<\/p>\n<p>                                <a href=\"https:\/\/www.europesays.com\/fr\/wp-content\/uploads\/2025\/06\/146_TOP-500_AM-1.jpg\" title=\"146. L\u2019humoriste Laurent Gerra et Olivia Hamelin\" data-rl_title=\"146. L\u2019humoriste Laurent Gerra et Olivia Hamelin\" class=\"rl-gallery-link\" data-rl_caption=\"\" data-rel=\"lightbox-gallery-bGlnaHRib3gtZ2FsbGVyeS0w\" data-rl_><img loading=\"lazy\" decoding=\"async\" width=\"900\" height=\"599\" src=\"data:image\/svg+xml,%3Csvg%20xmlns=\" http:=\"\" class=\"attachment-large size-large\" alt=\"\" aria-describedby=\"gallery--161854\" data-lazy- data-lazy- data-lazy-src=\"https:\/\/www.europesays.com\/fr\/wp-content\/uploads\/2025\/06\/146_TOP-500_AM-1.jpg\"\/><\/a><\/p>\n<p>\n                                146. L\u2019humoriste Laurent Gerra et Olivia Hamelin <\/p>\n<p><br style=\"clear: both\"\/><\/p>\n<p>                                <a href=\"https:\/\/www.europesays.com\/fr\/wp-content\/uploads\/2025\/06\/147_TOP-500_AM-1.jpg\" title=\"147. Du pain b\u00e9ni pour le commandant Marco Polisson (Lyon People)\" data-rl_title=\"147. Du pain b\u00e9ni pour le commandant Marco Polisson (Lyon People)\" class=\"rl-gallery-link\" data-rl_caption=\"\" data-rel=\"lightbox-gallery-bGlnaHRib3gtZ2FsbGVyeS0w\" data-rl_><img loading=\"lazy\" decoding=\"async\" width=\"900\" height=\"599\" src=\"data:image\/svg+xml,%3Csvg%20xmlns=\" http:=\"\" class=\"attachment-large size-large\" alt=\"\" aria-describedby=\"gallery--161855\" data-lazy- data-lazy- data-lazy-src=\"https:\/\/www.europesays.com\/fr\/wp-content\/uploads\/2025\/06\/147_TOP-500_AM-1.jpg\"\/><\/a><\/p>\n<p>\n                                147. Du pain b\u00e9ni pour le commandant Marco Polisson (Lyon People)<\/p>\n<p>                                <a href=\"https:\/\/www.europesays.com\/fr\/wp-content\/uploads\/2025\/06\/148_TOP-500_AM-1.jpg\" title=\"148. Laurent Abitbol, Pr\u00e9sident d\u2019Havas Voyages et le pr\u00e9sident Nicolas Sarkozy et Nicolas Winkler.\" data-rl_title=\"148. Laurent Abitbol, Pr\u00e9sident d\u2019Havas Voyages et le pr\u00e9sident Nicolas Sarkozy et Nicolas Winkler.\" class=\"rl-gallery-link\" data-rl_caption=\"\" data-rel=\"lightbox-gallery-bGlnaHRib3gtZ2FsbGVyeS0w\" data-rl_><img loading=\"lazy\" decoding=\"async\" width=\"900\" height=\"599\" src=\"data:image\/svg+xml,%3Csvg%20xmlns=\" http:=\"\" class=\"attachment-large size-large\" alt=\"\" aria-describedby=\"gallery--161856\" data-lazy- data-lazy- data-lazy-src=\"https:\/\/www.europesays.com\/fr\/wp-content\/uploads\/2025\/06\/148_TOP-500_AM-1.jpg\"\/><\/a><\/p>\n<p>\n                                148. Laurent Abitbol, Pr\u00e9sident d\u2019Havas Voyages et le pr\u00e9sident Nicolas Sarkozy et Nicolas Winkler.<\/p>\n<p><br style=\"clear: both\"\/><\/p>\n<p>                                <a href=\"https:\/\/www.europesays.com\/fr\/wp-content\/uploads\/2025\/06\/149_TOP-500_AM-1.jpg\" title=\"149. La table d\u2019honneur\" data-rl_title=\"149. La table d\u2019honneur\" class=\"rl-gallery-link\" data-rl_caption=\"\" data-rel=\"lightbox-gallery-bGlnaHRib3gtZ2FsbGVyeS0w\" data-rl_><img loading=\"lazy\" decoding=\"async\" width=\"900\" height=\"599\" src=\"data:image\/svg+xml,%3Csvg%20xmlns=\" http:=\"\" class=\"attachment-large size-large\" alt=\"\" aria-describedby=\"gallery--161857\" data-lazy- data-lazy- data-lazy-src=\"https:\/\/www.europesays.com\/fr\/wp-content\/uploads\/2025\/06\/149_TOP-500_AM-1.jpg\"\/><\/a><\/p>\n<p>\n                                149. La table d\u2019honneur <\/p>\n<p>                                <a href=\"https:\/\/www.europesays.com\/fr\/wp-content\/uploads\/2025\/06\/150_TOP-500_AM-1.jpg\" title=\"150. Vincent Le Roux au balcon\" data-rl_title=\"150. Vincent Le Roux au balcon\" class=\"rl-gallery-link\" data-rl_caption=\"\" data-rel=\"lightbox-gallery-bGlnaHRib3gtZ2FsbGVyeS0w\" data-rl_><img loading=\"lazy\" decoding=\"async\" width=\"900\" height=\"599\" src=\"data:image\/svg+xml,%3Csvg%20xmlns=\" http:=\"\" class=\"attachment-large size-large\" alt=\"\" aria-describedby=\"gallery--161858\" data-lazy- data-lazy- data-lazy-src=\"https:\/\/www.europesays.com\/fr\/wp-content\/uploads\/2025\/06\/150_TOP-500_AM-1.jpg\"\/><\/a><\/p>\n<p>\n                                150. Vincent Le Roux au balcon <\/p>\n<p><br style=\"clear: both\"\/><\/p>\n<p>                                <a href=\"https:\/\/www.europesays.com\/fr\/wp-content\/uploads\/2025\/06\/151_TOP-500_AM-1.jpg\" title=\"151. Laurent Abitbol, pr\u00e9sident d\u2019Havas Voyages et le pr\u00e9sident Nicolas Sarkozy\" data-rl_title=\"151. Laurent Abitbol, pr\u00e9sident d\u2019Havas Voyages et le pr\u00e9sident Nicolas Sarkozy\" class=\"rl-gallery-link\" data-rl_caption=\"\" data-rel=\"lightbox-gallery-bGlnaHRib3gtZ2FsbGVyeS0w\" data-rl_><img loading=\"lazy\" decoding=\"async\" width=\"900\" height=\"599\" src=\"data:image\/svg+xml,%3Csvg%20xmlns=\" http:=\"\" class=\"attachment-large size-large\" alt=\"\" aria-describedby=\"gallery--161859\" data-lazy- data-lazy- data-lazy-src=\"https:\/\/www.europesays.com\/fr\/wp-content\/uploads\/2025\/06\/151_TOP-500_AM-1.jpg\"\/><\/a><\/p>\n<p>\n                                151. Laurent Abitbol, pr\u00e9sident d\u2019Havas Voyages et le pr\u00e9sident Nicolas Sarkozy<\/p>\n<p>                                <a href=\"https:\/\/www.europesays.com\/fr\/wp-content\/uploads\/2025\/06\/152_TOP-500_AM-1.jpg\" title=\"152. Laurent Abitbol, pr\u00e9sident d\u2019Havas Voyages et parrain du Top 500 2025\" data-rl_title=\"152. Laurent Abitbol, pr\u00e9sident d\u2019Havas Voyages et parrain du Top 500 2025\" class=\"rl-gallery-link\" data-rl_caption=\"\" data-rel=\"lightbox-gallery-bGlnaHRib3gtZ2FsbGVyeS0w\" data-rl_><img loading=\"lazy\" decoding=\"async\" width=\"900\" height=\"599\" src=\"data:image\/svg+xml,%3Csvg%20xmlns=\" http:=\"\" class=\"attachment-large size-large\" alt=\"\" aria-describedby=\"gallery--161860\" data-lazy- data-lazy- data-lazy-src=\"https:\/\/www.europesays.com\/fr\/wp-content\/uploads\/2025\/06\/152_TOP-500_AM-1.jpg\"\/><\/a><\/p>\n<p>\n                                152. Laurent Abitbol, pr\u00e9sident d\u2019Havas Voyages et parrain du Top 500 2025<\/p>\n<p><br style=\"clear: both\"\/><\/p>\n<p>                                <a href=\"https:\/\/www.europesays.com\/fr\/wp-content\/uploads\/2025\/06\/153_TOP-500_AM-1.jpg\" title=\"153. Laurent Abitbol, pr\u00e9sident d\u2019Havas Voyages et le pr\u00e9sident Nicolas Sarkozy\" data-rl_title=\"153. Laurent Abitbol, pr\u00e9sident d\u2019Havas Voyages et le pr\u00e9sident Nicolas Sarkozy\" class=\"rl-gallery-link\" data-rl_caption=\"\" data-rel=\"lightbox-gallery-bGlnaHRib3gtZ2FsbGVyeS0w\" data-rl_><img loading=\"lazy\" decoding=\"async\" width=\"900\" height=\"599\" src=\"data:image\/svg+xml,%3Csvg%20xmlns=\" http:=\"\" class=\"attachment-large size-large\" alt=\"\" aria-describedby=\"gallery--161861\" data-lazy- data-lazy- data-lazy-src=\"https:\/\/www.europesays.com\/fr\/wp-content\/uploads\/2025\/06\/153_TOP-500_AM-1.jpg\"\/><\/a><\/p>\n<p>\n                                153. Laurent Abitbol, pr\u00e9sident d\u2019Havas Voyages et le pr\u00e9sident Nicolas Sarkozy<\/p>\n<p>                                <a href=\"https:\/\/www.europesays.com\/fr\/wp-content\/uploads\/2025\/06\/154_TOP-500_AM-1.jpg\" title=\"154. JMA les rejoint sur sc\u00e8ne\" data-rl_title=\"154. JMA les rejoint sur sc\u00e8ne\" class=\"rl-gallery-link\" data-rl_caption=\"\" data-rel=\"lightbox-gallery-bGlnaHRib3gtZ2FsbGVyeS0w\" data-rl_><img loading=\"lazy\" decoding=\"async\" width=\"900\" height=\"599\" src=\"data:image\/svg+xml,%3Csvg%20xmlns=\" http:=\"\" class=\"attachment-large size-large\" alt=\"\" aria-describedby=\"gallery--161862\" data-lazy- data-lazy- data-lazy-src=\"https:\/\/www.europesays.com\/fr\/wp-content\/uploads\/2025\/06\/154_TOP-500_AM-1.jpg\"\/><\/a><\/p>\n<p>\n                                154. JMA les rejoint sur sc\u00e8ne <\/p>\n<p><br style=\"clear: both\"\/><\/p>\n<p>                                <a href=\"https:\/\/www.europesays.com\/fr\/wp-content\/uploads\/2025\/06\/155_TOP-500_AM-1.jpg\" title=\"155. Jean-Michel Aulas devant Laurent Abitbol, Pr\u00e9sident d\u2019Havas Voyages et le pr\u00e9sident Nicolas Sarkozy\" data-rl_title=\"155. Jean-Michel Aulas devant Laurent Abitbol, Pr\u00e9sident d\u2019Havas Voyages et le pr\u00e9sident Nicolas Sarkozy\" class=\"rl-gallery-link\" data-rl_caption=\"\" data-rel=\"lightbox-gallery-bGlnaHRib3gtZ2FsbGVyeS0w\" data-rl_><img loading=\"lazy\" decoding=\"async\" width=\"900\" height=\"599\" src=\"data:image\/svg+xml,%3Csvg%20xmlns=\" http:=\"\" class=\"attachment-large size-large\" alt=\"\" aria-describedby=\"gallery--161863\" data-lazy- data-lazy- data-lazy-src=\"https:\/\/www.europesays.com\/fr\/wp-content\/uploads\/2025\/06\/155_TOP-500_AM-1.jpg\"\/><\/a><\/p>\n<p>\n                                155. Jean-Michel Aulas devant Laurent Abitbol, Pr\u00e9sident d\u2019Havas Voyages et le pr\u00e9sident Nicolas Sarkozy<\/p>\n<p>                                <a href=\"https:\/\/www.europesays.com\/fr\/wp-content\/uploads\/2025\/06\/156_TOP-500_AM-1.jpg\" title=\"156.\" data-rl_title=\"156.\" class=\"rl-gallery-link\" data-rl_caption=\"\" data-rel=\"lightbox-gallery-bGlnaHRib3gtZ2FsbGVyeS0w\" data-rl_><img loading=\"lazy\" decoding=\"async\" width=\"900\" height=\"599\" src=\"data:image\/svg+xml,%3Csvg%20xmlns=\" http:=\"\" class=\"attachment-large size-large\" alt=\"\" aria-describedby=\"gallery--161864\" data-lazy- data-lazy- data-lazy-src=\"https:\/\/www.europesays.com\/fr\/wp-content\/uploads\/2025\/06\/156_TOP-500_AM-1.jpg\"\/><\/a><\/p>\n<p>\n                                156. <\/p>\n<p><br style=\"clear: both\"\/><\/p>\n<p>                                <a href=\"https:\/\/www.europesays.com\/fr\/wp-content\/uploads\/2025\/06\/157_TOP-500_AM-1.jpg\" title=\"157. Jean-Michel Aulas devant Laurent Abitbol, Pr\u00e9sident d\u2019Havas Voyages et le pr\u00e9sident Nicolas Sarkozy\" data-rl_title=\"157. Jean-Michel Aulas devant Laurent Abitbol, Pr\u00e9sident d\u2019Havas Voyages et le pr\u00e9sident Nicolas Sarkozy\" class=\"rl-gallery-link\" data-rl_caption=\"\" data-rel=\"lightbox-gallery-bGlnaHRib3gtZ2FsbGVyeS0w\" data-rl_><img loading=\"lazy\" decoding=\"async\" width=\"900\" height=\"599\" src=\"data:image\/svg+xml,%3Csvg%20xmlns=\" http:=\"\" class=\"attachment-large size-large\" alt=\"\" aria-describedby=\"gallery--161865\" data-lazy- data-lazy- data-lazy-src=\"https:\/\/www.europesays.com\/fr\/wp-content\/uploads\/2025\/06\/157_TOP-500_AM-1.jpg\"\/><\/a><\/p>\n<p>\n                                157. Jean-Michel Aulas devant Laurent Abitbol, Pr\u00e9sident d\u2019Havas Voyages et le pr\u00e9sident Nicolas Sarkozy<\/p>\n<p>                                <a href=\"https:\/\/www.europesays.com\/fr\/wp-content\/uploads\/2025\/06\/158_TOP-500_AM-1.jpg\" title=\"158. \u2026sous le regard attentif de Pierre Oliver, maire de Lyon 2\" data-rl_title=\"158. \u2026sous le regard attentif de Pierre Oliver, maire de Lyon 2\" class=\"rl-gallery-link\" data-rl_caption=\"\" data-rel=\"lightbox-gallery-bGlnaHRib3gtZ2FsbGVyeS0w\" data-rl_><img loading=\"lazy\" decoding=\"async\" width=\"900\" height=\"599\" src=\"data:image\/svg+xml,%3Csvg%20xmlns=\" http:=\"\" class=\"attachment-large size-large\" alt=\"\" aria-describedby=\"gallery--161866\" data-lazy- data-lazy- data-lazy-src=\"https:\/\/www.europesays.com\/fr\/wp-content\/uploads\/2025\/06\/158_TOP-500_AM-1.jpg\"\/><\/a><\/p>\n<p>\n                                158. \u2026sous le regard attentif de Pierre Oliver, maire de Lyon 2 <\/p>\n<p><br style=\"clear: both\"\/><\/p>\n<p>                                <a href=\"https:\/\/www.europesays.com\/fr\/wp-content\/uploads\/2025\/06\/159_TOP-500_AM-1.jpg\" title=\"159. Pierre Oliver, maire du 2e arrondissement de Lyon, rejoint sur sc\u00e8ne Jean-Michel Aulas et le pr\u00e9sident Nicolas Sarkozy\" data-rl_title=\"159. Pierre Oliver, maire du 2e arrondissement de Lyon, rejoint sur sc\u00e8ne Jean-Michel Aulas et le pr\u00e9sident Nicolas Sarkozy\" class=\"rl-gallery-link\" data-rl_caption=\"\" data-rel=\"lightbox-gallery-bGlnaHRib3gtZ2FsbGVyeS0w\" data-rl_><img loading=\"lazy\" decoding=\"async\" width=\"900\" height=\"599\" src=\"data:image\/svg+xml,%3Csvg%20xmlns=\" http:=\"\" class=\"attachment-large size-large\" alt=\"\" aria-describedby=\"gallery--161867\" data-lazy- data-lazy- data-lazy-src=\"https:\/\/www.europesays.com\/fr\/wp-content\/uploads\/2025\/06\/159_TOP-500_AM-1.jpg\"\/><\/a><\/p>\n<p>\n                                159. Pierre Oliver, maire du 2e arrondissement de Lyon, rejoint sur sc\u00e8ne Jean-Michel Aulas et le pr\u00e9sident Nicolas Sarkozy<\/p>\n<p>                                <a href=\"https:\/\/www.europesays.com\/fr\/wp-content\/uploads\/2025\/06\/160_TOP-500_AM-1.jpg\" title=\"160. Le pr\u00e9sident Nicolas Sarkozy incite Pierre Oliver, maire du 2e arrondissement de Lyon et Jean-Michel Aulas \u00e0 se r\u00e9unir lors des municipales de 2026\" data-rl_title=\"160. Le pr\u00e9sident Nicolas Sarkozy incite Pierre Oliver, maire du 2e arrondissement de Lyon et Jean-Michel Aulas \u00e0 se r\u00e9unir lors des municipales de 2026\" class=\"rl-gallery-link\" data-rl_caption=\"\" data-rel=\"lightbox-gallery-bGlnaHRib3gtZ2FsbGVyeS0w\" data-rl_><img loading=\"lazy\" decoding=\"async\" width=\"900\" height=\"599\" src=\"data:image\/svg+xml,%3Csvg%20xmlns=\" http:=\"\" class=\"attachment-large size-large\" alt=\"\" aria-describedby=\"gallery--161868\" data-lazy- data-lazy- data-lazy-src=\"https:\/\/www.europesays.com\/fr\/wp-content\/uploads\/2025\/06\/160_TOP-500_AM-1.jpg\"\/><\/a><\/p>\n<p>\n                                160. Le pr\u00e9sident Nicolas Sarkozy incite Pierre Oliver, maire du 2e arrondissement de Lyon et Jean-Michel Aulas \u00e0 se r\u00e9unir lors des municipales de 2026<\/p>\n<p><br style=\"clear: both\"\/><\/p>\n<p>                                <a href=\"https:\/\/www.europesays.com\/fr\/wp-content\/uploads\/2025\/06\/161_TOP-500_AM-1.jpg\" title=\"161. C\u2019est dans la boite !\" data-rl_title=\"161. C\u2019est dans la boite !\" class=\"rl-gallery-link\" data-rl_caption=\"\" data-rel=\"lightbox-gallery-bGlnaHRib3gtZ2FsbGVyeS0w\" data-rl_><img loading=\"lazy\" decoding=\"async\" width=\"900\" height=\"599\" src=\"data:image\/svg+xml,%3Csvg%20xmlns=\" http:=\"\" class=\"attachment-large size-large\" alt=\"\" aria-describedby=\"gallery--161869\" data-lazy- data-lazy- data-lazy-src=\"https:\/\/www.europesays.com\/fr\/wp-content\/uploads\/2025\/06\/161_TOP-500_AM-1.jpg\"\/><\/a><\/p>\n<p>\n                                161. C\u2019est dans la boite ! <\/p>\n<p>                                <a href=\"https:\/\/www.europesays.com\/fr\/wp-content\/uploads\/2025\/06\/162_TOP-500_AM-1.jpg\" title=\"162. Pierre Oliver, maire du 2e arrondissement de Lyon, accompagn\u00e9 de Jean-Michel Aulas et le pr\u00e9sident Nicolas Sarkozy\" data-rl_title=\"162. Pierre Oliver, maire du 2e arrondissement de Lyon, accompagn\u00e9 de Jean-Michel Aulas et le pr\u00e9sident Nicolas Sarkozy\" class=\"rl-gallery-link\" data-rl_caption=\"\" data-rel=\"lightbox-gallery-bGlnaHRib3gtZ2FsbGVyeS0w\" data-rl_><img loading=\"lazy\" decoding=\"async\" width=\"900\" height=\"599\" src=\"data:image\/svg+xml,%3Csvg%20xmlns=\" http:=\"\" class=\"attachment-large size-large\" alt=\"\" aria-describedby=\"gallery--161870\" data-lazy- data-lazy- data-lazy-src=\"https:\/\/www.europesays.com\/fr\/wp-content\/uploads\/2025\/06\/162_TOP-500_AM-1.jpg\"\/><\/a><\/p>\n<p>\n                                162. Pierre Oliver, maire du 2e arrondissement de Lyon, accompagn\u00e9 de Jean-Michel Aulas et le pr\u00e9sident Nicolas Sarkozy<\/p>\n<p><br style=\"clear: both\"\/><\/p>\n<p>                                <a href=\"https:\/\/www.europesays.com\/fr\/wp-content\/uploads\/2025\/06\/163_TOP-500_AM-1.jpg\" title=\"163. L\u2019humoriste Laurent Gerra \u00ab passe \u00e0 table \u00bb pour les invit\u00e9s du Top 500\" data-rl_title=\"163. L\u2019humoriste Laurent Gerra \u00ab passe \u00e0 table \u00bb pour les invit\u00e9s du Top 500\" class=\"rl-gallery-link\" data-rl_caption=\"\" data-rel=\"lightbox-gallery-bGlnaHRib3gtZ2FsbGVyeS0w\" data-rl_><img loading=\"lazy\" decoding=\"async\" width=\"900\" height=\"599\" src=\"data:image\/svg+xml,%3Csvg%20xmlns=\" http:=\"\" class=\"attachment-large size-large\" alt=\"\" aria-describedby=\"gallery--161871\" data-lazy- data-lazy- data-lazy-src=\"https:\/\/www.europesays.com\/fr\/wp-content\/uploads\/2025\/06\/163_TOP-500_AM-1.jpg\"\/><\/a><\/p>\n<p>\n                                163. L\u2019humoriste Laurent Gerra \u00ab passe \u00e0 table \u00bb pour les invit\u00e9s du Top 500 <\/p>\n<p>                                <a href=\"https:\/\/www.europesays.com\/fr\/wp-content\/uploads\/2025\/06\/164_TOP-500_AM-1.jpg\" title=\"164. Mdr\u2026. Fabrice Pannekoucke, pr\u00e9sident de la R\u00e9gion AURA, Jean-Michel Aulas, vice-pr\u00e9sident de la FFF et le pr\u00e9sident Nicolas Sarkozy\" data-rl_title=\"164. Mdr\u2026. Fabrice Pannekoucke, pr\u00e9sident de la R\u00e9gion AURA, Jean-Michel Aulas, vice-pr\u00e9sident de la FFF et le pr\u00e9sident Nicolas Sarkozy\" class=\"rl-gallery-link\" data-rl_caption=\"\" data-rel=\"lightbox-gallery-bGlnaHRib3gtZ2FsbGVyeS0w\" data-rl_><img loading=\"lazy\" decoding=\"async\" width=\"900\" height=\"599\" src=\"data:image\/svg+xml,%3Csvg%20xmlns=\" http:=\"\" class=\"attachment-large size-large\" alt=\"\" aria-describedby=\"gallery--161872\" data-lazy- data-lazy- data-lazy-src=\"https:\/\/www.europesays.com\/fr\/wp-content\/uploads\/2025\/06\/164_TOP-500_AM-1.jpg\"\/><\/a><\/p>\n<p>\n                                164. Mdr\u2026. Fabrice Pannekoucke, pr\u00e9sident de la R\u00e9gion AURA, Jean-Michel Aulas, vice-pr\u00e9sident de la FFF et le pr\u00e9sident Nicolas Sarkozy<\/p>\n<p><br style=\"clear: both\"\/><\/p>\n<p>                                <a href=\"https:\/\/www.europesays.com\/fr\/wp-content\/uploads\/2025\/06\/165_TOP-500_AM-1.jpg\" title=\"165. Jean-Michel Aulas\" data-rl_title=\"165. Jean-Michel Aulas\" class=\"rl-gallery-link\" data-rl_caption=\"\" data-rel=\"lightbox-gallery-bGlnaHRib3gtZ2FsbGVyeS0w\" data-rl_><img loading=\"lazy\" decoding=\"async\" width=\"900\" height=\"599\" src=\"data:image\/svg+xml,%3Csvg%20xmlns=\" http:=\"\" class=\"attachment-large size-large\" alt=\"\" aria-describedby=\"gallery--161873\" data-lazy- data-lazy- data-lazy-src=\"https:\/\/www.europesays.com\/fr\/wp-content\/uploads\/2025\/06\/165_TOP-500_AM-1.jpg\"\/><\/a><\/p>\n<p>\n                                165. Jean-Michel Aulas<\/p>\n<p>                                <a href=\"https:\/\/www.europesays.com\/fr\/wp-content\/uploads\/2025\/06\/166_TOP-500_AM-2.jpg\" title=\"166. Jean-Michel Aulas, vice-pr\u00e9sident de la FFF et le pr\u00e9sident Nicolas Sarkozy en pleurs devant les sketchs de Laurent Gerra\" data-rl_title=\"166. Jean-Michel Aulas, vice-pr\u00e9sident de la FFF et le pr\u00e9sident Nicolas Sarkozy en pleurs devant les sketchs de Laurent Gerra\" class=\"rl-gallery-link\" data-rl_caption=\"\" data-rel=\"lightbox-gallery-bGlnaHRib3gtZ2FsbGVyeS0w\" data-rl_><img loading=\"lazy\" decoding=\"async\" width=\"900\" height=\"599\" src=\"data:image\/svg+xml,%3Csvg%20xmlns=\" http:=\"\" class=\"attachment-large size-large\" alt=\"\" aria-describedby=\"gallery--161874\" data-lazy- data-lazy- data-lazy-src=\"https:\/\/www.europesays.com\/fr\/wp-content\/uploads\/2025\/06\/166_TOP-500_AM-2.jpg\"\/><\/a><\/p>\n<p>\n                                166. Jean-Michel Aulas, vice-pr\u00e9sident de la FFF et le pr\u00e9sident Nicolas Sarkozy en pleurs devant les sketchs de Laurent Gerra <\/p>\n<p><br style=\"clear: both\"\/><\/p>\n<p>                                <a href=\"https:\/\/www.europesays.com\/fr\/wp-content\/uploads\/2025\/06\/167_TOP-500_AM-1.jpg\" title=\"167.\" data-rl_title=\"167.\" class=\"rl-gallery-link\" data-rl_caption=\"\" data-rel=\"lightbox-gallery-bGlnaHRib3gtZ2FsbGVyeS0w\" data-rl_><img loading=\"lazy\" decoding=\"async\" width=\"900\" height=\"599\" src=\"data:image\/svg+xml,%3Csvg%20xmlns=\" http:=\"\" class=\"attachment-large size-large\" alt=\"\" aria-describedby=\"gallery--161875\" data-lazy- data-lazy- data-lazy-src=\"https:\/\/www.europesays.com\/fr\/wp-content\/uploads\/2025\/06\/167_TOP-500_AM-1.jpg\"\/><\/a><\/p>\n<p>\n                                167. <\/p>\n<p>                                <a href=\"https:\/\/www.europesays.com\/fr\/wp-content\/uploads\/2025\/06\/168_TOP-500_AM-1.jpg\" title=\"168.\" data-rl_title=\"168.\" class=\"rl-gallery-link\" data-rl_caption=\"\" data-rel=\"lightbox-gallery-bGlnaHRib3gtZ2FsbGVyeS0w\" data-rl_><img loading=\"lazy\" decoding=\"async\" width=\"900\" height=\"599\" src=\"data:image\/svg+xml,%3Csvg%20xmlns=\" http:=\"\" class=\"attachment-large size-large\" alt=\"\" aria-describedby=\"gallery--161876\" data-lazy- data-lazy- data-lazy-src=\"https:\/\/www.europesays.com\/fr\/wp-content\/uploads\/2025\/06\/168_TOP-500_AM-1.jpg\"\/><\/a><\/p>\n<p>\n                                168. <\/p>\n<p><br style=\"clear: both\"\/><\/p>\n<p>                                <a href=\"https:\/\/www.europesays.com\/fr\/wp-content\/uploads\/2025\/06\/169_TOP-500_AM-1.jpg\" title=\"169. Laurent Gerra remerci\u00e9 par Marco Polisson et Nicolas Winckler (Lyon People)\" data-rl_title=\"169. Laurent Gerra remerci\u00e9 par Marco Polisson et Nicolas Winckler (Lyon People)\" class=\"rl-gallery-link\" data-rl_caption=\"\" data-rel=\"lightbox-gallery-bGlnaHRib3gtZ2FsbGVyeS0w\" data-rl_><img loading=\"lazy\" decoding=\"async\" width=\"900\" height=\"599\" src=\"data:image\/svg+xml,%3Csvg%20xmlns=\" http:=\"\" class=\"attachment-large size-large\" alt=\"\" aria-describedby=\"gallery--161877\" data-lazy- data-lazy- data-lazy-src=\"https:\/\/www.europesays.com\/fr\/wp-content\/uploads\/2025\/06\/169_TOP-500_AM-1.jpg\"\/><\/a><\/p>\n<p>\n                                169. Laurent Gerra remerci\u00e9 par Marco Polisson et Nicolas Winckler (Lyon People)<\/p>\n<p>                                <a href=\"https:\/\/www.europesays.com\/fr\/wp-content\/uploads\/2025\/06\/170_TOP-500_AM-1.jpg\" title=\"170. Le chef Gilles Reinhardt accompagn\u00e9 de Marco Polisson et Nicolas Winckler (Lyon People)\" data-rl_title=\"170. Le chef Gilles Reinhardt accompagn\u00e9 de Marco Polisson et Nicolas Winckler (Lyon People)\" class=\"rl-gallery-link\" data-rl_caption=\"\" data-rel=\"lightbox-gallery-bGlnaHRib3gtZ2FsbGVyeS0w\" data-rl_><img loading=\"lazy\" decoding=\"async\" width=\"900\" height=\"599\" src=\"data:image\/svg+xml,%3Csvg%20xmlns=\" http:=\"\" class=\"attachment-large size-large\" alt=\"\" aria-describedby=\"gallery--161878\" data-lazy- data-lazy- data-lazy-src=\"https:\/\/www.europesays.com\/fr\/wp-content\/uploads\/2025\/06\/170_TOP-500_AM-1.jpg\"\/><\/a><\/p>\n<p>\n                                170. Le chef Gilles Reinhardt accompagn\u00e9 de Marco Polisson et Nicolas Winckler (Lyon People)<\/p>\n<p><br style=\"clear: both\"\/><\/p>\n<p>                                <a href=\"https:\/\/www.europesays.com\/fr\/wp-content\/uploads\/2025\/06\/171_TOP-500_AM-1.jpg\" title=\"171. L\u2019\u00e9quipage Lyon People sur sc\u00e8ne\" data-rl_title=\"171. L\u2019\u00e9quipage Lyon People sur sc\u00e8ne\" class=\"rl-gallery-link\" data-rl_caption=\"\" data-rel=\"lightbox-gallery-bGlnaHRib3gtZ2FsbGVyeS0w\" data-rl_><img loading=\"lazy\" decoding=\"async\" width=\"900\" height=\"599\" src=\"data:image\/svg+xml,%3Csvg%20xmlns=\" http:=\"\" class=\"attachment-large size-large\" alt=\"\" aria-describedby=\"gallery--161879\" data-lazy- data-lazy- data-lazy-src=\"https:\/\/www.europesays.com\/fr\/wp-content\/uploads\/2025\/06\/171_TOP-500_AM-1.jpg\"\/><\/a><\/p>\n<p>\n                                171. L\u2019\u00e9quipage Lyon People sur sc\u00e8ne<\/p>\n<p>                                <a href=\"https:\/\/www.europesays.com\/fr\/wp-content\/uploads\/2025\/06\/172_TOP-500_AM-1.jpg\" title=\"172. L\u2019humoriste Ary Abittan sur sc\u00e8ne\" data-rl_title=\"172. L\u2019humoriste Ary Abittan sur sc\u00e8ne\" class=\"rl-gallery-link\" data-rl_caption=\"\" data-rel=\"lightbox-gallery-bGlnaHRib3gtZ2FsbGVyeS0w\" data-rl_><img loading=\"lazy\" decoding=\"async\" width=\"900\" height=\"599\" src=\"data:image\/svg+xml,%3Csvg%20xmlns=\" http:=\"\" class=\"attachment-large size-large\" alt=\"\" aria-describedby=\"gallery--161880\" data-lazy- data-lazy- data-lazy-src=\"https:\/\/www.europesays.com\/fr\/wp-content\/uploads\/2025\/06\/172_TOP-500_AM-1.jpg\"\/><\/a><\/p>\n<p>\n                                172. L\u2019humoriste Ary Abittan sur sc\u00e8ne <\/p>\n<p><br style=\"clear: both\"\/><\/p>\n<p>                                <a href=\"https:\/\/www.europesays.com\/fr\/wp-content\/uploads\/2025\/06\/173_TOP-500_AM-1.jpg\" title=\"173. L\u2019humoriste Ary Abittan et Nicolas Winckler (Lyon People)\" data-rl_title=\"173. L\u2019humoriste Ary Abittan et Nicolas Winckler (Lyon People)\" class=\"rl-gallery-link\" data-rl_caption=\"\" data-rel=\"lightbox-gallery-bGlnaHRib3gtZ2FsbGVyeS0w\" data-rl_><img loading=\"lazy\" decoding=\"async\" width=\"900\" height=\"599\" src=\"data:image\/svg+xml,%3Csvg%20xmlns=\" http:=\"\" class=\"attachment-large size-large\" alt=\"\" aria-describedby=\"gallery--161881\" data-lazy- data-lazy- data-lazy-src=\"https:\/\/www.europesays.com\/fr\/wp-content\/uploads\/2025\/06\/173_TOP-500_AM-1.jpg\"\/><\/a><\/p>\n<p>\n                                173. L\u2019humoriste Ary Abittan et Nicolas Winckler (Lyon People)<\/p>\n<p>                                <a href=\"https:\/\/www.europesays.com\/fr\/wp-content\/uploads\/2025\/06\/174_TOP-500_AM-1.jpg\" title=\"174. Maxence Rissoan (Allianz)\" data-rl_title=\"174. Maxence Rissoan (Allianz)\" class=\"rl-gallery-link\" data-rl_caption=\"\" data-rel=\"lightbox-gallery-bGlnaHRib3gtZ2FsbGVyeS0w\" data-rl_><img loading=\"lazy\" decoding=\"async\" width=\"900\" height=\"599\" src=\"data:image\/svg+xml,%3Csvg%20xmlns=\" http:=\"\" class=\"attachment-large size-large\" alt=\"\" aria-describedby=\"gallery--161882\" data-lazy- data-lazy- data-lazy-src=\"https:\/\/www.europesays.com\/fr\/wp-content\/uploads\/2025\/06\/174_TOP-500_AM-1.jpg\"\/><\/a><\/p>\n<p>\n                                174. Maxence Rissoan (Allianz) <\/p>\n<p><br style=\"clear: both\"\/><\/p>\n<p>                                <a href=\"https:\/\/www.europesays.com\/fr\/wp-content\/uploads\/2025\/06\/175_TOP-500_AM-1.jpg\" title=\"175. Fabrice Pannekoucke, Pr\u00e9sident de la R\u00e9gion AURA sur sc\u00e8ne\" data-rl_title=\"175. Fabrice Pannekoucke, Pr\u00e9sident de la R\u00e9gion AURA sur sc\u00e8ne\" class=\"rl-gallery-link\" data-rl_caption=\"\" data-rel=\"lightbox-gallery-bGlnaHRib3gtZ2FsbGVyeS0w\" data-rl_><img loading=\"lazy\" decoding=\"async\" width=\"900\" height=\"599\" src=\"data:image\/svg+xml,%3Csvg%20xmlns=\" http:=\"\" class=\"attachment-large size-large\" alt=\"\" aria-describedby=\"gallery--161883\" data-lazy- data-lazy- data-lazy-src=\"https:\/\/www.europesays.com\/fr\/wp-content\/uploads\/2025\/06\/175_TOP-500_AM-1.jpg\"\/><\/a><\/p>\n<p>\n                                175. Fabrice Pannekoucke, Pr\u00e9sident de la R\u00e9gion AURA sur sc\u00e8ne<\/p>\n<p>                                <a href=\"https:\/\/www.europesays.com\/fr\/wp-content\/uploads\/2025\/06\/176_TOP-500_AM-1.jpg\" title=\"176. Fabrice Pannekoucke, Pr\u00e9sident de la R\u00e9gion AURA sur sc\u00e8ne\" data-rl_title=\"176. Fabrice Pannekoucke, Pr\u00e9sident de la R\u00e9gion AURA sur sc\u00e8ne\" class=\"rl-gallery-link\" data-rl_caption=\"\" data-rel=\"lightbox-gallery-bGlnaHRib3gtZ2FsbGVyeS0w\" data-rl_><img loading=\"lazy\" decoding=\"async\" width=\"900\" height=\"599\" src=\"data:image\/svg+xml,%3Csvg%20xmlns=\" http:=\"\" class=\"attachment-large size-large\" alt=\"\" aria-describedby=\"gallery--161884\" data-lazy- data-lazy- data-lazy-src=\"https:\/\/www.europesays.com\/fr\/wp-content\/uploads\/2025\/06\/176_TOP-500_AM-1.jpg\"\/><\/a><\/p>\n<p>\n                                176. Fabrice Pannekoucke, Pr\u00e9sident de la R\u00e9gion AURA sur sc\u00e8ne<\/p>\n<p><br style=\"clear: both\"\/><\/p>\n<p>                                <a href=\"https:\/\/www.europesays.com\/fr\/wp-content\/uploads\/2025\/06\/177_TOP-500_AM-1.jpg\" title=\"177. \u00c9milie Arrault et Estelle Ronchetti, directrice de Byblos Shine\" data-rl_title=\"177. \u00c9milie Arrault et Estelle Ronchetti, directrice de Byblos Shine\" class=\"rl-gallery-link\" data-rl_caption=\"\" data-rel=\"lightbox-gallery-bGlnaHRib3gtZ2FsbGVyeS0w\" data-rl_><img loading=\"lazy\" decoding=\"async\" width=\"900\" height=\"599\" src=\"data:image\/svg+xml,%3Csvg%20xmlns=\" http:=\"\" class=\"attachment-large size-large\" alt=\"\" aria-describedby=\"gallery--161885\" data-lazy- data-lazy- data-lazy-src=\"https:\/\/www.europesays.com\/fr\/wp-content\/uploads\/2025\/06\/177_TOP-500_AM-1.jpg\"\/><\/a><\/p>\n<p>\n                                177. \u00c9milie Arrault et Estelle Ronchetti, directrice de Byblos Shine <\/p>\n<p>                                <a href=\"https:\/\/www.europesays.com\/fr\/wp-content\/uploads\/2025\/06\/178_TOP-500_AM-1.jpg\" title=\"178. Fabrice Pannekoucke, Pr\u00e9sident de la R\u00e9gion AURA entour\u00e9 de Marco Polisson et Nicolas Winckler (Lyon People)\" data-rl_title=\"178. Fabrice Pannekoucke, Pr\u00e9sident de la R\u00e9gion AURA entour\u00e9 de Marco Polisson et Nicolas Winckler (Lyon People)\" class=\"rl-gallery-link\" data-rl_caption=\"\" data-rel=\"lightbox-gallery-bGlnaHRib3gtZ2FsbGVyeS0w\" data-rl_><img loading=\"lazy\" decoding=\"async\" width=\"900\" height=\"599\" src=\"data:image\/svg+xml,%3Csvg%20xmlns=\" http:=\"\" class=\"attachment-large size-large\" alt=\"\" aria-describedby=\"gallery--161886\" data-lazy- data-lazy- data-lazy-src=\"https:\/\/www.europesays.com\/fr\/wp-content\/uploads\/2025\/06\/178_TOP-500_AM-1.jpg\"\/><\/a><\/p>\n<p>\n                                178. Fabrice Pannekoucke, Pr\u00e9sident de la R\u00e9gion AURA entour\u00e9 de Marco Polisson et Nicolas Winckler (Lyon People)<\/p>\n<p><br style=\"clear: both\"\/><\/p>\n<p>                                <a href=\"https:\/\/www.europesays.com\/fr\/wp-content\/uploads\/2025\/06\/179_TOP-500_AM-1.jpg\" title=\"179. C\u00e9dric Fechter, pr\u00e9sident du directoire des A\u00e9roports de Lyon\" data-rl_title=\"179. C\u00e9dric Fechter, pr\u00e9sident du directoire des A\u00e9roports de Lyon\" class=\"rl-gallery-link\" data-rl_caption=\"\" data-rel=\"lightbox-gallery-bGlnaHRib3gtZ2FsbGVyeS0w\" data-rl_><img loading=\"lazy\" decoding=\"async\" width=\"900\" height=\"599\" src=\"data:image\/svg+xml,%3Csvg%20xmlns=\" http:=\"\" class=\"attachment-large size-large\" alt=\"\" aria-describedby=\"gallery--161887\" data-lazy- data-lazy- data-lazy-src=\"https:\/\/www.europesays.com\/fr\/wp-content\/uploads\/2025\/06\/179_TOP-500_AM-1.jpg\"\/><\/a><\/p>\n<p>\n                                179. C\u00e9dric Fechter, pr\u00e9sident du directoire des A\u00e9roports de Lyon  <\/p>\n<p>                                <a href=\"https:\/\/www.europesays.com\/fr\/wp-content\/uploads\/2025\/06\/180_TOP-500_AM-1.jpg\" title=\"180. C\u00e9dric Fechter, pr\u00e9sident du directoire des A\u00e9roports de Lyon entour\u00e9 de Marco Polisson, \u00c9milie Arrault et Nicolas Winckler (Lyon People)\" data-rl_title=\"180. C\u00e9dric Fechter, pr\u00e9sident du directoire des A\u00e9roports de Lyon entour\u00e9 de Marco Polisson, \u00c9milie Arrault et Nicolas Winckler (Lyon People)\" class=\"rl-gallery-link\" data-rl_caption=\"\" data-rel=\"lightbox-gallery-bGlnaHRib3gtZ2FsbGVyeS0w\" data-rl_><img loading=\"lazy\" decoding=\"async\" width=\"900\" height=\"599\" src=\"data:image\/svg+xml,%3Csvg%20xmlns=\" http:=\"\" class=\"attachment-large size-large\" alt=\"\" aria-describedby=\"gallery--161888\" data-lazy- data-lazy- data-lazy-src=\"https:\/\/www.europesays.com\/fr\/wp-content\/uploads\/2025\/06\/180_TOP-500_AM-1.jpg\"\/><\/a><\/p>\n<p>\n                                180. C\u00e9dric Fechter, pr\u00e9sident du directoire des A\u00e9roports de Lyon entour\u00e9 de Marco Polisson, \u00c9milie Arrault et Nicolas Winckler (Lyon People)<\/p>\n<p><br style=\"clear: both\"\/><\/p>\n<p>                                <a href=\"https:\/\/www.europesays.com\/fr\/wp-content\/uploads\/2025\/06\/181_TOP-500_AM-1.jpg\" title=\"181. S\u00e9bastien Arcos, directeur EKLYA Business of School sur scene pour pr\u00e9senter le programme de son \u00e9cole destin\u00e9s aux \u00e9tudiants porteurs de handicap\" data-rl_title=\"181. S\u00e9bastien Arcos, directeur EKLYA Business of School sur scene pour pr\u00e9senter le programme de son \u00e9cole destin\u00e9s aux \u00e9tudiants porteurs de handicap\" class=\"rl-gallery-link\" data-rl_caption=\"\" data-rel=\"lightbox-gallery-bGlnaHRib3gtZ2FsbGVyeS0w\" data-rl_><img loading=\"lazy\" decoding=\"async\" width=\"900\" height=\"599\" src=\"data:image\/svg+xml,%3Csvg%20xmlns=\" http:=\"\" class=\"attachment-large size-large\" alt=\"\" aria-describedby=\"gallery--161889\" data-lazy- data-lazy- data-lazy-src=\"https:\/\/www.europesays.com\/fr\/wp-content\/uploads\/2025\/06\/181_TOP-500_AM-1.jpg\"\/><\/a><\/p>\n<p>\n                                181. S\u00e9bastien Arcos, directeur EKLYA Business of School sur scene pour pr\u00e9senter le programme de son \u00e9cole destin\u00e9s aux \u00e9tudiants porteurs de handicap <\/p>\n<p>                                <a href=\"https:\/\/www.europesays.com\/fr\/wp-content\/uploads\/2025\/06\/182_TOP-500_AM-1.jpg\" title=\"182. S\u00e9bastien Arcos, directeur EKLYA Business of School entour\u00e9 de Marco Polisson, Nicolas Winckler et Emilie\" data-rl_title=\"182. S\u00e9bastien Arcos, directeur EKLYA Business of School entour\u00e9 de Marco Polisson, Nicolas Winckler et Emilie\" class=\"rl-gallery-link\" data-rl_caption=\"\" data-rel=\"lightbox-gallery-bGlnaHRib3gtZ2FsbGVyeS0w\" data-rl_><img loading=\"lazy\" decoding=\"async\" width=\"900\" height=\"599\" src=\"data:image\/svg+xml,%3Csvg%20xmlns=\" http:=\"\" class=\"attachment-large size-large\" alt=\"\" aria-describedby=\"gallery--161890\" data-lazy- data-lazy- data-lazy-src=\"https:\/\/www.europesays.com\/fr\/wp-content\/uploads\/2025\/06\/182_TOP-500_AM-1.jpg\"\/><\/a><\/p>\n<p>\n                                182. S\u00e9bastien Arcos, directeur EKLYA Business of School entour\u00e9 de Marco Polisson, Nicolas Winckler et Emilie <\/p>\n<p><br style=\"clear: both\"\/><\/p>\n<p>                                <a href=\"https:\/\/www.europesays.com\/fr\/wp-content\/uploads\/2025\/06\/183_TOP-500_AM-1.jpg\" title=\"183. Christophe, Gerbert (Or en cash) accompagn\u00e9 de son \u00e9g\u00e9rie, l\u2019actrice Fr\u00e9d\u00e9rique Bell\" data-rl_title=\"183. Christophe, Gerbert (Or en cash) accompagn\u00e9 de son \u00e9g\u00e9rie, l\u2019actrice Fr\u00e9d\u00e9rique Bell\" class=\"rl-gallery-link\" data-rl_caption=\"\" data-rel=\"lightbox-gallery-bGlnaHRib3gtZ2FsbGVyeS0w\" data-rl_><img loading=\"lazy\" decoding=\"async\" width=\"900\" height=\"599\" src=\"data:image\/svg+xml,%3Csvg%20xmlns=\" http:=\"\" class=\"attachment-large size-large\" alt=\"\" aria-describedby=\"gallery--161891\" data-lazy- data-lazy- data-lazy-src=\"https:\/\/www.europesays.com\/fr\/wp-content\/uploads\/2025\/06\/183_TOP-500_AM-1.jpg\"\/><\/a><\/p>\n<p>\n                                183. Christophe, Gerbert (Or en cash) accompagn\u00e9 de son \u00e9g\u00e9rie, l\u2019actrice Fr\u00e9d\u00e9rique Bell <\/p>\n<p>                                <a href=\"https:\/\/www.europesays.com\/fr\/wp-content\/uploads\/2025\/06\/184_TOP-500_AM-1.jpg\" title=\"184. Lauren Schein (La Belle Boucle), benjamine du Top 500 des Lyonnais 2025\" data-rl_title=\"184. Lauren Schein (La Belle Boucle), benjamine du Top 500 des Lyonnais 2025\" class=\"rl-gallery-link\" data-rl_caption=\"\" data-rel=\"lightbox-gallery-bGlnaHRib3gtZ2FsbGVyeS0w\" data-rl_><img loading=\"lazy\" decoding=\"async\" width=\"900\" height=\"599\" src=\"data:image\/svg+xml,%3Csvg%20xmlns=\" http:=\"\" class=\"attachment-large size-large\" alt=\"\" aria-describedby=\"gallery--161892\" data-lazy- data-lazy- data-lazy-src=\"https:\/\/www.europesays.com\/fr\/wp-content\/uploads\/2025\/06\/184_TOP-500_AM-1.jpg\"\/><\/a><\/p>\n<p>\n                                184. Lauren Schein (La Belle Boucle), benjamine du Top 500 des Lyonnais 2025 <\/p>\n<p><br style=\"clear: both\"\/><\/p>\n<p>                                <a href=\"https:\/\/www.europesays.com\/fr\/wp-content\/uploads\/2025\/06\/185_TOP-500_AM-1.jpg\" title=\"185. Tirage au sort des voyages offerts par Laurent et St\u00e9phane Abitbol : une croisi\u00e8re Costa pour l\u2019avocat Serge Morell (cabinet Morell Alart et Associ\u00e9s)\" data-rl_title=\"185. Tirage au sort des voyages offerts par Laurent et St\u00e9phane Abitbol : une croisi\u00e8re Costa pour l\u2019avocat Serge Morell (cabinet Morell Alart et Associ\u00e9s)\" class=\"rl-gallery-link\" data-rl_caption=\"\" data-rel=\"lightbox-gallery-bGlnaHRib3gtZ2FsbGVyeS0w\" data-rl_><img loading=\"lazy\" decoding=\"async\" width=\"900\" height=\"599\" src=\"data:image\/svg+xml,%3Csvg%20xmlns=\" http:=\"\" class=\"attachment-large size-large\" alt=\"\" aria-describedby=\"gallery--161893\" data-lazy- data-lazy- data-lazy-src=\"https:\/\/www.europesays.com\/fr\/wp-content\/uploads\/2025\/06\/185_TOP-500_AM-1.jpg\"\/><\/a><\/p>\n<p>\n                                185. Tirage au sort des voyages offerts par Laurent et St\u00e9phane Abitbol : une croisi\u00e8re Costa pour l\u2019avocat Serge Morell (cabinet Morell Alart et Associ\u00e9s)<\/p>\n<p>                                <a href=\"https:\/\/www.europesays.com\/fr\/wp-content\/uploads\/2025\/06\/186_TOP-500_AM-1.jpg\" title=\"186. Un s\u00e9jour au Club Eldorador pour Olivier Marion (CFA FormaSup)\" data-rl_title=\"186. Un s\u00e9jour au Club Eldorador pour Olivier Marion (CFA FormaSup)\" class=\"rl-gallery-link\" data-rl_caption=\"\" data-rel=\"lightbox-gallery-bGlnaHRib3gtZ2FsbGVyeS0w\" data-rl_><img loading=\"lazy\" decoding=\"async\" width=\"900\" height=\"599\" src=\"data:image\/svg+xml,%3Csvg%20xmlns=\" http:=\"\" class=\"attachment-large size-large\" alt=\"\" aria-describedby=\"gallery--161894\" data-lazy- data-lazy- data-lazy-src=\"https:\/\/www.europesays.com\/fr\/wp-content\/uploads\/2025\/06\/186_TOP-500_AM-1.jpg\"\/><\/a><\/p>\n<p>\n                                186. Un s\u00e9jour au Club Eldorador pour Olivier Marion (CFA FormaSup)<\/p>\n<p><br style=\"clear: both\"\/><\/p>\n<p>                                <a href=\"https:\/\/www.europesays.com\/fr\/wp-content\/uploads\/2025\/06\/187_TOP-500_AM-1.jpg\" title=\"187. Une croisi\u00e8re aux Cara\u00efbes en catamaran pour Marie-Christine Chalus, directrice IAE lyon School of Management\" data-rl_title=\"187. Une croisi\u00e8re aux Cara\u00efbes en catamaran pour Marie-Christine Chalus, directrice IAE lyon School of Management\" class=\"rl-gallery-link\" data-rl_caption=\"\" data-rel=\"lightbox-gallery-bGlnaHRib3gtZ2FsbGVyeS0w\" data-rl_><img loading=\"lazy\" decoding=\"async\" width=\"900\" height=\"599\" src=\"data:image\/svg+xml,%3Csvg%20xmlns=\" http:=\"\" class=\"attachment-large size-large\" alt=\"\" aria-describedby=\"gallery--161895\" data-lazy- data-lazy- data-lazy-src=\"https:\/\/www.europesays.com\/fr\/wp-content\/uploads\/2025\/06\/187_TOP-500_AM-1.jpg\"\/><\/a><\/p>\n<p>\n                                187. Une croisi\u00e8re aux Cara\u00efbes en catamaran pour Marie-Christine Chalus, directrice IAE lyon School of Management<\/p>\n<p>                                <a href=\"https:\/\/www.europesays.com\/fr\/wp-content\/uploads\/2025\/06\/188_TOP-500_AM-1.jpg\" title=\"188. Un s\u00e9jour en Tha\u00eflande offert par ASIA pour Thierry Fontaine, pr\u00e9sident de l\u2019UMIH du Rh\u00f4ne\" data-rl_title=\"188. Un s\u00e9jour en Tha\u00eflande offert par ASIA pour Thierry Fontaine, pr\u00e9sident de l\u2019UMIH du Rh\u00f4ne\" class=\"rl-gallery-link\" data-rl_caption=\"\" data-rel=\"lightbox-gallery-bGlnaHRib3gtZ2FsbGVyeS0w\" data-rl_><img loading=\"lazy\" decoding=\"async\" width=\"900\" height=\"599\" src=\"data:image\/svg+xml,%3Csvg%20xmlns=\" http:=\"\" class=\"attachment-large size-large\" alt=\"\" aria-describedby=\"gallery--161896\" data-lazy- data-lazy- data-lazy-src=\"https:\/\/www.europesays.com\/fr\/wp-content\/uploads\/2025\/06\/188_TOP-500_AM-1.jpg\"\/><\/a><\/p>\n<p>\n                                188. Un s\u00e9jour en Tha\u00eflande offert par ASIA pour Thierry Fontaine, pr\u00e9sident de l\u2019UMIH du Rh\u00f4ne <\/p>\n<p><br style=\"clear: both\"\/><\/p>\n<p>                                <a href=\"https:\/\/www.europesays.com\/fr\/wp-content\/uploads\/2025\/06\/189_TOP-500_AM-1.jpg\" title=\"189. Un s\u00e9jour \u00e0 l\u2019Ile Maurice pour Gaspard Haffner, cofondateur de Mym\" data-rl_title=\"189. Un s\u00e9jour \u00e0 l\u2019Ile Maurice pour Gaspard Haffner, cofondateur de Mym\" class=\"rl-gallery-link\" data-rl_caption=\"\" data-rel=\"lightbox-gallery-bGlnaHRib3gtZ2FsbGVyeS0w\" data-rl_><img loading=\"lazy\" decoding=\"async\" width=\"900\" height=\"599\" src=\"data:image\/svg+xml,%3Csvg%20xmlns=\" http:=\"\" class=\"attachment-large size-large\" alt=\"\" aria-describedby=\"gallery--161897\" data-lazy- data-lazy- data-lazy-src=\"https:\/\/www.europesays.com\/fr\/wp-content\/uploads\/2025\/06\/189_TOP-500_AM-1.jpg\"\/><\/a><\/p>\n<p>\n                                189. Un s\u00e9jour \u00e0 l\u2019Ile Maurice pour Gaspard Haffner, cofondateur de Mym<\/p>\n<p>                                <a href=\"https:\/\/www.europesays.com\/fr\/wp-content\/uploads\/2025\/06\/190_TOP-500_AM-1.jpg\" title=\"190. Une croisi\u00e8re de luxe Explora pour Laureen Schein.\" data-rl_title=\"190. Une croisi\u00e8re de luxe Explora pour Laureen Schein.\" class=\"rl-gallery-link\" data-rl_caption=\"\" data-rel=\"lightbox-gallery-bGlnaHRib3gtZ2FsbGVyeS0w\" data-rl_><img loading=\"lazy\" decoding=\"async\" width=\"900\" height=\"599\" src=\"data:image\/svg+xml,%3Csvg%20xmlns=\" http:=\"\" class=\"attachment-large size-large\" alt=\"\" aria-describedby=\"gallery--161898\" data-lazy- data-lazy- data-lazy-src=\"https:\/\/www.europesays.com\/fr\/wp-content\/uploads\/2025\/06\/190_TOP-500_AM-1.jpg\"\/><\/a><\/p>\n<p>\n                                190. Une croisi\u00e8re de luxe Explora pour Laureen Schein. <\/p>\n<p><br style=\"clear: both\"\/><\/p>\n<p>                                <a href=\"https:\/\/www.europesays.com\/fr\/wp-content\/uploads\/2025\/06\/191_TOP-500_AM-1.jpg\" title=\"191. En guise de dessert, le show de l\u2019humoriste Philippe Roche\" data-rl_title=\"191. En guise de dessert, le show de l\u2019humoriste Philippe Roche\" class=\"rl-gallery-link\" data-rl_caption=\"\" data-rel=\"lightbox-gallery-bGlnaHRib3gtZ2FsbGVyeS0w\" data-rl_><img loading=\"lazy\" decoding=\"async\" width=\"900\" height=\"599\" src=\"data:image\/svg+xml,%3Csvg%20xmlns=\" http:=\"\" class=\"attachment-large size-large\" alt=\"\" aria-describedby=\"gallery--161899\" data-lazy- data-lazy- data-lazy-src=\"https:\/\/www.europesays.com\/fr\/wp-content\/uploads\/2025\/06\/191_TOP-500_AM-1.jpg\"\/><\/a><\/p>\n<p>\n                                191. En guise de dessert, le show de l\u2019humoriste Philippe Roche <\/p>\n<p>                                <a href=\"https:\/\/www.europesays.com\/fr\/wp-content\/uploads\/2025\/06\/192_TOP-500_AM-1.jpg\" title=\"192. Le fleuriste Franck Hernandez entour\u00e9 de Marco Polisson et Nicolas Winckler (Lyon People)\" data-rl_title=\"192. Le fleuriste Franck Hernandez entour\u00e9 de Marco Polisson et Nicolas Winckler (Lyon People)\" class=\"rl-gallery-link\" data-rl_caption=\"\" data-rel=\"lightbox-gallery-bGlnaHRib3gtZ2FsbGVyeS0w\" data-rl_><img loading=\"lazy\" decoding=\"async\" width=\"900\" height=\"599\" src=\"data:image\/svg+xml,%3Csvg%20xmlns=\" http:=\"\" class=\"attachment-large size-large\" alt=\"\" aria-describedby=\"gallery--161900\" data-lazy- data-lazy- data-lazy-src=\"https:\/\/www.europesays.com\/fr\/wp-content\/uploads\/2025\/06\/192_TOP-500_AM-1.jpg\"\/><\/a><\/p>\n<p>\n                                192. Le fleuriste Franck Hernandez entour\u00e9 de Marco Polisson et Nicolas Winckler (Lyon People)<\/p>\n<p><br style=\"clear: both\"\/><\/p>\n<p>                                <a href=\"https:\/\/www.europesays.com\/fr\/wp-content\/uploads\/2025\/06\/193_TOP-500_AM-1.jpg\" title=\"193. Le fleuriste Franck Hernandez entour\u00e9 d\u2019\u00c9milie Arrault et Nicolas Winckler (Lyon People)\" data-rl_title=\"193. Le fleuriste Franck Hernandez entour\u00e9 d\u2019\u00c9milie Arrault et Nicolas Winckler (Lyon People)\" class=\"rl-gallery-link\" data-rl_caption=\"\" data-rel=\"lightbox-gallery-bGlnaHRib3gtZ2FsbGVyeS0w\" data-rl_><img loading=\"lazy\" decoding=\"async\" width=\"900\" height=\"599\" src=\"data:image\/svg+xml,%3Csvg%20xmlns=\" http:=\"\" class=\"attachment-large size-large\" alt=\"\" aria-describedby=\"gallery--161901\" data-lazy- data-lazy- data-lazy-src=\"https:\/\/www.europesays.com\/fr\/wp-content\/uploads\/2025\/06\/193_TOP-500_AM-1.jpg\"\/><\/a><\/p>\n<p>\n                                193. Le fleuriste Franck Hernandez entour\u00e9 d\u2019\u00c9milie Arrault et Nicolas Winckler (Lyon People)<\/p>\n<p>                                <a href=\"https:\/\/www.europesays.com\/fr\/wp-content\/uploads\/2025\/06\/194_TOP-500_AM-1.jpg\" title=\"194. Christelle Bardet (France Alzheimer Rh\u00f4ne) et l\u2019humoriste Laurent Gerra\" data-rl_title=\"194. Christelle Bardet (France Alzheimer Rh\u00f4ne) et l\u2019humoriste Laurent Gerra\" class=\"rl-gallery-link\" data-rl_caption=\"\" data-rel=\"lightbox-gallery-bGlnaHRib3gtZ2FsbGVyeS0w\" data-rl_><img loading=\"lazy\" decoding=\"async\" width=\"900\" height=\"599\" src=\"data:image\/svg+xml,%3Csvg%20xmlns=\" http:=\"\" class=\"attachment-large size-large\" alt=\"\" aria-describedby=\"gallery--161902\" data-lazy- data-lazy- data-lazy-src=\"https:\/\/www.europesays.com\/fr\/wp-content\/uploads\/2025\/06\/194_TOP-500_AM-1.jpg\"\/><\/a><\/p>\n<p>\n                                194. Christelle Bardet (France Alzheimer Rh\u00f4ne) et l\u2019humoriste Laurent Gerra <\/p>\n<p><br style=\"clear: both\"\/><\/p>\n<p>                                <a href=\"https:\/\/www.europesays.com\/fr\/wp-content\/uploads\/2025\/06\/195_TOP-500_AM-1.jpg\" title=\"195. Fin du vol Air Top 500 pour l\u2019\u00e9quipage Marco Polisson, \u00c9milie Arrault et Nicolas Winckler (Lyon People)\" data-rl_title=\"195. Fin du vol Air Top 500 pour l\u2019\u00e9quipage Marco Polisson, \u00c9milie Arrault et Nicolas Winckler (Lyon People)\" class=\"rl-gallery-link\" data-rl_caption=\"\" data-rel=\"lightbox-gallery-bGlnaHRib3gtZ2FsbGVyeS0w\" data-rl_><img loading=\"lazy\" decoding=\"async\" width=\"900\" height=\"599\" src=\"data:image\/svg+xml,%3Csvg%20xmlns=\" http:=\"\" class=\"attachment-large size-large\" alt=\"\" aria-describedby=\"gallery--161903\" data-lazy- data-lazy- data-lazy-src=\"https:\/\/www.europesays.com\/fr\/wp-content\/uploads\/2025\/06\/195_TOP-500_AM-1.jpg\"\/><\/a><\/p>\n<p>\n                                195. Fin du vol Air Top 500 pour l\u2019\u00e9quipage Marco Polisson, \u00c9milie Arrault et Nicolas Winckler (Lyon People)<\/p>\n<p>                                <a href=\"https:\/\/www.europesays.com\/fr\/wp-content\/uploads\/2025\/06\/196_TOP-500_AM-1.jpg\" title=\"196. Marco Polisson et Nicolas Winckler, copilotes de Lyon People depuis 25 ans\" data-rl_title=\"196. Marco Polisson et Nicolas Winckler, copilotes de Lyon People depuis 25 ans\" class=\"rl-gallery-link\" data-rl_caption=\"\" data-rel=\"lightbox-gallery-bGlnaHRib3gtZ2FsbGVyeS0w\" data-rl_><img loading=\"lazy\" decoding=\"async\" width=\"900\" height=\"599\" src=\"data:image\/svg+xml,%3Csvg%20xmlns=\" http:=\"\" class=\"attachment-large size-large\" alt=\"\" aria-describedby=\"gallery--161904\" data-lazy- data-lazy- data-lazy-src=\"https:\/\/www.europesays.com\/fr\/wp-content\/uploads\/2025\/06\/196_TOP-500_AM-1.jpg\"\/><\/a><\/p>\n<p>\n                                196. Marco Polisson et Nicolas Winckler, copilotes de Lyon People depuis 25 ans <\/p>\n<p><br style=\"clear: both\"\/><\/p>\n<p>                                <a href=\"https:\/\/www.europesays.com\/fr\/wp-content\/uploads\/2025\/06\/197_TOP-500_AM-1.jpg\" title=\"197. Elisabeth Tion, Nicolas Winckler (Lyon People), Olivia Hamelin, Jean-Michel Aulas et Marco Polisson (Lyon People)\" data-rl_title=\"197. Elisabeth Tion, Nicolas Winckler (Lyon People), Olivia Hamelin, Jean-Michel Aulas et Marco Polisson (Lyon People)\" class=\"rl-gallery-link\" data-rl_caption=\"\" data-rel=\"lightbox-gallery-bGlnaHRib3gtZ2FsbGVyeS0w\" data-rl_><img loading=\"lazy\" decoding=\"async\" width=\"900\" height=\"599\" src=\"data:image\/svg+xml,%3Csvg%20xmlns=\" http:=\"\" class=\"attachment-large size-large\" alt=\"\" aria-describedby=\"gallery--161905\" data-lazy- data-lazy- data-lazy-src=\"https:\/\/www.europesays.com\/fr\/wp-content\/uploads\/2025\/06\/197_TOP-500_AM-1.jpg\"\/><\/a><\/p>\n<p>\n                                197. Elisabeth Tion, Nicolas Winckler (Lyon People), Olivia Hamelin, Jean-Michel Aulas et Marco Polisson (Lyon People)<\/p>\n<p>                                <a href=\"https:\/\/www.europesays.com\/fr\/wp-content\/uploads\/2025\/06\/198_TOP-500_AM-1.jpg\" title=\"198. Caroline Grotowski (Champagne Deutz) et Marco Polisson (Lyon People)\" data-rl_title=\"198. Caroline Grotowski (Champagne Deutz) et Marco Polisson (Lyon People)\" class=\"rl-gallery-link\" data-rl_caption=\"\" data-rel=\"lightbox-gallery-bGlnaHRib3gtZ2FsbGVyeS0w\" data-rl_><img loading=\"lazy\" decoding=\"async\" width=\"900\" height=\"599\" src=\"data:image\/svg+xml,%3Csvg%20xmlns=\" http:=\"\" class=\"attachment-large size-large\" alt=\"\" aria-describedby=\"gallery--161906\" data-lazy- data-lazy- data-lazy-src=\"https:\/\/www.europesays.com\/fr\/wp-content\/uploads\/2025\/06\/198_TOP-500_AM-1.jpg\"\/><\/a><\/p>\n<p>\n                                198. Caroline Grotowski (Champagne Deutz) et Marco Polisson (Lyon People)<\/p>\n<p><br style=\"clear: both\"\/><\/p>\n<p>                                <a href=\"https:\/\/www.europesays.com\/fr\/wp-content\/uploads\/2025\/06\/199_TOP-500_AM-1.jpg\" title=\"199. Laurent Abitbol, parrain du Top 500 2025, Lauren Shine (La Belle Boucle) et son mari Alexis Muller (La Belle Boucle)\" data-rl_title=\"199. Laurent Abitbol, parrain du Top 500 2025, Lauren Shine (La Belle Boucle) et son mari Alexis Muller (La Belle Boucle)\" class=\"rl-gallery-link\" data-rl_caption=\"\" data-rel=\"lightbox-gallery-bGlnaHRib3gtZ2FsbGVyeS0w\" data-rl_><img loading=\"lazy\" decoding=\"async\" width=\"900\" height=\"599\" src=\"data:image\/svg+xml,%3Csvg%20xmlns=\" http:=\"\" class=\"attachment-large size-large\" alt=\"\" aria-describedby=\"gallery--161907\" data-lazy- data-lazy- data-lazy-src=\"https:\/\/www.europesays.com\/fr\/wp-content\/uploads\/2025\/06\/199_TOP-500_AM-1.jpg\"\/><\/a><\/p>\n<p>\n                                199. Laurent Abitbol, parrain du Top 500 2025, Lauren Shine (La Belle Boucle) et son mari Alexis Muller (La Belle Boucle)<\/p>\n<p>                                <a href=\"https:\/\/www.europesays.com\/fr\/wp-content\/uploads\/2025\/06\/LP-1580.jpg\" title=\"200.\" data-rl_title=\"200.\" class=\"rl-gallery-link\" data-rl_caption=\"\" data-rel=\"lightbox-gallery-bGlnaHRib3gtZ2FsbGVyeS0w\" data-rl_><img loading=\"lazy\" decoding=\"async\" width=\"900\" height=\"720\" src=\"data:image\/svg+xml,%3Csvg%20xmlns=\" http:=\"\" class=\"attachment-large size-large\" alt=\"\" aria-describedby=\"gallery--161908\" data-lazy- data-lazy- data-lazy-src=\"https:\/\/www.europesays.com\/fr\/wp-content\/uploads\/2025\/06\/LP-1580.jpg\"\/><\/a><\/p>\n<p>\n                                200. <\/p>\n<p><br style=\"clear: both\"\/><\/p>\n<p>                                <a href=\"https:\/\/www.europesays.com\/fr\/wp-content\/uploads\/2025\/06\/LP-1588.jpg\" title=\"201.\" data-rl_title=\"201.\" class=\"rl-gallery-link\" data-rl_caption=\"\" data-rel=\"lightbox-gallery-bGlnaHRib3gtZ2FsbGVyeS0w\" data-rl_><img loading=\"lazy\" decoding=\"async\" width=\"900\" height=\"506\" src=\"data:image\/svg+xml,%3Csvg%20xmlns=\" http:=\"\" class=\"attachment-large size-large\" alt=\"\" aria-describedby=\"gallery--161909\" data-lazy- data-lazy- data-lazy-src=\"https:\/\/www.europesays.com\/fr\/wp-content\/uploads\/2025\/06\/LP-1588.jpg\"\/><\/a><\/p>\n<p>\n                                201. <\/p>\n<p>                                <a href=\"https:\/\/www.europesays.com\/fr\/wp-content\/uploads\/2025\/06\/LP-1589.jpg\" title=\"202.\" data-rl_title=\"202.\" class=\"rl-gallery-link\" data-rl_caption=\"\" data-rel=\"lightbox-gallery-bGlnaHRib3gtZ2FsbGVyeS0w\" data-rl_><img loading=\"lazy\" decoding=\"async\" width=\"900\" height=\"506\" src=\"data:image\/svg+xml,%3Csvg%20xmlns=\" http:=\"\" class=\"attachment-large size-large\" alt=\"\" aria-describedby=\"gallery--161910\" data-lazy- data-lazy- data-lazy-src=\"https:\/\/www.europesays.com\/fr\/wp-content\/uploads\/2025\/06\/LP-1589.jpg\"\/><\/a><\/p>\n<p>\n                                202. <\/p>\n<p><br style=\"clear: both\"\/><\/p>\n<p>                                <a href=\"https:\/\/www.europesays.com\/fr\/wp-content\/uploads\/2025\/06\/LP-1591.jpg\" title=\"203.\" data-rl_title=\"203.\" class=\"rl-gallery-link\" data-rl_caption=\"\" data-rel=\"lightbox-gallery-bGlnaHRib3gtZ2FsbGVyeS0w\" data-rl_><img loading=\"lazy\" decoding=\"async\" width=\"900\" height=\"720\" src=\"data:image\/svg+xml,%3Csvg%20xmlns=\" http:=\"\" class=\"attachment-large size-large\" alt=\"\" aria-describedby=\"gallery--161911\" data-lazy- data-lazy- data-lazy-src=\"https:\/\/www.europesays.com\/fr\/wp-content\/uploads\/2025\/06\/LP-1591.jpg\"\/><\/a><\/p>\n<p>\n                                203. <\/p>\n<p>                                <a href=\"https:\/\/www.europesays.com\/fr\/wp-content\/uploads\/2025\/06\/LP-1595.jpg\" title=\"204.\" data-rl_title=\"204.\" class=\"rl-gallery-link\" data-rl_caption=\"\" data-rel=\"lightbox-gallery-bGlnaHRib3gtZ2FsbGVyeS0w\" data-rl_><img loading=\"lazy\" decoding=\"async\" width=\"900\" height=\"720\" src=\"data:image\/svg+xml,%3Csvg%20xmlns=\" http:=\"\" class=\"attachment-large size-large\" alt=\"\" aria-describedby=\"gallery--161912\" data-lazy- data-lazy- data-lazy-src=\"https:\/\/www.europesays.com\/fr\/wp-content\/uploads\/2025\/06\/LP-1595.jpg\"\/><\/a><\/p>\n<p>\n                                204. <\/p>\n<p><br style=\"clear: both\"\/><\/p>\n<p>                                <a href=\"https:\/\/www.europesays.com\/fr\/wp-content\/uploads\/2025\/06\/LP-1597.jpg\" title=\"205.\" data-rl_title=\"205.\" class=\"rl-gallery-link\" data-rl_caption=\"\" data-rel=\"lightbox-gallery-bGlnaHRib3gtZ2FsbGVyeS0w\" data-rl_><img loading=\"lazy\" decoding=\"async\" width=\"900\" height=\"506\" src=\"data:image\/svg+xml,%3Csvg%20xmlns=\" http:=\"\" class=\"attachment-large size-large\" alt=\"\" aria-describedby=\"gallery--161913\" data-lazy- data-lazy- data-lazy-src=\"https:\/\/www.europesays.com\/fr\/wp-content\/uploads\/2025\/06\/LP-1597.jpg\"\/><\/a><\/p>\n<p>\n                                205. <\/p>\n<p>                                <a href=\"https:\/\/www.europesays.com\/fr\/wp-content\/uploads\/2025\/06\/LP-1598.jpg\" title=\"206.\" data-rl_title=\"206.\" class=\"rl-gallery-link\" data-rl_caption=\"\" data-rel=\"lightbox-gallery-bGlnaHRib3gtZ2FsbGVyeS0w\" data-rl_><img loading=\"lazy\" decoding=\"async\" width=\"900\" height=\"720\" src=\"data:image\/svg+xml,%3Csvg%20xmlns=\" http:=\"\" class=\"attachment-large size-large\" alt=\"\" aria-describedby=\"gallery--161914\" data-lazy- data-lazy- data-lazy-src=\"https:\/\/www.europesays.com\/fr\/wp-content\/uploads\/2025\/06\/LP-1598.jpg\"\/><\/a><\/p>\n<p>\n                                206. <\/p>\n<p><br style=\"clear: both\"\/><\/p>\n<p>                                <a href=\"https:\/\/www.europesays.com\/fr\/wp-content\/uploads\/2025\/06\/LP-1600.jpg\" title=\"207.\" data-rl_title=\"207.\" class=\"rl-gallery-link\" data-rl_caption=\"\" data-rel=\"lightbox-gallery-bGlnaHRib3gtZ2FsbGVyeS0w\" data-rl_><img loading=\"lazy\" decoding=\"async\" width=\"900\" height=\"506\" src=\"data:image\/svg+xml,%3Csvg%20xmlns=\" http:=\"\" class=\"attachment-large size-large\" alt=\"\" aria-describedby=\"gallery--161915\" data-lazy- data-lazy- data-lazy-src=\"https:\/\/www.europesays.com\/fr\/wp-content\/uploads\/2025\/06\/LP-1600.jpg\"\/><\/a><\/p>\n<p>\n                                207. <\/p>\n<p>                                <a href=\"https:\/\/www.europesays.com\/fr\/wp-content\/uploads\/2025\/06\/LP-1601.jpg\" title=\"208.\" data-rl_title=\"208.\" class=\"rl-gallery-link\" data-rl_caption=\"\" data-rel=\"lightbox-gallery-bGlnaHRib3gtZ2FsbGVyeS0w\" data-rl_><img loading=\"lazy\" decoding=\"async\" width=\"900\" height=\"506\" src=\"data:image\/svg+xml,%3Csvg%20xmlns=\" http:=\"\" class=\"attachment-large size-large\" alt=\"\" aria-describedby=\"gallery--161916\" data-lazy- data-lazy- data-lazy-src=\"https:\/\/www.europesays.com\/fr\/wp-content\/uploads\/2025\/06\/LP-1601.jpg\"\/><\/a><\/p>\n<p>\n                                208. <\/p>\n<p><br style=\"clear: both\"\/><\/p>\n<p>                                <a href=\"https:\/\/www.europesays.com\/fr\/wp-content\/uploads\/2025\/06\/LP-1602.jpg\" title=\"209.\" data-rl_title=\"209.\" class=\"rl-gallery-link\" data-rl_caption=\"\" data-rel=\"lightbox-gallery-bGlnaHRib3gtZ2FsbGVyeS0w\" data-rl_><img loading=\"lazy\" decoding=\"async\" width=\"900\" height=\"720\" src=\"data:image\/svg+xml,%3Csvg%20xmlns=\" http:=\"\" class=\"attachment-large size-large\" alt=\"\" aria-describedby=\"gallery--161917\" data-lazy- data-lazy- data-lazy-src=\"https:\/\/www.europesays.com\/fr\/wp-content\/uploads\/2025\/06\/LP-1602.jpg\"\/><\/a><\/p>\n<p>\n                                209. <\/p>\n<p>                                <a href=\"https:\/\/www.europesays.com\/fr\/wp-content\/uploads\/2025\/06\/LP-1604.jpg\" title=\"210.\" data-rl_title=\"210.\" class=\"rl-gallery-link\" data-rl_caption=\"\" data-rel=\"lightbox-gallery-bGlnaHRib3gtZ2FsbGVyeS0w\" data-rl_><img loading=\"lazy\" decoding=\"async\" width=\"900\" height=\"506\" src=\"data:image\/svg+xml,%3Csvg%20xmlns=\" http:=\"\" class=\"attachment-large size-large\" alt=\"\" aria-describedby=\"gallery--161918\" data-lazy- data-lazy- data-lazy-src=\"https:\/\/www.europesays.com\/fr\/wp-content\/uploads\/2025\/06\/LP-1604.jpg\"\/><\/a><\/p>\n<p>\n                                210. <\/p>\n<p><br style=\"clear: both\"\/><\/p>\n<p>                                <a href=\"https:\/\/www.europesays.com\/fr\/wp-content\/uploads\/2025\/06\/LP-1605.jpg\" title=\"211.\" data-rl_title=\"211.\" class=\"rl-gallery-link\" data-rl_caption=\"\" data-rel=\"lightbox-gallery-bGlnaHRib3gtZ2FsbGVyeS0w\" data-rl_><img loading=\"lazy\" decoding=\"async\" width=\"900\" height=\"720\" src=\"data:image\/svg+xml,%3Csvg%20xmlns=\" http:=\"\" class=\"attachment-large size-large\" alt=\"\" aria-describedby=\"gallery--161919\" data-lazy- data-lazy- data-lazy-src=\"https:\/\/www.europesays.com\/fr\/wp-content\/uploads\/2025\/06\/LP-1605.jpg\"\/><\/a><\/p>\n<p>\n                                211. <\/p>\n<p>                                <a href=\"https:\/\/www.europesays.com\/fr\/wp-content\/uploads\/2025\/06\/LP-1610.jpg\" title=\"212.\" data-rl_title=\"212.\" class=\"rl-gallery-link\" data-rl_caption=\"\" data-rel=\"lightbox-gallery-bGlnaHRib3gtZ2FsbGVyeS0w\" data-rl_><img loading=\"lazy\" decoding=\"async\" width=\"900\" height=\"720\" src=\"data:image\/svg+xml,%3Csvg%20xmlns=\" http:=\"\" class=\"attachment-large size-large\" alt=\"\" aria-describedby=\"gallery--161920\" data-lazy- data-lazy- data-lazy-src=\"https:\/\/www.europesays.com\/fr\/wp-content\/uploads\/2025\/06\/LP-1610.jpg\"\/><\/a><\/p>\n<p>\n                                212. <\/p>\n<p><br style=\"clear: both\"\/><\/p>\n<p>                                <a href=\"https:\/\/www.europesays.com\/fr\/wp-content\/uploads\/2025\/06\/LP-1611.jpg\" title=\"213.\" data-rl_title=\"213.\" class=\"rl-gallery-link\" data-rl_caption=\"\" data-rel=\"lightbox-gallery-bGlnaHRib3gtZ2FsbGVyeS0w\" data-rl_><img loading=\"lazy\" decoding=\"async\" width=\"900\" height=\"720\" src=\"data:image\/svg+xml,%3Csvg%20xmlns=\" http:=\"\" class=\"attachment-large size-large\" alt=\"\" aria-describedby=\"gallery--161921\" data-lazy- data-lazy- data-lazy-src=\"https:\/\/www.europesays.com\/fr\/wp-content\/uploads\/2025\/06\/LP-1611.jpg\"\/><\/a><\/p>\n<p>\n                                213. <\/p>\n<p>                                <a href=\"https:\/\/www.europesays.com\/fr\/wp-content\/uploads\/2025\/06\/LP-1613.jpg\" title=\"214.\" data-rl_title=\"214.\" class=\"rl-gallery-link\" data-rl_caption=\"\" data-rel=\"lightbox-gallery-bGlnaHRib3gtZ2FsbGVyeS0w\" data-rl_><img loading=\"lazy\" decoding=\"async\" width=\"900\" height=\"720\" src=\"data:image\/svg+xml,%3Csvg%20xmlns=\" http:=\"\" class=\"attachment-large size-large\" alt=\"\" aria-describedby=\"gallery--161922\" data-lazy- data-lazy- data-lazy-src=\"https:\/\/www.europesays.com\/fr\/wp-content\/uploads\/2025\/06\/LP-1613.jpg\"\/><\/a><\/p>\n<p>\n                                214. <\/p>\n<p><br style=\"clear: both\"\/><\/p>\n<p>                                <a href=\"https:\/\/www.europesays.com\/fr\/wp-content\/uploads\/2025\/06\/LP-1615.jpg\" title=\"215.\" data-rl_title=\"215.\" class=\"rl-gallery-link\" data-rl_caption=\"\" data-rel=\"lightbox-gallery-bGlnaHRib3gtZ2FsbGVyeS0w\" data-rl_><img loading=\"lazy\" decoding=\"async\" width=\"900\" height=\"506\" src=\"data:image\/svg+xml,%3Csvg%20xmlns=\" http:=\"\" class=\"attachment-large size-large\" alt=\"\" aria-describedby=\"gallery--161923\" data-lazy- data-lazy- data-lazy-src=\"https:\/\/www.europesays.com\/fr\/wp-content\/uploads\/2025\/06\/LP-1615.jpg\"\/><\/a><\/p>\n<p>\n                                215. <\/p>\n<p>                                <a href=\"https:\/\/www.europesays.com\/fr\/wp-content\/uploads\/2025\/06\/LP-1616.jpg\" title=\"216.\" data-rl_title=\"216.\" class=\"rl-gallery-link\" data-rl_caption=\"\" data-rel=\"lightbox-gallery-bGlnaHRib3gtZ2FsbGVyeS0w\" data-rl_><img loading=\"lazy\" decoding=\"async\" width=\"900\" height=\"720\" src=\"data:image\/svg+xml,%3Csvg%20xmlns=\" http:=\"\" class=\"attachment-large size-large\" alt=\"\" aria-describedby=\"gallery--161924\" data-lazy- data-lazy- data-lazy-src=\"https:\/\/www.europesays.com\/fr\/wp-content\/uploads\/2025\/06\/LP-1616.jpg\"\/><\/a><\/p>\n<p>\n                                216. <\/p>\n<p><br style=\"clear: both\"\/><\/p>\n<p>                                <a href=\"https:\/\/www.europesays.com\/fr\/wp-content\/uploads\/2025\/06\/LP-1617.jpg\" title=\"217.\" data-rl_title=\"217.\" class=\"rl-gallery-link\" data-rl_caption=\"\" data-rel=\"lightbox-gallery-bGlnaHRib3gtZ2FsbGVyeS0w\" data-rl_><img loading=\"lazy\" decoding=\"async\" width=\"900\" height=\"720\" src=\"data:image\/svg+xml,%3Csvg%20xmlns=\" http:=\"\" class=\"attachment-large size-large\" alt=\"\" aria-describedby=\"gallery--161925\" data-lazy- data-lazy- data-lazy-src=\"https:\/\/www.europesays.com\/fr\/wp-content\/uploads\/2025\/06\/LP-1617.jpg\"\/><\/a><\/p>\n<p>\n                                217. <\/p>\n<p>                                <a href=\"https:\/\/www.europesays.com\/fr\/wp-content\/uploads\/2025\/06\/LP-1618.jpg\" title=\"218.\" data-rl_title=\"218.\" class=\"rl-gallery-link\" data-rl_caption=\"\" data-rel=\"lightbox-gallery-bGlnaHRib3gtZ2FsbGVyeS0w\" data-rl_><img loading=\"lazy\" decoding=\"async\" width=\"900\" height=\"720\" src=\"data:image\/svg+xml,%3Csvg%20xmlns=\" http:=\"\" class=\"attachment-large size-large\" alt=\"\" aria-describedby=\"gallery--161926\" data-lazy- data-lazy- data-lazy-src=\"https:\/\/www.europesays.com\/fr\/wp-content\/uploads\/2025\/06\/LP-1618.jpg\"\/><\/a><\/p>\n<p>\n                                218. <\/p>\n<p><br style=\"clear: both\"\/><\/p>\n<p>                                <a href=\"https:\/\/www.europesays.com\/fr\/wp-content\/uploads\/2025\/06\/LP-1619.jpg\" title=\"219.\" data-rl_title=\"219.\" class=\"rl-gallery-link\" data-rl_caption=\"\" data-rel=\"lightbox-gallery-bGlnaHRib3gtZ2FsbGVyeS0w\" data-rl_><img loading=\"lazy\" decoding=\"async\" width=\"900\" height=\"506\" src=\"data:image\/svg+xml,%3Csvg%20xmlns=\" http:=\"\" class=\"attachment-large size-large\" alt=\"\" aria-describedby=\"gallery--161927\" data-lazy- data-lazy- data-lazy-src=\"https:\/\/www.europesays.com\/fr\/wp-content\/uploads\/2025\/06\/LP-1619.jpg\"\/><\/a><\/p>\n<p>\n                                219. <\/p>\n<p>                                <a href=\"https:\/\/www.europesays.com\/fr\/wp-content\/uploads\/2025\/06\/LP-1620.jpg\" title=\"220.\" data-rl_title=\"220.\" class=\"rl-gallery-link\" data-rl_caption=\"\" data-rel=\"lightbox-gallery-bGlnaHRib3gtZ2FsbGVyeS0w\" data-rl_><img loading=\"lazy\" decoding=\"async\" width=\"900\" height=\"720\" src=\"data:image\/svg+xml,%3Csvg%20xmlns=\" http:=\"\" class=\"attachment-large size-large\" alt=\"\" aria-describedby=\"gallery--161928\" data-lazy- data-lazy- data-lazy-src=\"https:\/\/www.europesays.com\/fr\/wp-content\/uploads\/2025\/06\/LP-1620.jpg\"\/><\/a><\/p>\n<p>\n                                220. <\/p>\n<p><br style=\"clear: both\"\/><\/p>\n<p>                                <a href=\"https:\/\/www.europesays.com\/fr\/wp-content\/uploads\/2025\/06\/LP-1621.jpg\" title=\"221.\" data-rl_title=\"221.\" class=\"rl-gallery-link\" data-rl_caption=\"\" data-rel=\"lightbox-gallery-bGlnaHRib3gtZ2FsbGVyeS0w\" data-rl_><img loading=\"lazy\" decoding=\"async\" width=\"900\" height=\"506\" src=\"data:image\/svg+xml,%3Csvg%20xmlns=\" http:=\"\" class=\"attachment-large size-large\" alt=\"\" aria-describedby=\"gallery--161929\" data-lazy- data-lazy- data-lazy-src=\"https:\/\/www.europesays.com\/fr\/wp-content\/uploads\/2025\/06\/LP-1621.jpg\"\/><\/a><\/p>\n<p>\n                                221. <\/p>\n<p>                                <a href=\"https:\/\/www.europesays.com\/fr\/wp-content\/uploads\/2025\/06\/LP-1622.jpg\" title=\"222.\" data-rl_title=\"222.\" class=\"rl-gallery-link\" data-rl_caption=\"\" data-rel=\"lightbox-gallery-bGlnaHRib3gtZ2FsbGVyeS0w\" data-rl_><img loading=\"lazy\" decoding=\"async\" width=\"900\" height=\"720\" src=\"data:image\/svg+xml,%3Csvg%20xmlns=\" http:=\"\" class=\"attachment-large size-large\" alt=\"\" aria-describedby=\"gallery--161930\" data-lazy- data-lazy- data-lazy-src=\"https:\/\/www.europesays.com\/fr\/wp-content\/uploads\/2025\/06\/LP-1622.jpg\"\/><\/a><\/p>\n<p>\n                                222. <\/p>\n<p><br style=\"clear: both\"\/><\/p>\n<p>                                <a href=\"https:\/\/www.europesays.com\/fr\/wp-content\/uploads\/2025\/06\/LP-1623.jpg\" title=\"223.\" data-rl_title=\"223.\" class=\"rl-gallery-link\" data-rl_caption=\"\" data-rel=\"lightbox-gallery-bGlnaHRib3gtZ2FsbGVyeS0w\" data-rl_><img loading=\"lazy\" decoding=\"async\" width=\"900\" height=\"720\" src=\"data:image\/svg+xml,%3Csvg%20xmlns=\" http:=\"\" class=\"attachment-large size-large\" alt=\"\" aria-describedby=\"gallery--161931\" data-lazy- data-lazy- data-lazy-src=\"https:\/\/www.europesays.com\/fr\/wp-content\/uploads\/2025\/06\/LP-1623.jpg\"\/><\/a><\/p>\n<p>\n                                223. <\/p>\n<p>                                <a href=\"https:\/\/www.europesays.com\/fr\/wp-content\/uploads\/2025\/06\/LP-1624.jpg\" title=\"224.\" data-rl_title=\"224.\" class=\"rl-gallery-link\" data-rl_caption=\"\" data-rel=\"lightbox-gallery-bGlnaHRib3gtZ2FsbGVyeS0w\" data-rl_><img loading=\"lazy\" decoding=\"async\" width=\"900\" height=\"720\" src=\"data:image\/svg+xml,%3Csvg%20xmlns=\" http:=\"\" class=\"attachment-large size-large\" alt=\"\" aria-describedby=\"gallery--161932\" data-lazy- data-lazy- data-lazy-src=\"https:\/\/www.europesays.com\/fr\/wp-content\/uploads\/2025\/06\/LP-1624.jpg\"\/><\/a><\/p>\n<p>\n                                224. <\/p>\n<p><br style=\"clear: both\"\/><\/p>\n<p>                                <a href=\"https:\/\/www.europesays.com\/fr\/wp-content\/uploads\/2025\/06\/LP-1626.jpg\" title=\"225.\" data-rl_title=\"225.\" class=\"rl-gallery-link\" data-rl_caption=\"\" data-rel=\"lightbox-gallery-bGlnaHRib3gtZ2FsbGVyeS0w\" data-rl_><img loading=\"lazy\" decoding=\"async\" width=\"900\" height=\"506\" src=\"data:image\/svg+xml,%3Csvg%20xmlns=\" http:=\"\" class=\"attachment-large size-large\" alt=\"\" aria-describedby=\"gallery--161934\" data-lazy- data-lazy- data-lazy-src=\"https:\/\/www.europesays.com\/fr\/wp-content\/uploads\/2025\/06\/LP-1626.jpg\"\/><\/a><\/p>\n<p>\n                                225. <\/p>\n<p>                                <a href=\"https:\/\/www.europesays.com\/fr\/wp-content\/uploads\/2025\/06\/LP-1627.jpg\" title=\"226.\" data-rl_title=\"226.\" class=\"rl-gallery-link\" data-rl_caption=\"\" data-rel=\"lightbox-gallery-bGlnaHRib3gtZ2FsbGVyeS0w\" data-rl_><img loading=\"lazy\" decoding=\"async\" width=\"900\" height=\"506\" src=\"data:image\/svg+xml,%3Csvg%20xmlns=\" http:=\"\" class=\"attachment-large size-large\" alt=\"\" aria-describedby=\"gallery--161935\" data-lazy- data-lazy- data-lazy-src=\"https:\/\/www.europesays.com\/fr\/wp-content\/uploads\/2025\/06\/LP-1627.jpg\"\/><\/a><\/p>\n<p>\n                                226. <\/p>\n<p><br style=\"clear: both\"\/><\/p>\n<p>                                <a href=\"https:\/\/www.europesays.com\/fr\/wp-content\/uploads\/2025\/06\/LP-1628.jpg\" title=\"227.\" data-rl_title=\"227.\" class=\"rl-gallery-link\" data-rl_caption=\"\" data-rel=\"lightbox-gallery-bGlnaHRib3gtZ2FsbGVyeS0w\" data-rl_><img loading=\"lazy\" decoding=\"async\" width=\"900\" height=\"720\" src=\"data:image\/svg+xml,%3Csvg%20xmlns=\" http:=\"\" class=\"attachment-large size-large\" alt=\"\" aria-describedby=\"gallery--161936\" data-lazy- data-lazy- data-lazy-src=\"https:\/\/www.europesays.com\/fr\/wp-content\/uploads\/2025\/06\/LP-1628.jpg\"\/><\/a><\/p>\n<p>\n                                227. <\/p>\n<p>                                <a href=\"https:\/\/www.europesays.com\/fr\/wp-content\/uploads\/2025\/06\/LP-1629.jpg\" title=\"228.\" data-rl_title=\"228.\" class=\"rl-gallery-link\" data-rl_caption=\"\" data-rel=\"lightbox-gallery-bGlnaHRib3gtZ2FsbGVyeS0w\" data-rl_><img loading=\"lazy\" decoding=\"async\" width=\"900\" height=\"720\" src=\"data:image\/svg+xml,%3Csvg%20xmlns=\" http:=\"\" class=\"attachment-large size-large\" alt=\"\" aria-describedby=\"gallery--161937\" data-lazy- data-lazy- data-lazy-src=\"https:\/\/www.europesays.com\/fr\/wp-content\/uploads\/2025\/06\/LP-1629.jpg\"\/><\/a><\/p>\n<p>\n                                228. <\/p>\n<p><br style=\"clear: both\"\/><\/p>\n<p>                                <a href=\"https:\/\/www.europesays.com\/fr\/wp-content\/uploads\/2025\/06\/LP-1630.jpg\" title=\"229.\" data-rl_title=\"229.\" class=\"rl-gallery-link\" data-rl_caption=\"\" data-rel=\"lightbox-gallery-bGlnaHRib3gtZ2FsbGVyeS0w\" data-rl_><img loading=\"lazy\" decoding=\"async\" width=\"900\" height=\"506\" src=\"data:image\/svg+xml,%3Csvg%20xmlns=\" http:=\"\" class=\"attachment-large size-large\" alt=\"\" aria-describedby=\"gallery--161938\" data-lazy- data-lazy- data-lazy-src=\"https:\/\/www.europesays.com\/fr\/wp-content\/uploads\/2025\/06\/LP-1630.jpg\"\/><\/a><\/p>\n<p>\n                                229. <\/p>\n<p>                                <a href=\"https:\/\/www.europesays.com\/fr\/wp-content\/uploads\/2025\/06\/LP-1631.jpg\" title=\"230.\" data-rl_title=\"230.\" class=\"rl-gallery-link\" data-rl_caption=\"\" data-rel=\"lightbox-gallery-bGlnaHRib3gtZ2FsbGVyeS0w\" data-rl_><img loading=\"lazy\" decoding=\"async\" width=\"900\" height=\"720\" src=\"data:image\/svg+xml,%3Csvg%20xmlns=\" http:=\"\" class=\"attachment-large size-large\" alt=\"\" aria-describedby=\"gallery--161939\" data-lazy- data-lazy- data-lazy-src=\"https:\/\/www.europesays.com\/fr\/wp-content\/uploads\/2025\/06\/LP-1631.jpg\"\/><\/a><\/p>\n<p>\n                                230. <\/p>\n<p><br style=\"clear: both\"\/><\/p>\n<p>                                <a href=\"https:\/\/www.europesays.com\/fr\/wp-content\/uploads\/2025\/06\/LP-1633.jpg\" title=\"231.\" data-rl_title=\"231.\" class=\"rl-gallery-link\" data-rl_caption=\"\" data-rel=\"lightbox-gallery-bGlnaHRib3gtZ2FsbGVyeS0w\" data-rl_><img loading=\"lazy\" decoding=\"async\" width=\"900\" height=\"506\" src=\"data:image\/svg+xml,%3Csvg%20xmlns=\" http:=\"\" class=\"attachment-large size-large\" alt=\"\" aria-describedby=\"gallery--161940\" data-lazy- data-lazy- data-lazy-src=\"https:\/\/www.europesays.com\/fr\/wp-content\/uploads\/2025\/06\/LP-1633.jpg\"\/><\/a><\/p>\n<p>\n                                231. <\/p>\n<p>                                <a href=\"https:\/\/www.europesays.com\/fr\/wp-content\/uploads\/2025\/06\/LP-1636.jpg\" title=\"232.\" data-rl_title=\"232.\" class=\"rl-gallery-link\" data-rl_caption=\"\" data-rel=\"lightbox-gallery-bGlnaHRib3gtZ2FsbGVyeS0w\" data-rl_><img loading=\"lazy\" decoding=\"async\" width=\"900\" height=\"506\" src=\"data:image\/svg+xml,%3Csvg%20xmlns=\" http:=\"\" class=\"attachment-large size-large\" alt=\"\" aria-describedby=\"gallery--161941\" data-lazy- data-lazy- data-lazy-src=\"https:\/\/www.europesays.com\/fr\/wp-content\/uploads\/2025\/06\/LP-1636.jpg\"\/><\/a><\/p>\n<p>\n                                232. <\/p>\n<p><br style=\"clear: both\"\/><\/p>\n<p>                                <a href=\"https:\/\/www.europesays.com\/fr\/wp-content\/uploads\/2025\/06\/LP-1637.jpg\" title=\"233.\" data-rl_title=\"233.\" class=\"rl-gallery-link\" data-rl_caption=\"\" data-rel=\"lightbox-gallery-bGlnaHRib3gtZ2FsbGVyeS0w\" data-rl_><img loading=\"lazy\" decoding=\"async\" width=\"900\" height=\"720\" src=\"data:image\/svg+xml,%3Csvg%20xmlns=\" http:=\"\" class=\"attachment-large size-large\" alt=\"\" aria-describedby=\"gallery--161942\" data-lazy- data-lazy- data-lazy-src=\"https:\/\/www.europesays.com\/fr\/wp-content\/uploads\/2025\/06\/LP-1637.jpg\"\/><\/a><\/p>\n<p>\n                                233. <\/p>\n<p>                                <a href=\"https:\/\/www.europesays.com\/fr\/wp-content\/uploads\/2025\/06\/LP-1638.jpg\" title=\"234.\" data-rl_title=\"234.\" class=\"rl-gallery-link\" data-rl_caption=\"\" data-rel=\"lightbox-gallery-bGlnaHRib3gtZ2FsbGVyeS0w\" data-rl_><img loading=\"lazy\" decoding=\"async\" width=\"900\" height=\"720\" src=\"data:image\/svg+xml,%3Csvg%20xmlns=\" http:=\"\" class=\"attachment-large size-large\" alt=\"\" aria-describedby=\"gallery--161943\" data-lazy- data-lazy- data-lazy-src=\"https:\/\/www.europesays.com\/fr\/wp-content\/uploads\/2025\/06\/LP-1638.jpg\"\/><\/a><\/p>\n<p>\n                                234. <\/p>\n<p><br style=\"clear: both\"\/><\/p>\n<p>                                <a href=\"https:\/\/www.europesays.com\/fr\/wp-content\/uploads\/2025\/06\/LP-1639.jpg\" title=\"235.\" data-rl_title=\"235.\" class=\"rl-gallery-link\" data-rl_caption=\"\" data-rel=\"lightbox-gallery-bGlnaHRib3gtZ2FsbGVyeS0w\" data-rl_><img loading=\"lazy\" decoding=\"async\" width=\"900\" height=\"506\" src=\"data:image\/svg+xml,%3Csvg%20xmlns=\" http:=\"\" class=\"attachment-large size-large\" alt=\"\" aria-describedby=\"gallery--161944\" data-lazy- data-lazy- data-lazy-src=\"https:\/\/www.europesays.com\/fr\/wp-content\/uploads\/2025\/06\/LP-1639.jpg\"\/><\/a><\/p>\n<p>\n                                235. <\/p>\n<p>                                <a href=\"https:\/\/www.europesays.com\/fr\/wp-content\/uploads\/2025\/06\/LP-1640.jpg\" title=\"236.\" data-rl_title=\"236.\" class=\"rl-gallery-link\" data-rl_caption=\"\" data-rel=\"lightbox-gallery-bGlnaHRib3gtZ2FsbGVyeS0w\" data-rl_><img loading=\"lazy\" decoding=\"async\" width=\"720\" height=\"900\" src=\"data:image\/svg+xml,%3Csvg%20xmlns=\" http:=\"\" class=\"attachment-large size-large\" alt=\"\" aria-describedby=\"gallery--161945\" data-lazy- data-lazy- data-lazy-src=\"https:\/\/www.europesays.com\/fr\/wp-content\/uploads\/2025\/06\/LP-1640.jpg\"\/><\/a><\/p>\n<p>\n                                236. <\/p>\n<p><br style=\"clear: both\"\/><\/p>\n<p>                                <a href=\"https:\/\/www.europesays.com\/fr\/wp-content\/uploads\/2025\/06\/LP-1641.jpg\" title=\"237.\" data-rl_title=\"237.\" class=\"rl-gallery-link\" data-rl_caption=\"\" data-rel=\"lightbox-gallery-bGlnaHRib3gtZ2FsbGVyeS0w\" data-rl_><img loading=\"lazy\" decoding=\"async\" width=\"900\" height=\"720\" src=\"data:image\/svg+xml,%3Csvg%20xmlns=\" http:=\"\" class=\"attachment-large size-large\" alt=\"\" aria-describedby=\"gallery--161946\" data-lazy- data-lazy- data-lazy-src=\"https:\/\/www.europesays.com\/fr\/wp-content\/uploads\/2025\/06\/LP-1641.jpg\"\/><\/a><\/p>\n<p>\n                                237. <\/p>\n<p>                                <a href=\"https:\/\/www.europesays.com\/fr\/wp-content\/uploads\/2025\/06\/LP-1643.jpg\" title=\"238.\" data-rl_title=\"238.\" class=\"rl-gallery-link\" data-rl_caption=\"\" data-rel=\"lightbox-gallery-bGlnaHRib3gtZ2FsbGVyeS0w\" data-rl_><img loading=\"lazy\" decoding=\"async\" width=\"900\" height=\"720\" src=\"data:image\/svg+xml,%3Csvg%20xmlns=\" http:=\"\" class=\"attachment-large size-large\" alt=\"\" aria-describedby=\"gallery--161947\" data-lazy- data-lazy- data-lazy-src=\"https:\/\/www.europesays.com\/fr\/wp-content\/uploads\/2025\/06\/LP-1643.jpg\"\/><\/a><\/p>\n<p>\n                                238. <\/p>\n<p><br style=\"clear: both\"\/><\/p>\n<p>                                <a href=\"https:\/\/www.europesays.com\/fr\/wp-content\/uploads\/2025\/06\/LP-1644.jpg\" title=\"239.\" data-rl_title=\"239.\" class=\"rl-gallery-link\" data-rl_caption=\"\" data-rel=\"lightbox-gallery-bGlnaHRib3gtZ2FsbGVyeS0w\" data-rl_><img loading=\"lazy\" decoding=\"async\" width=\"900\" height=\"506\" src=\"data:image\/svg+xml,%3Csvg%20xmlns=\" http:=\"\" class=\"attachment-large size-large\" alt=\"\" aria-describedby=\"gallery--161948\" data-lazy- data-lazy- data-lazy-src=\"https:\/\/www.europesays.com\/fr\/wp-content\/uploads\/2025\/06\/LP-1644.jpg\"\/><\/a><\/p>\n<p>\n                                239. <\/p>\n<p>                                <a href=\"https:\/\/www.europesays.com\/fr\/wp-content\/uploads\/2025\/06\/LP-1646.jpg\" title=\"240.\" data-rl_title=\"240.\" class=\"rl-gallery-link\" data-rl_caption=\"\" data-rel=\"lightbox-gallery-bGlnaHRib3gtZ2FsbGVyeS0w\" data-rl_><img loading=\"lazy\" decoding=\"async\" width=\"900\" height=\"720\" src=\"data:image\/svg+xml,%3Csvg%20xmlns=\" http:=\"\" class=\"attachment-large size-large\" alt=\"\" aria-describedby=\"gallery--161949\" data-lazy- data-lazy- data-lazy-src=\"https:\/\/www.europesays.com\/fr\/wp-content\/uploads\/2025\/06\/LP-1646.jpg\"\/><\/a><\/p>\n<p>\n                                240. <\/p>\n<p><br style=\"clear: both\"\/><\/p>\n<p>                                <a href=\"https:\/\/www.europesays.com\/fr\/wp-content\/uploads\/2025\/06\/LP-1651.jpg\" title=\"241.\" data-rl_title=\"241.\" class=\"rl-gallery-link\" data-rl_caption=\"\" data-rel=\"lightbox-gallery-bGlnaHRib3gtZ2FsbGVyeS0w\" data-rl_><img loading=\"lazy\" decoding=\"async\" width=\"900\" height=\"720\" src=\"data:image\/svg+xml,%3Csvg%20xmlns=\" http:=\"\" class=\"attachment-large size-large\" alt=\"\" aria-describedby=\"gallery--161950\" data-lazy- data-lazy- data-lazy-src=\"https:\/\/www.europesays.com\/fr\/wp-content\/uploads\/2025\/06\/LP-1651.jpg\"\/><\/a><\/p>\n<p>\n                                241. <\/p>\n<p>                                <a href=\"https:\/\/www.europesays.com\/fr\/wp-content\/uploads\/2025\/06\/LP-1652.jpg\" title=\"242.\" data-rl_title=\"242.\" class=\"rl-gallery-link\" data-rl_caption=\"\" data-rel=\"lightbox-gallery-bGlnaHRib3gtZ2FsbGVyeS0w\" data-rl_><img loading=\"lazy\" decoding=\"async\" width=\"900\" height=\"506\" src=\"data:image\/svg+xml,%3Csvg%20xmlns=\" http:=\"\" class=\"attachment-large size-large\" alt=\"\" aria-describedby=\"gallery--161951\" data-lazy- data-lazy- data-lazy-src=\"https:\/\/www.europesays.com\/fr\/wp-content\/uploads\/2025\/06\/LP-1652.jpg\"\/><\/a><\/p>\n<p>\n                                242. <\/p>\n<p><br style=\"clear: both\"\/><\/p>\n<p>                                <a href=\"https:\/\/www.europesays.com\/fr\/wp-content\/uploads\/2025\/06\/LP-1654.jpg\" title=\"243.\" data-rl_title=\"243.\" class=\"rl-gallery-link\" data-rl_caption=\"\" data-rel=\"lightbox-gallery-bGlnaHRib3gtZ2FsbGVyeS0w\" data-rl_><img loading=\"lazy\" decoding=\"async\" width=\"900\" height=\"720\" src=\"data:image\/svg+xml,%3Csvg%20xmlns=\" http:=\"\" class=\"attachment-large size-large\" alt=\"\" aria-describedby=\"gallery--161952\" data-lazy- data-lazy- data-lazy-src=\"https:\/\/www.europesays.com\/fr\/wp-content\/uploads\/2025\/06\/LP-1654.jpg\"\/><\/a><\/p>\n<p>\n                                243. <\/p>\n<p>                                <a href=\"https:\/\/www.europesays.com\/fr\/wp-content\/uploads\/2025\/06\/LP-1656.jpg\" title=\"244.\" data-rl_title=\"244.\" class=\"rl-gallery-link\" data-rl_caption=\"\" data-rel=\"lightbox-gallery-bGlnaHRib3gtZ2FsbGVyeS0w\" data-rl_><img loading=\"lazy\" decoding=\"async\" width=\"900\" height=\"720\" src=\"data:image\/svg+xml,%3Csvg%20xmlns=\" http:=\"\" class=\"attachment-large size-large\" alt=\"\" aria-describedby=\"gallery--161953\" data-lazy- data-lazy- data-lazy-src=\"https:\/\/www.europesays.com\/fr\/wp-content\/uploads\/2025\/06\/LP-1656.jpg\"\/><\/a><\/p>\n<p>\n                                244. <\/p>\n<p><br style=\"clear: both\"\/><\/p>\n<p>                                <a href=\"https:\/\/www.europesays.com\/fr\/wp-content\/uploads\/2025\/06\/LP-1658.jpg\" title=\"245.\" data-rl_title=\"245.\" class=\"rl-gallery-link\" data-rl_caption=\"\" data-rel=\"lightbox-gallery-bGlnaHRib3gtZ2FsbGVyeS0w\" data-rl_><img loading=\"lazy\" decoding=\"async\" width=\"900\" height=\"506\" src=\"data:image\/svg+xml,%3Csvg%20xmlns=\" http:=\"\" class=\"attachment-large size-large\" alt=\"\" aria-describedby=\"gallery--161954\" data-lazy- data-lazy- data-lazy-src=\"https:\/\/www.europesays.com\/fr\/wp-content\/uploads\/2025\/06\/LP-1658.jpg\"\/><\/a><\/p>\n<p>\n                                245. <\/p>\n<p>                                <a href=\"https:\/\/www.europesays.com\/fr\/wp-content\/uploads\/2025\/06\/LP-1659.jpg\" title=\"246.\" data-rl_title=\"246.\" class=\"rl-gallery-link\" data-rl_caption=\"\" data-rel=\"lightbox-gallery-bGlnaHRib3gtZ2FsbGVyeS0w\" data-rl_><img loading=\"lazy\" decoding=\"async\" width=\"900\" height=\"675\" src=\"data:image\/svg+xml,%3Csvg%20xmlns=\" http:=\"\" class=\"attachment-large size-large\" alt=\"\" aria-describedby=\"gallery--161955\" data-lazy- data-lazy- data-lazy-src=\"https:\/\/www.europesays.com\/fr\/wp-content\/uploads\/2025\/06\/LP-1659.jpg\"\/><\/a><\/p>\n<p>\n                                246. <\/p>\n<p><br style=\"clear: both\"\/><\/p>\n<p>                                <a href=\"https:\/\/www.europesays.com\/fr\/wp-content\/uploads\/2025\/06\/LP-1660.jpg\" title=\"247.\" data-rl_title=\"247.\" class=\"rl-gallery-link\" data-rl_caption=\"\" data-rel=\"lightbox-gallery-bGlnaHRib3gtZ2FsbGVyeS0w\" data-rl_><img loading=\"lazy\" decoding=\"async\" width=\"900\" height=\"720\" src=\"data:image\/svg+xml,%3Csvg%20xmlns=\" http:=\"\" class=\"attachment-large size-large\" alt=\"\" aria-describedby=\"gallery--161956\" data-lazy- data-lazy- data-lazy-src=\"https:\/\/www.europesays.com\/fr\/wp-content\/uploads\/2025\/06\/LP-1660.jpg\"\/><\/a><\/p>\n<p>\n                                247. <\/p>\n<p>                                <a href=\"https:\/\/www.europesays.com\/fr\/wp-content\/uploads\/2025\/06\/LP-1664.jpg\" title=\"248.\" data-rl_title=\"248.\" class=\"rl-gallery-link\" data-rl_caption=\"\" data-rel=\"lightbox-gallery-bGlnaHRib3gtZ2FsbGVyeS0w\" data-rl_><img loading=\"lazy\" decoding=\"async\" width=\"900\" height=\"506\" src=\"data:image\/svg+xml,%3Csvg%20xmlns=\" http:=\"\" class=\"attachment-large size-large\" alt=\"\" aria-describedby=\"gallery--161957\" data-lazy- data-lazy- data-lazy-src=\"https:\/\/www.europesays.com\/fr\/wp-content\/uploads\/2025\/06\/LP-1664.jpg\"\/><\/a><\/p>\n<p>\n                                248. <\/p>\n<p><br style=\"clear: both\"\/><\/p>\n<p>                                <a href=\"https:\/\/www.europesays.com\/fr\/wp-content\/uploads\/2025\/06\/LP-1669.jpg\" title=\"249.\" data-rl_title=\"249.\" class=\"rl-gallery-link\" data-rl_caption=\"\" data-rel=\"lightbox-gallery-bGlnaHRib3gtZ2FsbGVyeS0w\" data-rl_><img loading=\"lazy\" decoding=\"async\" width=\"900\" height=\"506\" src=\"data:image\/svg+xml,%3Csvg%20xmlns=\" http:=\"\" class=\"attachment-large size-large\" alt=\"\" aria-describedby=\"gallery--161958\" data-lazy- data-lazy- data-lazy-src=\"https:\/\/www.europesays.com\/fr\/wp-content\/uploads\/2025\/06\/LP-1669.jpg\"\/><\/a><\/p>\n<p>\n                                249. <\/p>\n<p>                                <a href=\"https:\/\/www.europesays.com\/fr\/wp-content\/uploads\/2025\/06\/LP-1670.jpg\" title=\"250.\" data-rl_title=\"250.\" class=\"rl-gallery-link\" data-rl_caption=\"\" data-rel=\"lightbox-gallery-bGlnaHRib3gtZ2FsbGVyeS0w\" data-rl_><img loading=\"lazy\" decoding=\"async\" width=\"900\" height=\"506\" src=\"data:image\/svg+xml,%3Csvg%20xmlns=\" http:=\"\" class=\"attachment-large size-large\" alt=\"\" aria-describedby=\"gallery--161959\" data-lazy- data-lazy- data-lazy-src=\"https:\/\/www.europesays.com\/fr\/wp-content\/uploads\/2025\/06\/LP-1670.jpg\"\/><\/a><\/p>\n<p>\n                                250. <\/p>\n<p><br style=\"clear: both\"\/><\/p>\n<p>                                <a href=\"https:\/\/www.europesays.com\/fr\/wp-content\/uploads\/2025\/06\/LP-1674.jpg\" title=\"251.\" data-rl_title=\"251.\" class=\"rl-gallery-link\" data-rl_caption=\"\" data-rel=\"lightbox-gallery-bGlnaHRib3gtZ2FsbGVyeS0w\" data-rl_><img loading=\"lazy\" decoding=\"async\" width=\"900\" height=\"720\" src=\"data:image\/svg+xml,%3Csvg%20xmlns=\" http:=\"\" class=\"attachment-large size-large\" alt=\"\" aria-describedby=\"gallery--161960\" data-lazy- data-lazy- data-lazy-src=\"https:\/\/www.europesays.com\/fr\/wp-content\/uploads\/2025\/06\/LP-1674.jpg\"\/><\/a><\/p>\n<p>\n                                251. <\/p>\n<p>                                <a href=\"https:\/\/www.europesays.com\/fr\/wp-content\/uploads\/2025\/06\/LP-1676.jpg\" title=\"252.\" data-rl_title=\"252.\" class=\"rl-gallery-link\" data-rl_caption=\"\" data-rel=\"lightbox-gallery-bGlnaHRib3gtZ2FsbGVyeS0w\" data-rl_><img loading=\"lazy\" decoding=\"async\" width=\"900\" height=\"720\" src=\"data:image\/svg+xml,%3Csvg%20xmlns=\" http:=\"\" class=\"attachment-large size-large\" alt=\"\" aria-describedby=\"gallery--161961\" data-lazy- data-lazy- data-lazy-src=\"https:\/\/www.europesays.com\/fr\/wp-content\/uploads\/2025\/06\/LP-1676.jpg\"\/><\/a><\/p>\n<p>\n                                252. <\/p>\n<p><br style=\"clear: both\"\/><\/p>\n<p>                                <a href=\"https:\/\/www.europesays.com\/fr\/wp-content\/uploads\/2025\/06\/LP-1677.jpg\" title=\"253.\" data-rl_title=\"253.\" class=\"rl-gallery-link\" data-rl_caption=\"\" data-rel=\"lightbox-gallery-bGlnaHRib3gtZ2FsbGVyeS0w\" data-rl_><img loading=\"lazy\" decoding=\"async\" width=\"900\" height=\"720\" src=\"data:image\/svg+xml,%3Csvg%20xmlns=\" http:=\"\" class=\"attachment-large size-large\" alt=\"\" aria-describedby=\"gallery--161962\" data-lazy- data-lazy- data-lazy-src=\"https:\/\/www.europesays.com\/fr\/wp-content\/uploads\/2025\/06\/LP-1677.jpg\"\/><\/a><\/p>\n<p>\n                                253. <\/p>\n<p>                                <a href=\"https:\/\/www.europesays.com\/fr\/wp-content\/uploads\/2025\/06\/LP-1678.jpg\" title=\"254.\" data-rl_title=\"254.\" class=\"rl-gallery-link\" data-rl_caption=\"\" data-rel=\"lightbox-gallery-bGlnaHRib3gtZ2FsbGVyeS0w\" data-rl_><img loading=\"lazy\" decoding=\"async\" width=\"900\" height=\"506\" src=\"data:image\/svg+xml,%3Csvg%20xmlns=\" http:=\"\" class=\"attachment-large size-large\" alt=\"\" aria-describedby=\"gallery--161963\" data-lazy- data-lazy- data-lazy-src=\"https:\/\/www.europesays.com\/fr\/wp-content\/uploads\/2025\/06\/LP-1678.jpg\"\/><\/a><\/p>\n<p>\n                                254. <\/p>\n<p><br style=\"clear: both\"\/><\/p>\n<p>                                <a href=\"https:\/\/www.europesays.com\/fr\/wp-content\/uploads\/2025\/06\/LP-1682.jpg\" title=\"255.\" data-rl_title=\"255.\" class=\"rl-gallery-link\" data-rl_caption=\"\" data-rel=\"lightbox-gallery-bGlnaHRib3gtZ2FsbGVyeS0w\" data-rl_><img loading=\"lazy\" decoding=\"async\" width=\"900\" height=\"720\" src=\"data:image\/svg+xml,%3Csvg%20xmlns=\" http:=\"\" class=\"attachment-large size-large\" alt=\"\" aria-describedby=\"gallery--161964\" data-lazy- data-lazy- data-lazy-src=\"https:\/\/www.europesays.com\/fr\/wp-content\/uploads\/2025\/06\/LP-1682.jpg\"\/><\/a><\/p>\n<p>\n                                255. <\/p>\n<p>                                <a href=\"https:\/\/www.europesays.com\/fr\/wp-content\/uploads\/2025\/06\/LP-1684.jpg\" title=\"256.\" data-rl_title=\"256.\" class=\"rl-gallery-link\" data-rl_caption=\"\" data-rel=\"lightbox-gallery-bGlnaHRib3gtZ2FsbGVyeS0w\" data-rl_><img loading=\"lazy\" decoding=\"async\" width=\"900\" height=\"506\" src=\"data:image\/svg+xml,%3Csvg%20xmlns=\" http:=\"\" class=\"attachment-large size-large\" alt=\"\" aria-describedby=\"gallery--161965\" data-lazy- data-lazy- data-lazy-src=\"https:\/\/www.europesays.com\/fr\/wp-content\/uploads\/2025\/06\/LP-1684.jpg\"\/><\/a><\/p>\n<p>\n                                256. <\/p>\n<p><br style=\"clear: both\"\/><\/p>\n<p>                                <a href=\"https:\/\/www.europesays.com\/fr\/wp-content\/uploads\/2025\/06\/LP-1685.jpg\" title=\"257.\" data-rl_title=\"257.\" class=\"rl-gallery-link\" data-rl_caption=\"\" data-rel=\"lightbox-gallery-bGlnaHRib3gtZ2FsbGVyeS0w\" data-rl_><img loading=\"lazy\" decoding=\"async\" width=\"900\" height=\"720\" src=\"data:image\/svg+xml,%3Csvg%20xmlns=\" http:=\"\" class=\"attachment-large size-large\" alt=\"\" aria-describedby=\"gallery--161966\" data-lazy- data-lazy- data-lazy-src=\"https:\/\/www.europesays.com\/fr\/wp-content\/uploads\/2025\/06\/LP-1685.jpg\"\/><\/a><\/p>\n<p>\n                                257. <\/p>\n<p>                        <br style=\"clear: both\"\/><\/p>\n","protected":false},"excerpt":{"rendered":"Texte\u00a0: Morgan Couturier \u2013 Plac\u00e9e sous le signe du voyage, la soir\u00e9e de gala du TOP 500 des&hellip;\n","protected":false},"author":2,"featured_media":210144,"comment_status":"","ping_status":"","sticky":false,"template":"","format":"standard","meta":{"footnotes":""},"categories":[1889],"tags":[4257,1111,47,4258,11,2430,34930,1777,674,1011,27,2428,12,25],"class_list":{"0":"post-210143","1":"post","2":"type-post","3":"status-publish","4":"format-standard","5":"has-post-thumbnail","7":"category-lyon","8":"tag-0top","9":"tag-actu","10":"tag-actualite","11":"tag-actualite-lyon","12":"tag-actualites","13":"tag-auvergne-rhone-alpes","14":"tag-diner-de-gala-top-500","15":"tag-eu","16":"tag-europe","17":"tag-fr","18":"tag-france","19":"tag-lyon","20":"tag-news","21":"tag-republique-francaise"},"share_on_mastodon":{"url":"https:\/\/pubeurope.com\/@fr\/114759326658139876","error":""},"_links":{"self":[{"href":"https:\/\/www.europesays.com\/fr\/wp-json\/wp\/v2\/posts\/210143","targetHints":{"allow":["GET"]}}],"collection":[{"href":"https:\/\/www.europesays.com\/fr\/wp-json\/wp\/v2\/posts"}],"about":[{"href":"https:\/\/www.europesays.com\/fr\/wp-json\/wp\/v2\/types\/post"}],"author":[{"embeddable":true,"href":"https:\/\/www.europesays.com\/fr\/wp-json\/wp\/v2\/users\/2"}],"replies":[{"embeddable":true,"href":"https:\/\/www.europesays.com\/fr\/wp-json\/wp\/v2\/comments?post=210143"}],"version-history":[{"count":0,"href":"https:\/\/www.europesays.com\/fr\/wp-json\/wp\/v2\/posts\/210143\/revisions"}],"wp:featuredmedia":[{"embeddable":true,"href":"https:\/\/www.europesays.com\/fr\/wp-json\/wp\/v2\/media\/210144"}],"wp:attachment":[{"href":"https:\/\/www.europesays.com\/fr\/wp-json\/wp\/v2\/media?parent=210143"}],"wp:term":[{"taxonomy":"category","embeddable":true,"href":"https:\/\/www.europesays.com\/fr\/wp-json\/wp\/v2\/categories?post=210143"},{"taxonomy":"post_tag","embeddable":true,"href":"https:\/\/www.europesays.com\/fr\/wp-json\/wp\/v2\/tags?post=210143"}],"curies":[{"name":"wp","href":"https:\/\/api.w.org\/{rel}","templated":true}]}}