{"id":210147,"date":"2025-06-28T05:23:24","date_gmt":"2025-06-28T05:23:24","guid":{"rendered":"https:\/\/www.europesays.com\/fr\/210147\/"},"modified":"2025-06-28T05:23:24","modified_gmt":"2025-06-28T05:23:24","slug":"orages-violents-lile-de-france-placee-en-vigilance-orange-des-19-heures","status":"publish","type":"post","link":"https:\/\/www.europesays.com\/fr\/210147\/","title":{"rendered":"Orages violents : l\u2019\u00cele-de-France plac\u00e9e en vigilance orange d\u00e8s 19 heures"},"content":{"rendered":"<p><img loading=\"lazy\" decoding=\"async\" alt=\"\u00a9 Shutterstock - Apr\u00e8s un \u00e9pisode de canicule, une violente d\u00e9gradation orageuse est attendue ce mercredi soir sur toute la r\u00e9gion francilienne, avec des risques de gr\u00eale et de vents violents.\" data-zoom-src=\"https:\/\/www.europesays.com\/fr\/wp-content\/uploads\/2025\/06\/initial-orage-paris.jpg\" data-zoomable=\"\" height=\"702\" src=\"https:\/\/www.europesays.com\/fr\/wp-content\/uploads\/2025\/06\/initial-orage-paris.jpg\" width=\"1248\"\/>  <\/p>\n<p class=\"article-desc\">\u00a9 Shutterstock &#8211; Apr\u00e8s un \u00e9pisode de canicule, une violente d\u00e9gradation orageuse est attendue ce mercredi soir sur toute la r\u00e9gion francilienne, avec des risques de gr\u00eale et de vents violents. <\/p>\n<p>M\u00e9t\u00e9o-France a plac\u00e9 toute l\u2019<strong>\u00cele-de-France <\/strong>en vigilance orange aux orages \u00e0 partir de 19 heures ce mercredi 25 juin, apr\u00e8s un<strong> \u00e9pisode caniculaire prolong\u00e9<\/strong>. L&rsquo;alerte concerne l\u2019ensemble des huit d\u00e9partements franciliens, dans un contexte d\u2019<strong>instabilit\u00e9 atmosph\u00e9rique<\/strong> marqu\u00e9e. <\/p>\n<p>Au total, <a href=\"https:\/\/mesinfos.fr\/orages-quels-sont-les-47-departements-concernes-par-l-alerte-225178.html\" rel=\"noopener\" target=\"_blank\">52 d\u00e9partements sont concern\u00e9s \u00e0 l\u2019\u00e9chelle nationale<\/a> par cette double<strong> vigilance orages et canicule<\/strong>, dans un sc\u00e9nario typique d\u2019\u00e9t\u00e9 extr\u00eame : tr\u00e8s<strong> fortes chaleurs<\/strong> en journ\u00e9e, suivies d\u2019une <strong>d\u00e9gradation brutale <\/strong>en soir\u00e9e. <\/p>\n<blockquote class=\"twitter-tweet\" data-uniformized=\"true\">\n<p dir=\"ltr\" lang=\"fr\">Pour mercredi 25 juin 2025 :<br \/>\ud83d\udfe0 52 d\u00e9partements en Vigilance orange<\/p>\n<p>Pour jeudi 26 juin 2025 :<br \/>\ud83d\udfe0 2 d\u00e9partements en Vigilance orange<\/p>\n<p>Restez prudents et inform\u00e9s :<a href=\"https:\/\/t.co\/JGz4rTUvHP\">https:\/\/t.co\/JGz4rTUvHP<\/a> <a href=\"https:\/\/t.co\/lCXyjUMhP5\">pic.twitter.com\/lCXyjUMhP5<\/a><\/p>\n<p> \u2014 VigiM\u00e9t\u00e9oFrance (@VigiMeteoFrance) <a href=\"https:\/\/twitter.com\/VigiMeteoFrance\/status\/1937782795054514200?ref_src=twsrc%5Etfw\" target=\"_blank\" rel=\"noopener\">June 25, 2025<\/a><\/p><\/blockquote>\n<p>\u00a0<\/p>\n<p> Des ph\u00e9nom\u00e8nes violents attendus <\/p>\n<p>\u201cLa d\u00e9gradation orageuse doit gagner l\u2019\u00cele-de-France en provenance du sud-ouest, d\u2019abord en deuxi\u00e8me partie d\u2019apr\u00e8s-midi dans le centre du pays, puis en soir\u00e9e vers <strong>la Champagne<\/strong>, <strong>la Picardie <\/strong>et l&rsquo;<strong>agglom\u00e9ration parisienne<\/strong>\u201d, indique <a href=\"https:\/\/mesinfos.fr\/vers-un-ete-2024-plus-chaud-que-la-normale-meteo-france-dit-oui-199854.html\" rel=\"noopener\" target=\"_blank\">M\u00e9t\u00e9o France<\/a>.<\/p>\n<p>Le pr\u00e9visionniste appelle \u00e0 la plus grande prudence, \u00e9voquant un \u00e9pisode n\u00e9cessitant une vigilance particuli\u00e8re en raison de ph\u00e9nom\u00e8nes violents potentiels : <\/p>\n<ul>\n<li>\n<p>Fortes pluies : 30 \u00e0 50 mm en une \u00e0 deux heures ; <\/p>\n<\/li>\n<li>\n<p>Gr\u00eale : taille moyenne \u00e0 grosse, 2 \u00e0 5 cm voire plus ; <\/p>\n<\/li>\n<li>\n<p>Rafales de vent : jusqu\u2019\u00e0 100-120 km\/h localement ; <\/p>\n<\/li>\n<li>\n<p>Activit\u00e9 \u00e9lectrique intense. <\/p>\n<\/li>\n<\/ul>\n<p>Une baisse notable des temp\u00e9ratures est attendue d\u00e8s jeudi, marquant la fin de l\u2019\u00e9pisode caniculaire pour la majorit\u00e9 du territoire. Seul le pourtour m\u00e9diterran\u00e9en devrait conserver des temp\u00e9ratures \u00e9lev\u00e9es.<\/p>\n<p><script async src=\"https:\/\/platform.twitter.com\/widgets.js\" charset=\"utf-8\"><\/script><\/p>\n","protected":false},"excerpt":{"rendered":"\u00a9 Shutterstock &#8211; Apr\u00e8s un \u00e9pisode de canicule, une violente d\u00e9gradation orageuse est attendue ce mercredi soir sur&hellip;\n","protected":false},"author":2,"featured_media":210148,"comment_status":"","ping_status":"","sticky":false,"template":"","format":"standard","meta":{"footnotes":""},"categories":[1592],"tags":[1111,11,1777,674,1011,27,662,34218,12,626,25,27202],"class_list":{"0":"post-210147","1":"post","2":"type-post","3":"status-publish","4":"format-standard","5":"has-post-thumbnail","7":"category-ile-de-france","8":"tag-actu","9":"tag-actualites","10":"tag-eu","11":"tag-europe","12":"tag-fr","13":"tag-france","14":"tag-ile-de-france","15":"tag-mu00e9tu00e9o-france","16":"tag-news","17":"tag-paris","18":"tag-republique-francaise","19":"tag-vigilance-orange"},"share_on_mastodon":{"url":"https:\/\/pubeurope.com\/@fr\/114759327031480897","error":""},"_links":{"self":[{"href":"https:\/\/www.europesays.com\/fr\/wp-json\/wp\/v2\/posts\/210147","targetHints":{"allow":["GET"]}}],"collection":[{"href":"https:\/\/www.europesays.com\/fr\/wp-json\/wp\/v2\/posts"}],"about":[{"href":"https:\/\/www.europesays.com\/fr\/wp-json\/wp\/v2\/types\/post"}],"author":[{"embeddable":true,"href":"https:\/\/www.europesays.com\/fr\/wp-json\/wp\/v2\/users\/2"}],"replies":[{"embeddable":true,"href":"https:\/\/www.europesays.com\/fr\/wp-json\/wp\/v2\/comments?post=210147"}],"version-history":[{"count":0,"href":"https:\/\/www.europesays.com\/fr\/wp-json\/wp\/v2\/posts\/210147\/revisions"}],"wp:featuredmedia":[{"embeddable":true,"href":"https:\/\/www.europesays.com\/fr\/wp-json\/wp\/v2\/media\/210148"}],"wp:attachment":[{"href":"https:\/\/www.europesays.com\/fr\/wp-json\/wp\/v2\/media?parent=210147"}],"wp:term":[{"taxonomy":"category","embeddable":true,"href":"https:\/\/www.europesays.com\/fr\/wp-json\/wp\/v2\/categories?post=210147"},{"taxonomy":"post_tag","embeddable":true,"href":"https:\/\/www.europesays.com\/fr\/wp-json\/wp\/v2\/tags?post=210147"}],"curies":[{"name":"wp","href":"https:\/\/api.w.org\/{rel}","templated":true}]}}