{"id":210151,"date":"2025-06-28T05:25:12","date_gmt":"2025-06-28T05:25:12","guid":{"rendered":"https:\/\/www.europesays.com\/fr\/210151\/"},"modified":"2025-06-28T05:25:12","modified_gmt":"2025-06-28T05:25:12","slug":"soupconne-detre-un-piqueur-en-serie-mojito-juge-a-paris","status":"publish","type":"post","link":"https:\/\/www.europesays.com\/fr\/210151\/","title":{"rendered":"Soup\u00e7onn\u00e9 d\u2019\u00eatre un piqueur en s\u00e9rie, \u00ab\u00a0Mojito\u00a0\u00bb jug\u00e9 \u00e0 Paris"},"content":{"rendered":"<p>Ilan M., un homme de 27 ans surnomm\u00e9 \u00ab\u00a0Mojito\u00a0\u00bb, est d\u00e9f\u00e9r\u00e9 en comparution imm\u00e9diate ce vendredi devant le tribunal correctionnel de Paris pour \u00ab\u00a0des violences avec arme n\u2019ayant pas entra\u00een\u00e9 d\u2019incapacit\u00e9 de travail\u00a0\u00bb, indique dans un communiqu\u00e9 le parquet. Il est soup\u00e7onn\u00e9 d\u2019avoir <a href=\"https:\/\/www.20minutes.fr\/societe\/4159786-20250622-fete-musique-2025-piqures-visant-femmes-plus-300-gardes-vue-recensees\" class=\"color-ultramarine c-link\" target=\"_blank\" rel=\"noopener\">piqu\u00e9 des personnes avec une seringue<\/a> et d\u2019avoir diffus\u00e9 des vid\u00e9os de ces agissements sur les r\u00e9seaux sociaux.<\/p>\n<p>Une enqu\u00eate avait \u00e9t\u00e9 ouverte par la S\u00fbret\u00e9 territoriale de Paris apr\u00e8s \u00ab\u00a0la diffusion sur les r\u00e9seaux sociaux le 20\u00a0juin\u00a0\u00bb, soit la veille de la F\u00eate de la musique, \u00ab\u00a0de la vid\u00e9o d\u2019un certain \u00ab\u00a0Mojito\u00a0\u00bb se mettant en sc\u00e8ne en train de piquer ou faire mine de piquer des personnes install\u00e9es dans l\u2019espace public, <a href=\"https:\/\/www.20minutes.fr\/faits_divers\/4160153-20250624-piqures-sauvages-vent-panique-avant-phenomene-difficilement-quantifiable\" class=\"color-ultramarine c-link\" target=\"_blank\" rel=\"noopener\">\u00e0 l\u2019aide d\u2019une seringue<\/a>\u00a0\u00bb, a relat\u00e9 le parquet.<\/p>\n<\/p>\n<p>Dans une autre vid\u00e9o, dat\u00e9e du 23\u00a0juin et post\u00e9rieure \u00e0 l\u2019\u00e9v\u00e9nement musical, \u00ab\u00a0le mis en cause expliquait avoir r\u00e9alis\u00e9 cette vid\u00e9o de mani\u00e8re pr\u00e9ventive, en tant qu\u2019influenceur, pour alerter des risques de piq\u00fbres pendant la <a href=\"https:\/\/www.20minutes.fr\/dossier\/fete_de_la_musique\" class=\"color-ultramarine c-link\" target=\"_blank\" rel=\"noopener\">F\u00eate de la musique<\/a>\u00a0\u00bb, a poursuivi le parquet.<\/p>\n<p>Parall\u00e8lement \u00e0 Paris, plusieurs enqu\u00eates ont \u00e9t\u00e9 ouvertes apr\u00e8s le signalement de personnes disant avoir \u00e9t\u00e9 piqu\u00e9es par une seringue lors de la F\u00eate de la musique dans diff\u00e9rents lieux de la capitale. Certaines ont t\u00e9moign\u00e9 de malaises et ont \u00e9t\u00e9 prises en charge dans des h\u00f4pitaux.<\/p>\n<p>Il s\u2019agissait d\u2019une \u00ab\u00a0blague\u00a0\u00bb<\/p>\n<p>Ilan M. a \u00e9t\u00e9 interpell\u00e9 jeudi, pr\u00e9cise le parquet. Le minist\u00e8re public pr\u00e9cise qu\u2019il a \u00ab\u00a0mis quinze minutes \u00e0 ouvrir aux enqu\u00eateurs qui se pr\u00e9sentaient \u00e0 son domicile, et son t\u00e9l\u00e9phone ne comportait aucune de ces vid\u00e9os\u00a0\u00bb. Lors de sa garde \u00e0 vue, \u00ab\u00a0il s\u2019est toutefois reconnu sur la vid\u00e9o diffus\u00e9e sur les <a href=\"https:\/\/www.20minutes.fr\/dossier\/reseaux_sociaux\" class=\"color-ultramarine c-link\" target=\"_blank\" rel=\"noopener\">r\u00e9seaux sociaux<\/a>, expliquant qu\u2019il s\u2019agissait d\u2019une \u00ab\u00a0blague\u00a0\u00bb, qu\u2019il avait laiss\u00e9 le capuchon sur les seringues, et pr\u00e9tendant ne pas conna\u00eetre l\u2019identit\u00e9 de la personne qui le filmait en commettant les faits\u00a0\u00bb, a d\u00e9taill\u00e9 le minist\u00e8re public. Aucune victime des agissements d\u2019Ilan M. n\u2019a pu \u00eatre identifi\u00e9e ni entendue, selon le parquet.<\/p>\n<p>Pour rappel, dans la nuit du 21\u00a0juin et \u00e0 la suite de publications sur les r\u00e9seaux sociaux appelant \u00e0 \u00ab\u00a0attaquer et \u00e0 piquer des femmes lors de la F\u00eate de la musique\u00a0\u00bb, <a href=\"https:\/\/www.20minutes.fr\/faits_divers\/4160113-20250624-charente-prefecture-fait-point-apres-rumeurs-piqures-pendant-fete-musique\" class=\"color-ultramarine c-link\" target=\"_blank\" rel=\"noopener\">145 victimes de piq\u00fbres se sont manifest\u00e9es<\/a> aupr\u00e8s des services de police en m\u00e9tropole et en outre-mer, avait indiqu\u00e9 dimanche le minist\u00e8re de l\u2019Int\u00e9rieur. La pr\u00e9fecture de police de Paris <a href=\"https:\/\/www.20minutes.fr\/faits_divers\/3313663-20220622-nancy-homme-suspecte-avoir-pique-deux-personnes-seringue-pendant-fete-musique-interpelle\" class=\"color-ultramarine c-link\" target=\"_blank\" rel=\"noopener\">a relev\u00e9 21 cas sur sa zone<\/a> en Ile-de-France, dont 13 \u00e0 Paris.<\/p>\n","protected":false},"excerpt":{"rendered":"Ilan M., un homme de 27 ans surnomm\u00e9 \u00ab\u00a0Mojito\u00a0\u00bb, est d\u00e9f\u00e9r\u00e9 en comparution imm\u00e9diate ce vendredi devant le&hellip;\n","protected":false},"author":2,"featured_media":210152,"comment_status":"","ping_status":"","sticky":false,"template":"","format":"standard","meta":{"footnotes":""},"categories":[1888],"tags":[1111,1928,47,11,1927,1120,1777,674,118,658,25885,1011,27,662,2438,303,873,12,1926,626,1925,25,71,797],"class_list":{"0":"post-210151","1":"post","2":"type-post","3":"status-publish","4":"format-standard","5":"has-post-thumbnail","7":"category-paris","8":"tag-actu","9":"tag-actu-paris","10":"tag-actualite","11":"tag-actualites","12":"tag-actualites-paris","13":"tag-agression","14":"tag-eu","15":"tag-europe","16":"tag-faits-divers","17":"tag-faits-divers-paris","18":"tag-fete-de-la-musique","19":"tag-fr","20":"tag-france","21":"tag-ile-de-france","22":"tag-influenceur","23":"tag-justice","24":"tag-musique","25":"tag-news","26":"tag-news-paris","27":"tag-paris","28":"tag-paris-news","29":"tag-republique-francaise","30":"tag-sante","31":"tag-violences-faites-aux-femmes"},"share_on_mastodon":{"url":"","error":""},"_links":{"self":[{"href":"https:\/\/www.europesays.com\/fr\/wp-json\/wp\/v2\/posts\/210151","targetHints":{"allow":["GET"]}}],"collection":[{"href":"https:\/\/www.europesays.com\/fr\/wp-json\/wp\/v2\/posts"}],"about":[{"href":"https:\/\/www.europesays.com\/fr\/wp-json\/wp\/v2\/types\/post"}],"author":[{"embeddable":true,"href":"https:\/\/www.europesays.com\/fr\/wp-json\/wp\/v2\/users\/2"}],"replies":[{"embeddable":true,"href":"https:\/\/www.europesays.com\/fr\/wp-json\/wp\/v2\/comments?post=210151"}],"version-history":[{"count":0,"href":"https:\/\/www.europesays.com\/fr\/wp-json\/wp\/v2\/posts\/210151\/revisions"}],"wp:featuredmedia":[{"embeddable":true,"href":"https:\/\/www.europesays.com\/fr\/wp-json\/wp\/v2\/media\/210152"}],"wp:attachment":[{"href":"https:\/\/www.europesays.com\/fr\/wp-json\/wp\/v2\/media?parent=210151"}],"wp:term":[{"taxonomy":"category","embeddable":true,"href":"https:\/\/www.europesays.com\/fr\/wp-json\/wp\/v2\/categories?post=210151"},{"taxonomy":"post_tag","embeddable":true,"href":"https:\/\/www.europesays.com\/fr\/wp-json\/wp\/v2\/tags?post=210151"}],"curies":[{"name":"wp","href":"https:\/\/api.w.org\/{rel}","templated":true}]}}