{"id":210153,"date":"2025-06-28T05:26:11","date_gmt":"2025-06-28T05:26:11","guid":{"rendered":"https:\/\/www.europesays.com\/fr\/210153\/"},"modified":"2025-06-28T05:26:11","modified_gmt":"2025-06-28T05:26:11","slug":"au-coeur-des-essais-du-mf19-le-futur-metro-de-la-ligne-10","status":"publish","type":"post","link":"https:\/\/www.europesays.com\/fr\/210153\/","title":{"rendered":"au c\u0153ur des essais du MF19, le futur m\u00e9tro de la ligne 10"},"content":{"rendered":"<p>            Par<br \/>\n        <strong><br \/>\n            <a href=\"https:\/\/actu.fr\/auteur\/antoine-grotteria02\" title=\"Consulter tous les articles de Antoine Grotteria\" target=\"_blank\" rel=\"noopener\">Antoine Grotteria<\/a><br \/>\n        <\/strong><\/p>\n<p>        Publi\u00e9 le<\/p>\n<p>            28 juin 2025 \u00e0 7h12        <\/p>\n<p>\u00ab\u2009Les deux conducteurs fonctionnent manip \u00e0 fond sans d\u00e9passer les 20\u00a0km\/h\u2009\u00bb. Dans la cabine en t\u00eate de rame, Augustin Huerre adresse ses instructions \u00e0 l\u2019\u00e9quipage. Arm\u00e9 d\u2019un talkie-walkie, le responsable d\u2019essai des <strong>M\u00e9tro Fer, appel d\u2019offres 2019<\/strong> (MF19) pour la <a href=\"https:\/\/actu.fr\/tag\/ratp\" target=\"_blank\" rel=\"noopener\">R\u00e9gie autonome des transports parisiens<\/a> (RATP) fait office de relai avec les ing\u00e9nieurs et les ouvriers du fabricant Alstom. La moindre anomalie remonte rapidement aux analystes de l\u2019entreprise ferroviaire, positionn\u00e9s \u00e0 l\u2019arri\u00e8re du train avec les yeux riv\u00e9s sur un \u00e9cran de contr\u00f4le. Depuis quatre mois, il s\u2019agit du quotidien d\u2019une poign\u00e9e de techniciens charg\u00e9s d\u2019<strong>\u00e9valuer la conformit\u00e9<\/strong> de ces <a href=\"https:\/\/actu.fr\/tag\/metro\" target=\"_blank\" rel=\"noopener\">m\u00e9tros<\/a> du <a href=\"https:\/\/actu.fr\/ile-de-france\/paris_75056\/ratp-paris-ces-trois-lignes-de-metro-souvent-critiquees-vont-faire-peau-neuve_60664683.html\" target=\"_blank\" rel=\"noopener\">futur<\/a> d\u00e9ploy\u00e9s par <a href=\"https:\/\/actu.fr\/tag\/ile-de-france-mobilites\" target=\"_blank\" rel=\"noopener\">\u00cele-de-France Mobilit\u00e9s<\/a> (IDFM) qui d\u00e9barqueront sur la ligne 10 \u00e0 l\u2019automne prochain. Ce mardi 24\u00a0juin 2025, <a href=\"https:\/\/actu.fr\/paris\/\" target=\"_blank\" rel=\"noopener\">actu Paris<\/a> a pu assister \u00e0 l\u2019un de ses <strong>essais nocturnes<\/strong>. Une exp\u00e9rience saisissante de quelques heures dans des tunnels et des stations d\u00e9sertiques.<\/p>\n<p>Man\u0153uvre d\u2019accouplement \u00e0 la main<\/p>\n<p class=\" wall-content\">\u00ab\u2009On n\u2019est pas inquiets. <strong>Tout s\u2019est bien pass\u00e9 jusqu\u2019\u00e0 pr\u00e9sent<\/strong>. On est dans les temps\u2009\u00bb. Chef de projet des essais des MF19 \u00e0 la RATP, Jean-Daniel Schmitt tente de rassurer \u00e0 l\u2019aube des tests. L\u2019horloge pointe vers le 1. Les coups de klaxon marquent l\u2019arriv\u00e9e d\u2019une rame bariol\u00e9e \u00e0 la station <strong>porte d\u2019Auteuil<\/strong>, remplie de c\u00e2bles, de capteurs et de couvertures pour prot\u00e9ger les si\u00e8ges qu\u2019occuperont les usagers. Une lumi\u00e8re tamis\u00e9e maintient les bobines en \u00e9veil. Il est l\u2019heure de monter \u00e0 bord du train en direction de la station Javel-Andr\u00e9 Citro\u00ebn.<\/p>\n<blockquote class=\"tiktok-embed\" cite=\"https:\/\/www.tiktok.com\/@actu.paris\/video\/7519457364810992918\" data-video-id=\"7519457364810992918\" data-embed-from=\"oembed\" style=\"max-width:605px; min-width:325px;\"><p>\n<a target=\"_blank\" title=\"@actu.paris\" href=\"https:\/\/www.tiktok.com\/@actu.paris?refer=embed\" rel=\"noopener\">@actu.paris<\/a> <\/p>\n<p>\ud83d\ude87\u23f3 Les nouveaux m\u00e9tros, MF19, font l\u2019objet de test depuis quelques mois. Leur mise en service sur la ligne 10 doit intervenir \u00e0 l\u2019automne prochain. Voici les coulisses. <a title=\"transport\" target=\"_blank\" href=\"https:\/\/www.tiktok.com\/tag\/transport?refer=embed\" rel=\"noopener\">#transport<\/a> <a title=\"metro\" target=\"_blank\" href=\"https:\/\/www.tiktok.com\/tag\/metro?refer=embed\" rel=\"noopener\">#metro<\/a> <a title=\"ratp\" target=\"_blank\" href=\"https:\/\/www.tiktok.com\/tag\/ratp?refer=embed\" rel=\"noopener\">#ratp<\/a> <a title=\"essai\" target=\"_blank\" href=\"https:\/\/www.tiktok.com\/tag\/essai?refer=embed\" rel=\"noopener\">#essai<\/a> <\/p>\n<p> <a target=\"_blank\" title=\"\u266c Island In The Sun - Weezer\" href=\"https:\/\/www.tiktok.com\/music\/Island-In-The-Sun-6826761248797886465?refer=embed\" rel=\"noopener\">\u266c Island In The Sun \u2013 Weezer<\/a> <\/p>\n<\/blockquote>\n<p class=\" wall-content\">Quelques minutes plus tard, ordre est donn\u00e9 de descendre \u00e0 quai. Le prototype P4 doit s\u2019accoupler \u00e0 un autre prototype afin de <strong>simuler le secours d\u2019une rame en panne<\/strong>. Cette derni\u00e8re est constell\u00e9e de gueuses, un appareil de manutention s\u2019apparentant \u00e0 des poids, utilis\u00e9 pour tester la r\u00e9sistance des \u00e9quipements. \u00ab\u00a0L\u2019id\u00e9e, c\u2019est de relier les deux rames avec un crochet de s\u00e9curit\u00e9\u00a0\u00bb,\u2009\u2009explique Jean-Daniel Schmitt. L\u2019engin a beau exhiber les signes distinctifs de la modernit\u00e9, le <strong>travail manuel reste n\u00e9cessaire<\/strong>.\u00a0<\/p>\n<p>    <img   decoding=\"async\" loading=\"lazy\" src=\"https:\/\/www.europesays.com\/fr\/wp-content\/uploads\/2025\/06\/img-20250624-015607-resized-20250624-022229775-960x640.jpg\" alt=\"L'accouplement des trains se produit gr\u00e2ce \u00e0 l'intervention d'agents. \" width=\"960\" height=\"640\"\/><br \/>\n    L\u2019accouplement des trains se produit gr\u00e2ce \u00e0 l\u2019intervention d\u2019agents. (\u00a9AG\/ actu Paris)<\/p>\n<p class=\" wall-content\">Des agents sont attel\u00e9s \u00e0 cette man\u0153uvre qui va durer quelques minutes. Cet exercice pr\u00e9pare \u00e9galement le MF19 aux modulations en fonction de la longueur du quai.<\/p>\n<blockquote class=\"ac-article-quote wall-content\">\n<p>\u00ab\u00a0Nous aurons des trains de 4 ou 5 voitures, avec 3 longueurs diff\u00e9rentes, \u00e0 savoir 60 m\u00e8tres, 76 m\u00e8tres et 77,5 m\u00e8tres\u00a0\u00bb<\/p>\n<p>    <strong>Jean-Daniel Schmitt<\/strong><br \/>\n        Chef de projet MF19 \u00e0 la RATP    <\/p><\/blockquote>\n<p>Contretemps et r\u00e9glages<\/p>\n<p class=\" wall-content\">Les essais refl\u00e8tent \u00e9galement la dynamique d\u2019une \u00ab\u00a0<strong>machine de guerre<\/strong>\u00a0\u00bb en rodage. Si la plupart des essais se sont bien d\u00e9roul\u00e9s, il arrive qu\u2019un contretemps n\u00e9cessite l\u2019intervention des agents de manutention. Illustration au milieu de la nuit, vers 3h30. Un bruit sourd surgit devant la rame de secours. \u00ab\u00a0L\u2019espace entre les deux rames est <strong>trop distendu<\/strong>, \u00e7a coince\u00a0\u00bb, d\u00e9noue un employ\u00e9 d\u2019Alstom, positionn\u00e9 derri\u00e8re la cabine du conducteur. Il faudra plusieurs coups de marteau pour r\u00e9parer la motrice \u00ab\u00a0inactive\u00a0\u00bb (MI).\u00a0<\/p>\n<p class=\" wall-content\">Le jargon du ferroviaire est peupl\u00e9 d\u2019acronymes sibyllins. Pour s\u2019en convaincre, il semble imp\u00e9rieux d\u2019\u00e9couter les propos d\u2019Augustin Huerre. Au talkie-walkie, le chef d\u2019orchestre informe les agents de sa volont\u00e9 de simuler un \u00ab\u00a0FU\u00a0\u00bb pour <strong>freinage d\u2019urgence<\/strong>. Un test loin d\u2019\u00eatre superflu. Car plusieurs des lignes parisiennes parcourent du <strong>relief<\/strong>, \u00e0 l\u2019image de la ligne 10.\u00a0<\/p>\n<p>    <img   decoding=\"async\" loading=\"lazy\" src=\"https:\/\/www.europesays.com\/fr\/wp-content\/uploads\/2025\/06\/img-20250624-024444-resized-20250624-021725888-960x640.jpg\" alt=\"Le responsable des essais Augustin Huerre distille ses ordres dans la rame. \" width=\"960\" height=\"640\"\/><br \/>\n    Le responsable des essais de la RATP Augustin Huerre distille ses ordres dans la rame. (\u00a9AG\/ actu Paris)<\/p>\n<p class=\" wall-content\">Les conducteurs doivent donc s\u2019exercer \u00e0 activer un bouton avec une vitesse maximale de 20 km h. Ce chiffre est loin des pointes atteintes par les MF19, capables de <strong>rouler jusqu\u2019\u00e0 80 km h<\/strong>. \u00ab\u00a0C\u2019est une vitesse de pointe qui d\u00e9passe les standards. Mais cela fait partie du cahier des charges pour tester les limites de l\u2019engin\u00a0\u00bb, affirme Jean-Daniel Schmitt. Verdict : \u2009le freins apparaissent en tr\u00e8s bon \u00e9tat, eu \u00e9gard au mouvement de recul effectu\u00e9 \u00e0 l\u2019int\u00e9rieur du train.\u00a0<\/p>\n<p>Les anciennes et nouvelles rames cohabiteront jusqu\u2019en\u20192027\u00a0<\/p>\n<p class=\" wall-content\">Apr\u00e8s plusieurs r\u00e9p\u00e9titions sur une partie de la ligne 10, la petite troupe invite \u00e0 descendre du quai \u00e0 la porte d\u2019Auteuil vers 4h15. La station est plong\u00e9e dans un calme apaisant. Dans une heure, les vieux m\u00e9tros fer conception 1967 (<strong>MF67<\/strong>) resurgiront. \u00ab\u00a0Nous avons fix\u00e9 l\u2019\u00e9ch\u00e9ance mi-2027 pour le d\u00e9part des anciennes rames et l\u2019arriv\u00e9e des nouvelles. C\u2019est la vie de mixit\u00e9\u00a0\u00bb, \u2009indique le directeur de la ligne 10 Boris Huard. \u00ab\u00a0Si vous avez un jardin pour les stocker\u00a0\u00bb, sourit Jean-Daniel Schmitt.\u00a0<\/p>\n<p class=\" wall-content\">En attendant, les MF19 poursuivent leur protocole. Un <strong>troisi\u00e8me<\/strong> prototype sera d\u00e9ploy\u00e9 d\u00e9but juillet, avant un d\u00e9p\u00f4t de dossier de s\u00e9curit\u00e9 \u00e0 la rentr\u00e9e, en septembre. Pour \u00eatre commercialis\u00e9es, les rames doivent obtenir l\u2019aval de l\u2019\u00c9tat. La ligne 10 servira de \u00ab\u00a0crash test\u00a0\u00bb aux autres lignes (3, 3bis, 7, 7bis, 8, 10, 12 et 13), qui recevront les <strong>410 rames<\/strong> produites par Alstom d\u2019ic\u2019 \u00e0 2033.\u00a0<\/p>\n<p class=\" wall-content\">Suivez toute l\u2019actualit\u00e9 de vos villes et m\u00e9dias favoris en vous inscrivant \u00e0 <a href=\"https:\/\/moncompte.actu.fr\" title=\"D\u00e9couvez Mon Actu\" rel=\"nofollow noopener\" data-trk=\"{&quot;cta&quot;:{&quot;action&quot;:&quot;https:\\\/\\\/moncompte.actu.fr&quot;,&quot;category&quot;:&quot;mon compte&quot;,&quot;from&quot;:&quot;article footer&quot;,&quot;name&quot;:&quot;Mon actu&quot;,&quot;type&quot;:&quot;cta&quot;}}\" target=\"_blank\">Mon Actu<\/a>.<\/p>\n<p>                    <script async src=\"\/\/www.tiktok.com\/embed.js\"><\/script><\/p>\n","protected":false},"excerpt":{"rendered":"Par Antoine Grotteria Publi\u00e9 le 28 juin 2025 \u00e0 7h12 \u00ab\u2009Les deux conducteurs fonctionnent manip \u00e0 fond sans&hellip;\n","protected":false},"author":2,"featured_media":210154,"comment_status":"","ping_status":"","sticky":false,"template":"","format":"standard","meta":{"footnotes":""},"categories":[1888],"tags":[11,1777,674,1011,27,4047,12,626,625,25,104,2803],"class_list":{"0":"post-210153","1":"post","2":"type-post","3":"status-publish","4":"format-standard","5":"has-post-thumbnail","7":"category-paris","8":"tag-actualites","9":"tag-eu","10":"tag-europe","11":"tag-fr","12":"tag-france","13":"tag-metro","14":"tag-news","15":"tag-paris","16":"tag-ratp","17":"tag-republique-francaise","18":"tag-societe","19":"tag-transport"},"share_on_mastodon":{"url":"https:\/\/pubeurope.com\/@fr\/114759335055460523","error":""},"_links":{"self":[{"href":"https:\/\/www.europesays.com\/fr\/wp-json\/wp\/v2\/posts\/210153","targetHints":{"allow":["GET"]}}],"collection":[{"href":"https:\/\/www.europesays.com\/fr\/wp-json\/wp\/v2\/posts"}],"about":[{"href":"https:\/\/www.europesays.com\/fr\/wp-json\/wp\/v2\/types\/post"}],"author":[{"embeddable":true,"href":"https:\/\/www.europesays.com\/fr\/wp-json\/wp\/v2\/users\/2"}],"replies":[{"embeddable":true,"href":"https:\/\/www.europesays.com\/fr\/wp-json\/wp\/v2\/comments?post=210153"}],"version-history":[{"count":0,"href":"https:\/\/www.europesays.com\/fr\/wp-json\/wp\/v2\/posts\/210153\/revisions"}],"wp:featuredmedia":[{"embeddable":true,"href":"https:\/\/www.europesays.com\/fr\/wp-json\/wp\/v2\/media\/210154"}],"wp:attachment":[{"href":"https:\/\/www.europesays.com\/fr\/wp-json\/wp\/v2\/media?parent=210153"}],"wp:term":[{"taxonomy":"category","embeddable":true,"href":"https:\/\/www.europesays.com\/fr\/wp-json\/wp\/v2\/categories?post=210153"},{"taxonomy":"post_tag","embeddable":true,"href":"https:\/\/www.europesays.com\/fr\/wp-json\/wp\/v2\/tags?post=210153"}],"curies":[{"name":"wp","href":"https:\/\/api.w.org\/{rel}","templated":true}]}}