{"id":210155,"date":"2025-06-28T05:27:14","date_gmt":"2025-06-28T05:27:14","guid":{"rendered":"https:\/\/www.europesays.com\/fr\/210155\/"},"modified":"2025-06-28T05:27:14","modified_gmt":"2025-06-28T05:27:14","slug":"marche-des-fiertes-a-paris-les-restrictions-de-circulation-dans-la-capitale-ce-weekend","status":"publish","type":"post","link":"https:\/\/www.europesays.com\/fr\/210155\/","title":{"rendered":"Marche des Fiert\u00e9s \u00e0 Paris\u00a0: les restrictions de circulation dans la capitale ce weekend"},"content":{"rendered":"<p class=\"paragraph text_align_left lp-f-body-02\">Paris se met aux couleurs de l\u2019arc-en-ciel ce week-end et les automobilistes feraient mieux d\u2019\u00e9viter le centre de la capitale. En effet, samedi 28 juin \u00e0 partir de 13h30, la <a href=\"https:\/\/www.leparisien.fr\/paris-75\/a-paris-une-semaine-pour-la-visibilite-lgbtqia-a-quoi-va-ressembler-le-festival-des-fiertes-sur-7-jours-20-06-2025-GLMV4UXMOJBPFE7AZLBJ525VSU.php\" target=\"_blank\" rel=\"noreferrer nofollow noopener\">Marche des Fiert\u00e9s<\/a> va transformer la capitale, et comme chaque ann\u00e9e, des restrictions de circulation sont \u00e0 pr\u00e9voir. Un arr\u00eat\u00e9 pr\u00e9fectoral, publi\u00e9 ce jeudi 26 juin, d\u00e9taille les zones concern\u00e9es et les horaires \u00e0 respecter pour \u00e9viter les mauvaises surprises.<\/p>\n<p class=\"paragraph text_align_left lp-f-body-02\">L\u2019arr\u00eat\u00e9 pr\u00e9voit des modifications de circulation dans plusieurs voies de Paris Centre, du XIe et du XIIe arrondissement pour \u00ab assurer le bon d\u00e9roulement de cet \u00e9v\u00e9nement ainsi que la s\u00e9curit\u00e9 du public et des participants \u00bb. La <a href=\"https:\/\/www.leparisien.fr\/paris-75\/marche-des-fiertes-paris-centre-devoile-une-carte-pour-deambuler-sur-les-traces-des-memoires-lgbtqia-27-06-2025-MXIVDOEKNVHENAAJ3T3H2QOHJE.php\" target=\"_blank\" rel=\"noreferrer nofollow noopener\">Marche des Fiert\u00e9s<\/a> se tiendra entre le m\u00e9tro Palais-Royal &#8211; Mus\u00e9e du Louvre (Ier arrondissement) et la Place de la Nation (\u00e0 la limite entre les XIe et XIIe arrondissements).<\/p>\n<p>Les principales restrictions<\/p>\n<ul class=\"margin_bottom_md fs_18_26 fs_20_28_ad blue-dot\">\n<li class=\"mb_150 pl_325\">Samedi 28\u00a0juin\u00a0: La circulation de tout type de v\u00e9hicule est interdite de 08h00 \u00e0 15h00 \u00e0 Paris Centre dans un p\u00e9rim\u00e8tre d\u00e9limit\u00e9 par les voies suivantes\u00a0: rue du Vingt-neuf Juillet, rue Saint-Honor\u00e9, rue du Louvre, rue de l\u2019Amiral de Coligny, quai Fran\u00e7ois Mitterrand.<\/li>\n<li class=\"mb_150 pl_325\">De 13h30 \u00e0 17h30, les restrictions s\u2019\u00e9tendent \u00e0 d\u2019autres axes, dont la rue Saint-Honor\u00e9, la rue des Halles, le boulevard de S\u00e9bastopol et plusieurs portions de la rue de Rivoli.<\/li>\n<li class=\"mb_150 pl_325\">De 15h30 \u00e0 22h30, de nouvelles restrictions impacteront le boulevard Beaumarchais, la rue du Pasteur Wagner, le boulevard Richard Lenoir (c\u00f4t\u00e9 pair), la place de la Bastille et la rue de Charenton.<\/li>\n<li class=\"mb_150 pl_325\">Dimanche 29\u00a0juin\u00a0: La circulation sera interdite avenue du Tr\u00f4ne (Paris\u00a0XIIe) de 00h01 \u00e0 09h00.<\/li>\n<\/ul>\n<p class=\"paragraph text_align_left lp-f-body-02\">Il est important de noter que ces dispositions ne s\u2019appliquent pas aux v\u00e9hicules de secours ni, \u00e9videmment, aux v\u00e9hicules constituant le cort\u00e8ge de la Marche des Fiert\u00e9s. La pr\u00e9fecture de Police pr\u00e9cise \u00e9galement que les infractions \u00e0 cet arr\u00eat\u00e9 pourront entra\u00eener l\u2019immobilisation et la mise en fourri\u00e8re des v\u00e9hicules.<\/p>\n","protected":false},"excerpt":{"rendered":"Paris se met aux couleurs de l\u2019arc-en-ciel ce week-end et les automobilistes feraient mieux d\u2019\u00e9viter le centre de&hellip;\n","protected":false},"author":2,"featured_media":210156,"comment_status":"","ping_status":"","sticky":false,"template":"","format":"standard","meta":{"footnotes":""},"categories":[1888],"tags":[11,1777,674,1011,27,1944,12,626,25],"class_list":{"0":"post-210155","1":"post","2":"type-post","3":"status-publish","4":"format-standard","5":"has-post-thumbnail","7":"category-paris","8":"tag-actualites","9":"tag-eu","10":"tag-europe","11":"tag-fr","12":"tag-france","13":"tag-ma-ville","14":"tag-news","15":"tag-paris","16":"tag-republique-francaise"},"share_on_mastodon":{"url":"https:\/\/pubeurope.com\/@fr\/114759338796162561","error":""},"_links":{"self":[{"href":"https:\/\/www.europesays.com\/fr\/wp-json\/wp\/v2\/posts\/210155","targetHints":{"allow":["GET"]}}],"collection":[{"href":"https:\/\/www.europesays.com\/fr\/wp-json\/wp\/v2\/posts"}],"about":[{"href":"https:\/\/www.europesays.com\/fr\/wp-json\/wp\/v2\/types\/post"}],"author":[{"embeddable":true,"href":"https:\/\/www.europesays.com\/fr\/wp-json\/wp\/v2\/users\/2"}],"replies":[{"embeddable":true,"href":"https:\/\/www.europesays.com\/fr\/wp-json\/wp\/v2\/comments?post=210155"}],"version-history":[{"count":0,"href":"https:\/\/www.europesays.com\/fr\/wp-json\/wp\/v2\/posts\/210155\/revisions"}],"wp:featuredmedia":[{"embeddable":true,"href":"https:\/\/www.europesays.com\/fr\/wp-json\/wp\/v2\/media\/210156"}],"wp:attachment":[{"href":"https:\/\/www.europesays.com\/fr\/wp-json\/wp\/v2\/media?parent=210155"}],"wp:term":[{"taxonomy":"category","embeddable":true,"href":"https:\/\/www.europesays.com\/fr\/wp-json\/wp\/v2\/categories?post=210155"},{"taxonomy":"post_tag","embeddable":true,"href":"https:\/\/www.europesays.com\/fr\/wp-json\/wp\/v2\/tags?post=210155"}],"curies":[{"name":"wp","href":"https:\/\/api.w.org\/{rel}","templated":true}]}}