{"id":21016,"date":"2025-04-13T01:08:24","date_gmt":"2025-04-13T01:08:24","guid":{"rendered":"https:\/\/www.europesays.com\/fr\/21016\/"},"modified":"2025-04-13T01:08:24","modified_gmt":"2025-04-13T01:08:24","slug":"lyon-kfc-et-starbucks-ouvrent-devant-la-gare-part-dieu-la-mairie-ecologiste-impuissante","status":"publish","type":"post","link":"https:\/\/www.europesays.com\/fr\/21016\/","title":{"rendered":"Lyon. KFC et Starbucks ouvrent devant la gare Part-Dieu : la mairie \u00e9cologiste impuissante"},"content":{"rendered":"<p>            Par<br \/>\n        <strong><br \/>\n            <a href=\"https:\/\/actu.fr\/auteur\/anthony-soudani\" title=\"Consulter tous les articles de Anthony Soudani\" rel=\"nofollow noopener\" target=\"_blank\">Anthony Soudani<\/a><br \/>\n        <\/strong><\/p>\n<p>        Publi\u00e9 le<\/p>\n<p>            11 avr. 2025 \u00e0 17h05<br \/>\n        ; mis \u00e0 jour le 11 avr. 2025 \u00e0 18h45    <\/p>\n<p>Si l\u2019ouverture de la partie basse de la place B\u00e9raudier <a href=\"https:\/\/actu.fr\/auvergne-rhone-alpes\/lyon_69123\/lyon-la-place-basse-de-la-gare-sncf-part-dieu-enfin-ouverte-tout-ce-qui-change_62499784.html\" rel=\"nofollow noopener\" target=\"_blank\">devant la gare SNCF de Part-Dieu<\/a> est un moment de r\u00e9jouissance pour les Lyonnais, les premiers commerces ne plaisent pas vraiment \u00e0 la mairie \u00e9cologiste. Interrog\u00e9e par actu Lyon sur l\u2019arriv\u00e9e prochaine de <a href=\"https:\/\/actu.fr\/provence-alpes-cote-d-azur\/cannes_06029\/mcdonald-s-starbucks-et-paul-debarquent-dans-cette-gare-sncf-pres-de-nice_62483068.html\" rel=\"nofollow noopener\" target=\"_blank\">Starbucks<\/a> et surtout de <a href=\"https:\/\/actu.fr\/auvergne-rhone-alpes\/lyon_69123\/lyon-kfc-ouvre-encore-un-restaurant-juste-apres-la-polemique-rue-de-la-republique_61853249.html\" rel=\"nofollow noopener\" target=\"_blank\">KFC<\/a>, l\u2019adjointe d\u00e9l\u00e9gu\u00e9e au Commerce Camille Augey r\u00e9agit.<\/p>\n<p>\u00ab\u00a0Ce n\u2019est pas quelque chose qui nous r\u00e9jouit\u00a0\u00bb<\/p>\n<p class=\" wall-content\">L\u2019\u00e9lue, qui a d\u00e9j\u00e0 fait part de sa d\u00e9sapprobation face au fleurissement de KFC partout en ville, ne cache pas sa d\u00e9ception ce vendredi 11 avril : \u00ab\u00a0Ce n\u2019est pas quelque chose qui nous r\u00e9jouit. La commercialisation de ces commerces-l\u00e0 est une op\u00e9ration priv\u00e9e (Vinci) sur laquelle <strong>la Ville a exprim\u00e9 un avis<\/strong>\u2026 On a pouss\u00e9 pour avoir des commerces plus locaux, avec une offre qu\u2019on ne trouve pas dans toutes les gares.\u00a0\u00bb<\/p>\n<p>      <img   decoding=\"async\" loading=\"lazy\" src=\"https:\/\/www.europesays.com\/fr\/wp-content\/uploads\/2025\/04\/camille-augey-lyon-part-dieu-960x640.jpg\" alt=\"Camille Augey, adjointe au Commerce \u00e0 la Ville de Lyon (au centre), ne se r\u00e9jouit pas de l'ouverture de KFC devant la gare.\" width=\"960\" height=\"640\"\/><br \/>\n    Camille Augey, adjointe au Commerce \u00e0 la Ville de Lyon (au centre), ne se r\u00e9jouit pas de l\u2019ouverture de KFC devant la gare. (\u00a9Anthony Soudani \/ actu Lyon)<\/p>\n<p class=\" wall-content\">Camille Augey promet que des enseignes locales vont ouvrir parmi les quatre cellules commerciales encore vides (sur les sept annonc\u00e9es) : \u00ab\u00a0Je les connais mais je ne suis pas s\u00fbr d\u2019avoir le droit de le dire, c\u2019est une surprise\u2026 Ce sera du commerce alimentaire adapt\u00e9 au trafic d\u2019une gare. Ce sera une offre plus qualitative et locale.\u00a0\u00bb<\/p>\n<p>La mairie \u00ab\u00a0n\u2019aurait pas fait les m\u00eames choix\u00a0\u00bb<\/p>\n<p class=\" wall-content\">L\u2019installation de Starbucks, d\u00e9j\u00e0 pr\u00e9sente au centre de la gare, fait-elle doublon ? \u00ab\u00a0On n\u2019aurait pas fait les m\u00eames choix de commercialisation si c\u2019\u00e9tait entre les mains de la Ville. Il y a un investisseur qui a visiblement pay\u00e9 cher pour \u00eatre l\u00e0. Maintenant, c\u2019est une offre qui trouvera son public puisqu\u2019ils arrivent \u00e0 payer de tels loyers.\u00a0\u00bb<\/p>\n<p>      <img   decoding=\"async\" loading=\"lazy\" src=\"https:\/\/www.europesays.com\/fr\/wp-content\/uploads\/2025\/04\/starbucks-lyon-part-dieu-1-960x640.jpg\" alt=\"Un Starbucks va ouvrir sur la place basse de la gare SNCF de Lyon Part-Dieu.\" width=\"960\" height=\"640\"\/><br \/>\n    Un Starbucks va ouvrir sur la place basse de la gare SNCF de Lyon Part-Dieu. (\u00a9Anthony Soudani \/ actu Lyon)<\/p>\n<p class=\" wall-content\">Sur la place basse, c\u2019est en effet Vinci qui a la main sur le choix des commerces. La mairie \u00e9cologiste n\u2019a donc pas son mot \u00e0 dire, m\u00eame si elle essaie de peser dans les discussions. Outre Starbucks et KFC, un magasin Monop\u2019daily va \u00e9galement ouvrir.<\/p>\n<p class=\" wall-content\">Suivez toute l\u2019actualit\u00e9 de vos villes et m\u00e9dias favoris en vous inscrivant \u00e0 <a href=\"https:\/\/moncompte.actu.fr\" title=\"D\u00e9couvez Mon Actu\" rel=\"nofollow noopener\" data-trk=\"{&quot;cta&quot;:{&quot;action&quot;:&quot;https:\\\/\\\/moncompte.actu.fr&quot;,&quot;category&quot;:&quot;mon compte&quot;,&quot;from&quot;:&quot;article footer&quot;,&quot;name&quot;:&quot;Mon actu&quot;,&quot;type&quot;:&quot;cta&quot;}}\" target=\"_blank\">Mon Actu<\/a>.<\/p>\n","protected":false},"excerpt":{"rendered":"Par Anthony Soudani Publi\u00e9 le 11 avr. 2025 \u00e0 17h05 ; mis \u00e0 jour le 11 avr. 2025&hellip;\n","protected":false},"author":2,"featured_media":21017,"comment_status":"","ping_status":"","sticky":false,"template":"","format":"standard","meta":{"footnotes":""},"categories":[1889],"tags":[1111,11,2430,215,33,1777,674,1011,27,2428,6178,12,25],"class_list":{"0":"post-21016","1":"post","2":"type-post","3":"status-publish","4":"format-standard","5":"has-post-thumbnail","7":"category-lyon","8":"tag-actu","9":"tag-actualites","10":"tag-auvergne-rhone-alpes","11":"tag-commerce","12":"tag-economie","13":"tag-eu","14":"tag-europe","15":"tag-fr","16":"tag-france","17":"tag-lyon","18":"tag-lyon-part-dieu","19":"tag-news","20":"tag-republique-francaise"},"share_on_mastodon":{"url":"https:\/\/pubeurope.com\/@fr\/114327984725130570","error":""},"_links":{"self":[{"href":"https:\/\/www.europesays.com\/fr\/wp-json\/wp\/v2\/posts\/21016","targetHints":{"allow":["GET"]}}],"collection":[{"href":"https:\/\/www.europesays.com\/fr\/wp-json\/wp\/v2\/posts"}],"about":[{"href":"https:\/\/www.europesays.com\/fr\/wp-json\/wp\/v2\/types\/post"}],"author":[{"embeddable":true,"href":"https:\/\/www.europesays.com\/fr\/wp-json\/wp\/v2\/users\/2"}],"replies":[{"embeddable":true,"href":"https:\/\/www.europesays.com\/fr\/wp-json\/wp\/v2\/comments?post=21016"}],"version-history":[{"count":0,"href":"https:\/\/www.europesays.com\/fr\/wp-json\/wp\/v2\/posts\/21016\/revisions"}],"wp:featuredmedia":[{"embeddable":true,"href":"https:\/\/www.europesays.com\/fr\/wp-json\/wp\/v2\/media\/21017"}],"wp:attachment":[{"href":"https:\/\/www.europesays.com\/fr\/wp-json\/wp\/v2\/media?parent=21016"}],"wp:term":[{"taxonomy":"category","embeddable":true,"href":"https:\/\/www.europesays.com\/fr\/wp-json\/wp\/v2\/categories?post=21016"},{"taxonomy":"post_tag","embeddable":true,"href":"https:\/\/www.europesays.com\/fr\/wp-json\/wp\/v2\/tags?post=21016"}],"curies":[{"name":"wp","href":"https:\/\/api.w.org\/{rel}","templated":true}]}}