{"id":210164,"date":"2025-06-28T05:32:13","date_gmt":"2025-06-28T05:32:13","guid":{"rendered":"https:\/\/www.europesays.com\/fr\/210164\/"},"modified":"2025-06-28T05:32:13","modified_gmt":"2025-06-28T05:32:13","slug":"reponse-a-vos-questions-sur-la-tentation-dinterdire-lafd-et-ses-soutiens-en-allemagne","status":"publish","type":"post","link":"https:\/\/www.europesays.com\/fr\/210164\/","title":{"rendered":"R\u00e9ponse \u00e0 vos questions sur la tentation d&rsquo;interdire l&rsquo;AfD et ses soutiens en Allemagne"},"content":{"rendered":"<p class=\"PopSlotParagraph qg-tx2 qg-xtra-lh svelte-1r0pyek\">C&rsquo;est un d\u00e9bat qui anime le pays depuis des mois, entre l&rsquo;imp\u00e9ratif de lutter contre la x\u00e9nophobie, l&rsquo;antis\u00e9mitisme et le complotisme et devoir de respecter la libert\u00e9 d&rsquo;opinion et d&rsquo;expression. On l&rsquo;a une nouvelle fois constat\u00e9 avec deux \u00e9v\u00e8nements cette semaine qui ont concern\u00e9 directement Alternative f\u00fcr Deutschland, ainsi qu&rsquo;un magazine, Compact, qui soutient le parti. Mardi, la justice a lev\u00e9 au nom de la libert\u00e9 d\u2019expression et de la libert\u00e9 de la presse l\u2019interdiction (qui avait \u00e9t\u00e9 adopt\u00e9e en juillet 2024 par l\u2019ex gouvernement Scholz) de la publication du magazine Compact, accus\u00e9 de v\u00e9hiculer des id\u00e9es raciste, complotiste, ou encore pro-russe. \u00ab\u00a0Si on ne peut pas interdire Compact, alors on ne peut pas interdire l&rsquo;AfD, accus\u00e9 des memes torts\u00a0\u00bb, a r\u00e9agi le direction du journal. Et le m\u00eame jour, le land de Bavi\u00e8re a d\u00e9cid\u00e9 d\u2019inscrire l&rsquo;AfD dans une liste d&rsquo; \u00ab\u00a0organisations extr\u00e9mistes\u00a0\u00bb, parmi lesquelles figurent des partis nazis, anarchistes, et des organisations terroristes islamiques. Martin Baloge est politiste, enseignant-chercheur en science politique \u00e0 l&rsquo;universit\u00e9 catholique de Lille, auteur de La politique en Allemagne, paru en 2024 aux \u00e9ditions La D\u00e9couverte.<\/p>\n<p> Une question\u00a0? Une remarque\u00a0? \u00c9crivez-nous\u00a0!<\/p>\n<p class=\"PopSlotParagraph qg-tx2 qg-xtra-lh svelte-1r0pyek\">Si vous souhaitez un approfondissement sur un sujet \u00e9voqu\u00e9 \u00e0 l&rsquo;antenne ou si vous voyez passer un th\u00e8me que nous n&rsquo;avons pas abord\u00e9,\u00a0<strong>\u00e9crivez-nous \u00e0 l&rsquo;adresse\u00a0:<\/strong><\/p>\n<p class=\"PopSlotParagraph qg-tx2 qg-xtra-lh svelte-1r0pyek\"><strong>fcrdpi@radiofrance.com<\/strong><\/p>\n<p class=\"PopSlotParagraph qg-tx2 qg-xtra-lh svelte-1r0pyek\">Un.e sp\u00e9cialiste vous r\u00e9pondra dans la Revue de presse interactive du samedi.<\/p>\n<p class=\"PopSlotParagraph qg-tx2 qg-xtra-lh svelte-1r0pyek\"><a href=\"https:\/\/www.whatsapp.com\/channel\/0029VanU8rV5vKA1OjuADe3i\" target=\"_blank\" rel=\"noopener noreferrer nofollow\" class=\"\" data-testid=\"link\">Rendez-vous \u00e9galement sur notre cha\u00eene WhatsApp en suivant ce lien<\/a>\u00a0!<\/p>\n","protected":false},"excerpt":{"rendered":"C&rsquo;est un d\u00e9bat qui anime le pays depuis des mois, entre l&rsquo;imp\u00e9ratif de lutter contre la x\u00e9nophobie, l&rsquo;antis\u00e9mitisme&hellip;\n","protected":false},"author":2,"featured_media":210165,"comment_status":"","ping_status":"","sticky":false,"template":"","format":"standard","meta":{"footnotes":""},"categories":[1587],"tags":[11,672,1804,1805,1803,1777,674,1801,12,1802],"class_list":{"0":"post-210164","1":"post","2":"type-post","3":"status-publish","4":"format-standard","5":"has-post-thumbnail","7":"category-allemagne","8":"tag-actualites","9":"tag-allemagne","10":"tag-bundesrepublik-deutschland","11":"tag-de","12":"tag-deutschland","13":"tag-eu","14":"tag-europe","15":"tag-germany","16":"tag-news","17":"tag-republique-federale-dallemagne"},"share_on_mastodon":{"url":"https:\/\/pubeurope.com\/@fr\/114759359311687067","error":""},"_links":{"self":[{"href":"https:\/\/www.europesays.com\/fr\/wp-json\/wp\/v2\/posts\/210164","targetHints":{"allow":["GET"]}}],"collection":[{"href":"https:\/\/www.europesays.com\/fr\/wp-json\/wp\/v2\/posts"}],"about":[{"href":"https:\/\/www.europesays.com\/fr\/wp-json\/wp\/v2\/types\/post"}],"author":[{"embeddable":true,"href":"https:\/\/www.europesays.com\/fr\/wp-json\/wp\/v2\/users\/2"}],"replies":[{"embeddable":true,"href":"https:\/\/www.europesays.com\/fr\/wp-json\/wp\/v2\/comments?post=210164"}],"version-history":[{"count":0,"href":"https:\/\/www.europesays.com\/fr\/wp-json\/wp\/v2\/posts\/210164\/revisions"}],"wp:featuredmedia":[{"embeddable":true,"href":"https:\/\/www.europesays.com\/fr\/wp-json\/wp\/v2\/media\/210165"}],"wp:attachment":[{"href":"https:\/\/www.europesays.com\/fr\/wp-json\/wp\/v2\/media?parent=210164"}],"wp:term":[{"taxonomy":"category","embeddable":true,"href":"https:\/\/www.europesays.com\/fr\/wp-json\/wp\/v2\/categories?post=210164"},{"taxonomy":"post_tag","embeddable":true,"href":"https:\/\/www.europesays.com\/fr\/wp-json\/wp\/v2\/tags?post=210164"}],"curies":[{"name":"wp","href":"https:\/\/api.w.org\/{rel}","templated":true}]}}