{"id":210168,"date":"2025-06-28T05:34:09","date_gmt":"2025-06-28T05:34:09","guid":{"rendered":"https:\/\/www.europesays.com\/fr\/210168\/"},"modified":"2025-06-28T05:34:09","modified_gmt":"2025-06-28T05:34:09","slug":"ursula-von-der-leyen-propose-une-alternative-a-lomc","status":"publish","type":"post","link":"https:\/\/www.europesays.com\/fr\/210168\/","title":{"rendered":"Ursula von der Leyen propose une alternative \u00e0 l&rsquo;OMC"},"content":{"rendered":"<p>Lors du sommet de l&rsquo;UE qui s&rsquo;est tenu jeudi \u00e0 Bruxelles, les dirigeants europ\u00e9ens ont discut\u00e9 d&rsquo;une possibilit\u00e9 de r\u00e9viser le cadre institutionnel de l&rsquo;Organisation mondiale du commerce (OMC), y compris ses politiques de r\u00e8glement de diff\u00e9rend qui sont au point mort, afin de mieux refl\u00e9ter le paysage commercial mondial actuel.<\/p>\n<p>\u00ab\u00a0L&rsquo;OMC ne fonctionne plus depuis des ann\u00e9es\u00a0\u00bb, a d\u00e9clar\u00e9 le chancelier allemand Friedrich Merz lors d&rsquo;une conf\u00e9rence de presse \u00e0 l&rsquo;issue du sommet, faisant r\u00e9f\u00e9rence aux dysfonctionnements persistants sous les administrations de Donald Trump et de Joe Biden.<\/p>\n<p>La pr\u00e9sidente de la Commission, Ursula von der Leyen, a pr\u00e9sent\u00e9 aux dirigeants, diff\u00e9rentes options d&rsquo;accords commerciaux, qualifiant de plus attrayante une coop\u00e9ration plus \u00e9troite entre l&rsquo;UE et les membres du Partenariat transpacifique global et progressiste (PTPGP), un pacte commercial r\u00e9gional regroupant 11 pays bordant le Pacifique et le Royaume-Uni.<\/p>\n<p>Elle a pr\u00e9sent\u00e9 cette initiative comme une premi\u00e8re \u00e9tape potentielle vers une r\u00e9organisation de l&rsquo;ordre commercial mondial.<\/p>\n<p>\u00ab\u00a0J&rsquo;ai dit que nous pouvions consid\u00e9rer cela comme le d\u00e9but d&rsquo;une r\u00e9organisation de l&rsquo;OMC, bien s\u00fbr, en comprenant ce qui devrait \u00eatre r\u00e9form\u00e9 positivement en son sein\u00a0\u00bb, a d\u00e9clar\u00e9 Ursula von der Leyen aux journalistes apr\u00e8s le sommet.<\/p>\n<p>Elle a soulign\u00e9 l&rsquo;importance de tirer les le\u00e7ons des lacunes de l&rsquo;OMC et de montrer au monde que le \u00ab\u00a0libre-\u00e9change fond\u00e9 sur des r\u00e8gles\u00a0\u00bb reste r\u00e9alisable avec un large groupe de partenaires volontaires.<\/p>\n<p>\u00ab\u00a0C&rsquo;est un projet dans lequel nous devrions vraiment nous engager. Le PTPGP et l&rsquo;Union europ\u00e9enne, son dans mon \u00e9quipe\u00a0\u00bb, a-t-elle d\u00e9clar\u00e9, ajoutant que l&rsquo;UE devait prendre la t\u00eate de la gestion de cette initiative.<\/p>\n<p>Interrog\u00e9e sur la participation des \u00c9tats-Unis, Ursula von der Leyen a r\u00e9pondu : \u00ab\u00a0D&rsquo;apr\u00e8s ce que j&rsquo;ai compris, les Am\u00e9ricains ont quitt\u00e9 le CPTPP il y a un moment\u00a0\u00bb.<\/p>\n<p>Ce n&rsquo;est pas la premi\u00e8re tentative envisag\u00e9e pour sortir de l&rsquo;impasse que rencontre l&rsquo;OMC. \u00c0 titre de mesure palliative, 57 membres de l&rsquo;OMC, dont le Royaume-Uni, le Paraguay et la Malaisie, ont adh\u00e9r\u00e9 au Multi-Party Interim Appeal Arbitration Arrangement (MPIA), un m\u00e9canisme qui reproduit les fonctions de l&rsquo;Appellate Body de l&rsquo;OMC pour les membres participants.<\/p>\n<p>Toutefois, le MPIA ne couvre que 57,6 % du commerce mondial et ne r\u00e9sout pas la crise institutionnelle qui est plus large.<\/p>\n<p>L&rsquo;OMC est effectivement paralys\u00e9e depuis d\u00e9cembre 2019, lorsque les \u00c9tats-Unis ont commenc\u00e9 \u00e0 bloquer les affections \u00e0 l&rsquo;Appellatte Body, rendant le syst\u00e8me de r\u00e8glement de diff\u00e9rends \u00e0 deux niveaux non-fonctionnel.<\/p>\n<p>D&rsquo;importantes n\u00e9gociations commerciales, telles que celles portant sur l&rsquo;\u00e9limination des subventions n\u00e9fastes \u00e0 la p\u00eache et la r\u00e9forme des r\u00e8gles agricoles, restent bloqu\u00e9es en raison des positions bien ancr\u00e9es des membres cl\u00e9s, notamment les \u00c9tats-Unis, la Chine, le Japon et l&rsquo;UE elle-m\u00eame.<\/p>\n<p>En l&rsquo;absence de tout signe de r\u00e9solution, l&rsquo;OMC est de plus en plus remise en question.<\/p>\n","protected":false},"excerpt":{"rendered":"Lors du sommet de l&rsquo;UE qui s&rsquo;est tenu jeudi \u00e0 Bruxelles, les dirigeants europ\u00e9ens ont discut\u00e9 d&rsquo;une possibilit\u00e9&hellip;\n","protected":false},"author":2,"featured_media":210169,"comment_status":"","ping_status":"","sticky":false,"template":"","format":"standard","meta":{"footnotes":""},"categories":[1586],"tags":[11,1153,75,73,1777,674,1779,1011,27,34931,12,25,1778,364,2544],"class_list":{"0":"post-210168","1":"post","2":"type-post","3":"status-publish","4":"format-standard","5":"has-post-thumbnail","7":"category-europe","8":"tag-actualites","9":"tag-conference-de-presse","10":"tag-donald-trump","11":"tag-etats-unis","12":"tag-eu","13":"tag-europe","14":"tag-european-union","15":"tag-fr","16":"tag-france","17":"tag-lorganisation-mondiale-du-commerce","18":"tag-news","19":"tag-republique-francaise","20":"tag-ue","21":"tag-union-europeenne","22":"tag-ursula-von-der-leyen"},"share_on_mastodon":{"url":"","error":""},"_links":{"self":[{"href":"https:\/\/www.europesays.com\/fr\/wp-json\/wp\/v2\/posts\/210168","targetHints":{"allow":["GET"]}}],"collection":[{"href":"https:\/\/www.europesays.com\/fr\/wp-json\/wp\/v2\/posts"}],"about":[{"href":"https:\/\/www.europesays.com\/fr\/wp-json\/wp\/v2\/types\/post"}],"author":[{"embeddable":true,"href":"https:\/\/www.europesays.com\/fr\/wp-json\/wp\/v2\/users\/2"}],"replies":[{"embeddable":true,"href":"https:\/\/www.europesays.com\/fr\/wp-json\/wp\/v2\/comments?post=210168"}],"version-history":[{"count":0,"href":"https:\/\/www.europesays.com\/fr\/wp-json\/wp\/v2\/posts\/210168\/revisions"}],"wp:featuredmedia":[{"embeddable":true,"href":"https:\/\/www.europesays.com\/fr\/wp-json\/wp\/v2\/media\/210169"}],"wp:attachment":[{"href":"https:\/\/www.europesays.com\/fr\/wp-json\/wp\/v2\/media?parent=210168"}],"wp:term":[{"taxonomy":"category","embeddable":true,"href":"https:\/\/www.europesays.com\/fr\/wp-json\/wp\/v2\/categories?post=210168"},{"taxonomy":"post_tag","embeddable":true,"href":"https:\/\/www.europesays.com\/fr\/wp-json\/wp\/v2\/tags?post=210168"}],"curies":[{"name":"wp","href":"https:\/\/api.w.org\/{rel}","templated":true}]}}