{"id":210172,"date":"2025-06-28T05:36:16","date_gmt":"2025-06-28T05:36:16","guid":{"rendered":"https:\/\/www.europesays.com\/fr\/210172\/"},"modified":"2025-06-28T05:36:16","modified_gmt":"2025-06-28T05:36:16","slug":"depart-anticipe-revalorisation-des-pensions-les-propositions-du-conclave-pour-ameliorer-la-retraite-des-femmes","status":"publish","type":"post","link":"https:\/\/www.europesays.com\/fr\/210172\/","title":{"rendered":"D\u00e9part anticip\u00e9, revalorisation des pensions&#8230; Les propositions du conclave pour am\u00e9liorer la retraite des femmes"},"content":{"rendered":"<p><strong>D\u00c9CRYPTAGE &#8211;<\/strong> Parmi les mesures avanc\u00e9es par les partenaires sociaux pour am\u00e9liorer notre syst\u00e8me de retraite, plusieurs concernent les m\u00e8res de famille.<\/p>\n<p class=\"fig-paragraph\">Dans\u00a0<a href=\"http:\/\/www.lefigaro.fr\/social\/conclave-sur-les-retraites-la-cfdt-annonce-l-echec-de-la-concertation-20250623\" data-fig-type=\"NewsFlash\" data-gtm-custom-categorie=\"navigation\" data-gtm-custom-action=\"crossclick\" data-gtm-custom-label=\"Contextuel\" data-gtm-event=\"customEventSPE\" data-fig-domain=\"LEFIGARO\" target=\"_blank\" rel=\"noopener\">le bilan du conclave<\/a>, il y a la colonne des points \u00e0 trancher &#8211; le financement global du syst\u00e8me et la prise en compte de la p\u00e9nibilit\u00e9 &#8211; et la colonne des dossiers qui font l\u2019objet d\u2019un quasi-accord. Dans la seconde, le premier ministre a salu\u00e9 jeudi 26 juin la \u00abmeilleure prise en compte des trimestres li\u00e9s \u00e0 maternit\u00e9\u00bb. Les quatre mois de discussions entre partenaires sociaux ont r\u00e9ussi \u00e0 faire \u00e9merger plusieurs mesures pour am\u00e9liorer les retraites des m\u00e8res de famille, l\u2019un des points noirs de la r\u00e9forme Borne.<\/p>\n<p class=\"fig-paragraph\">D\u00e8s 2023, des \u00e9lus de tous bords avaient d\u00e9j\u00e0 soulev\u00e9 le sujet. \u00abC\u2019est une r\u00e9forme qui, du d\u00e9but \u00e0 la fin, est contre le droit des femmes\u00bb, avait par exemple l\u00e2ch\u00e9 Mathilde Panot, la pr\u00e9sidente du groupe LFI \u00e0 l\u2019Assembl\u00e9e nationale. M\u00eame chez\u2026<\/p>\n<p class=\"fig-premium-paywall__infos\">\n        Cet article est r\u00e9serv\u00e9 aux abonn\u00e9s.        Il vous reste 83% \u00e0 d\u00e9couvrir.\n    <\/p>\n<p>                <img  data- alt=\"Le Figaro\" class=\"fig-img--complete fig-img\"\/><\/p>\n<p class=\"fig-premium-paywall__title\">Vente Flash : derniers jours<\/p>\n<p class=\"fig-premium-paywall__subtitle\">3,99\u20ac par mois pendant 12 mois. Sans engagement.<\/p>\n<p class=\"fig-premium-paywall__connect\">\n                D\u00e9j\u00e0 abonn\u00e9\u00a0?                <a class=\"fig-premium-paywall__connect-link\" href=\"https:\/\/connect.lefigaro.fr\/login?client=horizon_web&amp;type=main&amp;redirect_uri=https%3A%2F%2Fwww.lefigaro.fr%2Fsocial%2Fdepart-anticipe-revalorisation-des-pensions-les-propositions-du-conclave-pour-ameliorer-la-retraite-des-femmes-20250627\" data-js-gtm=\"{&quot;customCategorie&quot;: &quot;conversion&quot;, &quot;customAction&quot;: &quot;before_Landing_Connexion_paywall_manuel&quot;, &quot;customLabel&quot;: &quot;bGVmaWdhcm8uZnJfXzFmMDUzNDczLWUwZTktNjFjYy05N2M3LWY3ZDJhNWIxZjRlYV9fTmV3c0ZsYXNo_D\u00e9part anticip\u00e9, revalorisation des pensions... Les propositions du conclave pour am\u00e9liorer la retraite des femmes_241&quot;, &quot;customIDSPE&quot;: &quot;bGVmaWdhcm8uZnJfXzFmMDUzNDczLWUwZTktNjFjYy05N2M3LWY3ZDJhNWIxZjRlYV9fTmV3c0ZsYXNo&quot;, &quot;event&quot;: &quot;customEventSPE&quot;}\" target=\"_blank\" rel=\"noopener\"><br \/>\n                    Connectez-vous<br \/>\n                <\/a>\n            <\/p>\n","protected":false},"excerpt":{"rendered":"D\u00c9CRYPTAGE &#8211; Parmi les mesures avanc\u00e9es par les partenaires sociaux pour am\u00e9liorer notre syst\u00e8me de retraite, plusieurs concernent&hellip;\n","protected":false},"author":2,"featured_media":210173,"comment_status":"","ping_status":"","sticky":false,"template":"","format":"standard","meta":{"footnotes":""},"categories":[2],"tags":[11,8334,343,8327,8324,34932,8328,257,590,8333,1011,27,8329,12,8325,8331,8332,8323,25,8322,137,1019,801,8330,8326],"class_list":{"0":"post-210172","1":"post","2":"type-post","3":"status-publish","4":"format-standard","5":"has-post-thumbnail","7":"category-actualites","8":"tag-actualites","9":"tag-actualites-sociales","10":"tag-cac-40","11":"tag-comoite-dentreprise","12":"tag-conjoncture","13":"tag-egalite-femmes-hommes","14":"tag-elections-syndicales","15":"tag-entreprise","16":"tag-finance","17":"tag-fiscalite-des-entreprises","18":"tag-fr","19":"tag-france","20":"tag-gestion-entreprise","21":"tag-news","22":"tag-oeuvres-sociales","23":"tag-pme","24":"tag-pmi","25":"tag-primes","26":"tag-republique-francaise","27":"tag-ressources-humaines","28":"tag-retraite","29":"tag-rh","30":"tag-social","31":"tag-tpe","32":"tag-trseorerie"},"share_on_mastodon":{"url":"https:\/\/pubeurope.com\/@fr\/114759374192708818","error":""},"_links":{"self":[{"href":"https:\/\/www.europesays.com\/fr\/wp-json\/wp\/v2\/posts\/210172","targetHints":{"allow":["GET"]}}],"collection":[{"href":"https:\/\/www.europesays.com\/fr\/wp-json\/wp\/v2\/posts"}],"about":[{"href":"https:\/\/www.europesays.com\/fr\/wp-json\/wp\/v2\/types\/post"}],"author":[{"embeddable":true,"href":"https:\/\/www.europesays.com\/fr\/wp-json\/wp\/v2\/users\/2"}],"replies":[{"embeddable":true,"href":"https:\/\/www.europesays.com\/fr\/wp-json\/wp\/v2\/comments?post=210172"}],"version-history":[{"count":0,"href":"https:\/\/www.europesays.com\/fr\/wp-json\/wp\/v2\/posts\/210172\/revisions"}],"wp:featuredmedia":[{"embeddable":true,"href":"https:\/\/www.europesays.com\/fr\/wp-json\/wp\/v2\/media\/210173"}],"wp:attachment":[{"href":"https:\/\/www.europesays.com\/fr\/wp-json\/wp\/v2\/media?parent=210172"}],"wp:term":[{"taxonomy":"category","embeddable":true,"href":"https:\/\/www.europesays.com\/fr\/wp-json\/wp\/v2\/categories?post=210172"},{"taxonomy":"post_tag","embeddable":true,"href":"https:\/\/www.europesays.com\/fr\/wp-json\/wp\/v2\/tags?post=210172"}],"curies":[{"name":"wp","href":"https:\/\/api.w.org\/{rel}","templated":true}]}}