{"id":210174,"date":"2025-06-28T05:37:15","date_gmt":"2025-06-28T05:37:15","guid":{"rendered":"https:\/\/www.europesays.com\/fr\/210174\/"},"modified":"2025-06-28T05:37:15","modified_gmt":"2025-06-28T05:37:15","slug":"lutte-contre-les-feux-de-foret-la-france-mise-sur-les-bombardiers-deau","status":"publish","type":"post","link":"https:\/\/www.europesays.com\/fr\/210174\/","title":{"rendered":"Lutte contre les feux de for\u00eat. La France mise sur les bombardiers d&rsquo;eau"},"content":{"rendered":"<p>Quand il y a <strong>un incendie<\/strong>, le salut vient souvent du ciel. Ces derni\u00e8res ann\u00e9es, avec <strong>le r\u00e9chauffement climatique<\/strong> et <strong>les risques accrus de feux de for\u00eat<\/strong>, l&rsquo;utilisation des <strong>bombardiers d&rsquo;eau<\/strong> et autres moyens a\u00e9riens s&rsquo;est impos\u00e9e comme une n\u00e9cessit\u00e9.\u00a0 <\/p>\n<p>Attaquer les feux naissants le plus rapidement possible <\/p>\n<p>En la mati\u00e8re, la France a une doctrine d&rsquo;intervention particuli\u00e8re : les a\u00e9ronefs de la s\u00e9curit\u00e9 civile doivent <strong>attaquer les feux naissants<\/strong> le plus rapidement possible pour les \u00e9teindre, avant qu&rsquo;ils ne deviennent hors de contr\u00f4le. L&rsquo;efficacit\u00e9 de cette doctrine fait aujourd&rsquo;hui l&rsquo;unanimit\u00e9 aupr\u00e8s de l&rsquo;ensemble des acteurs de la s\u00e9curit\u00e9 civile. Elle permettrait de ma\u00eetriser pr\u00e8s de 89,5 % des d\u00e9parts de feu. <\/p>\n<p>\u00ab\u00a0Cette strat\u00e9gie, qui implique de disposer d&rsquo;une capacit\u00e9 de projection sur l&rsquo;ensemble des territoires \u00e0 risque, impliquera forc\u00e9ment \u00e0 l&rsquo;avenir, dans un contexte d&rsquo;extension du risque incendie \u00e0 l&rsquo;ensemble du pays, un redimensionnement de la flotte\u00a0\u00bb souligne un rapport du S\u00e9nat de 2023, r\u00e9alis\u00e9 par Jean-Pierre Vogel.<\/p>\n<p> <img decoding=\"async\" alt=\"\" data-zoomable=\"\" height=\"824\" loading=\"lazy\" src=\"https:\/\/www.europesays.com\/fr\/wp-content\/uploads\/2025\/06\/incendie-france.jpg\" width=\"1464\"\/> SDIS 60 &#8211; Le r\u00e9chauffement climatique en France oblige les pompiers \u00e0 avoir des moyens de lutte contres les feux de for\u00eat renforc\u00e9s. La flotte des bombardiers d&rsquo;eau vieillissante en France <\/p>\n<p>Mais<strong> la flotte de bombardiers d&rsquo;eau<\/strong> est de plus en plus sollicit\u00e9e en raison notamment de l&rsquo;extension et de l&rsquo;intensification du risque incendie. \u00ab\u00a0Les cons\u00e9quences du changement climatique impliquent aujourd&rsquo;hui un risque accru de d\u00e9part de feux, et par cons\u00e9quent, une sollicitation croissante de la flotte\u00a0\u00bb rappelle ce m\u00eame rapport.<\/p>\n<p>Cette situation est susceptible d&rsquo;engendrer des surco\u00fbts importants, li\u00e9s m\u00e9caniquement \u00e0 une augmentation des heures de vols et du nombre de largages r\u00e9alis\u00e9s, ainsi qu&rsquo;\u00e0 la multiplication des op\u00e9rations de maintenance. \u00ab\u00a0En 2022, les d\u00e9penses suppl\u00e9mentaires induites par la saison feux de for\u00eats ont par exemple entra\u00een\u00e9 un surco\u00fbt estim\u00e9 \u00e0 33 millions d&rsquo;euros\u00a0\u00bb souligne le rapport. <\/p>\n<p>Quelle est la flotte de bombardiers d&rsquo;eau en France ? <\/p>\n<p>C&rsquo;est dans ce contexte que la flotte de bombardiers d&rsquo;eau de la France vieillit. La flotte d&rsquo;a\u00e9ronefs de la s\u00e9curit\u00e9 civile destin\u00e9e \u00e0 la lutte contre les feux de for\u00eat est actuellement compos\u00e9e de 12 avions<strong> Canadair <\/strong>CL415, 8\u00a0avions<strong> Dash, et 3 avions Beechcraft King 200. <\/strong>Mais cette flotte est vieillissante. Certains avions ont 61 ans d&rsquo;existence. C&rsquo;est le cas des Canadair Canadien, ces p\u00e9licans jaune et rouge, dont le premier exemplaire a \u00e9t\u00e9 livr\u00e9 \u00e0 la France en 1967. <\/p>\n<p>R\u00e9cemment, les sept Trackers S-2FT ont \u00e9t\u00e9 retir\u00e9s du service.<strong>\u00a0<\/strong>Cette flotte est compl\u00e9t\u00e9e par des h\u00e9licopt\u00e8res, les Dragon. Certains d\u00e9partements louent \u00e9galement des h\u00e9licopt\u00e8res bombardier d&rsquo;eau \u00e0 des entreprises priv\u00e9es.<\/p>\n<p> L&rsquo;utilisation des drones contre les feux de for\u00eat <\/p>\n<p>Les drones compl\u00e8tent ces dispositifs a\u00e9riens, notamment dans <strong>la d\u00e9tection des incendies<\/strong> et surtout l&rsquo;organisation des secours. Ils permettent de guider les pompiers au sol. Dans les Calanques, les marins-pompiers de Marseille testent un ballon dirigeable pour traquer les incendies. <\/p>\n<p>L&rsquo;Arm\u00e9e de l&rsquo;air en renfort des pompiers ? <\/p>\n<p>En mai, l&rsquo;Arm\u00e9e fran\u00e7aise a r\u00e9alis\u00e9 un test avec un <strong>A400M<\/strong>. Cet avion de transport militaire a \u00e9t\u00e9 \u00e9quip\u00e9 d&rsquo;un kit amovible de largage d&rsquo;eau. En un passage, l&rsquo;A400M a pu larguer 20 000 litres d&rsquo;eau. <\/p>\n<p>\u00ab\u00a0Le syst\u00e8me utilis\u00e9 repose sur un kit \u201cRoll-on\/Roll-off\u201d, facilement install\u00e9 dans la soute de l\u2019avion sans n\u00e9cessiter de modifications permanentes\u00a0\u00bb pr\u00e9cise le site feuxdeforet.fr. \u00ab\u00a0Face \u00e0 l\u2019augmentation dramatique des incendies en France, notamment dans le sud, en Corse et d\u00e9sormais dans des zones autrefois \u00e9pargn\u00e9es, cette nouvelle capacit\u00e9 arrive \u00e0 point nomm\u00e9. Elle pourrait combler les lacunes des moyens civils, parfois d\u00e9bord\u00e9s lors de crises multiples\u00a0\u00bb avance ce site.\u00a0<\/p>\n<p> Un projet de bombardier d&rsquo;eau made-in France \u00e0 Istres <\/p>\n<p>Le gouvernement a annonc\u00e9 vendredi qu&rsquo;il participera financi\u00e8rement au projet de bombardier d&rsquo;eau amphibie d&rsquo;une soci\u00e9t\u00e9 fran\u00e7aise, dans l&rsquo;optique d&rsquo;assurer la \u00ab\u00a0souverainet\u00e9\u00a0\u00bb de la France, notamment en mati\u00e8re de <strong>lutte contre les feux de for\u00eat.<\/strong><\/p>\n<p> <img decoding=\"async\" alt=\"\" class=\"img-align-center\" data-zoomable=\"\" height=\"414\" loading=\"lazy\" src=\"https:\/\/www.europesays.com\/fr\/wp-content\/uploads\/2025\/06\/1751089035_7_imagetools0.jpg\" width=\"598\"\/> Hynaero &#8211; Le futur hydravion fran\u00e7ais s\u2019appellera le Fregate F100. <\/p>\n<p>C&rsquo;est dans ce contexte de n\u00e9cessit\u00e9 de <a href=\"https:\/\/mesinfos.fr\/incendies-des-moyens-renforces-pour-lutter-contre-les-effets-du-rechauffement-climatique-150190.html\" rel=\"noopener nofollow\" target=\"_blank\">b\u00e9n\u00e9ficier de moyens renforcer pour lutter contre les feux de for\u00eat<\/a> que le projet de nouvel hydravion dit \u00ab\u00a0Fregate-F100\u00a0\u00bb va voir le jour. Il est port\u00e9 par <strong>la soci\u00e9t\u00e9 Hynaero<\/strong> et va s&rsquo;implanter \u00e0 <strong>Istres dans le sud de la France<\/strong>. Il doit voir le jour en 2029, \u00ab\u00a0avec la perspective d&rsquo;une mise en service op\u00e9rationnelle en France et \u00e0 l&rsquo;international en 2031\u00a0\u00bb, ont assur\u00e9 dans un communiqu\u00e9 commun le ministre Fran\u00e7ois-No\u00ebl Buffet, le pr\u00e9sident de la r\u00e9gion PACA Renaud Muselier et Bruno Bonnell, secr\u00e9taire g\u00e9n\u00e9ral pour l&rsquo;investissement en charge de France 2030, un dispositif qui permet \u00e0 la r\u00e9gion de doubler l&rsquo;investissement de l&rsquo;Etat. <\/p>\n<blockquote>\n<p>\u00ab\u00a0A l&rsquo;heure o\u00f9 le risque de feux de for\u00eat s&rsquo;amplifie et concerne l&rsquo;ensemble du territoire national, un tel projet d&rsquo;avion bombardier d&rsquo;eau constitue \u00e0 la fois une opportunit\u00e9 industrielle, reposant sur le savoir-faire fran\u00e7ais en mati\u00e8re a\u00e9ronautique, et une avanc\u00e9e strat\u00e9gique majeure, pour la souverainet\u00e9 de la France et de l&rsquo;Europe en mati\u00e8re de moyens a\u00e9riens de s\u00e9curit\u00e9 civile\u00a0\u00bb, s&rsquo;est f\u00e9licit\u00e9 Fran\u00e7ois-No\u00ebl Buffet, cit\u00e9 dans le communiqu\u00e9. <\/p>\n<\/blockquote>\n<p>Le <strong>bombardier d&rsquo;eau Fregate-F100<\/strong> doit \u00eatre dot\u00e9 \u00ab\u00a0d&rsquo;une capacit\u00e9 op\u00e9rationnelle doubl\u00e9e par rapport aux bombardiers actuels\u00a0\u00bb. <\/p>\n<p>L&rsquo;Etat a promis d&rsquo;injecter 7 millions d&rsquo;euros dans ce projet, avait assur\u00e9 jeudi la r\u00e9gion Paca, saluant dans un communiqu\u00e9 une d\u00e9cision qui \u00ab\u00a0marque une avanc\u00e9e majeure pour la modernisation de la flotte fran\u00e7aise de lutte contre les incendies\u00a0\u00bb. <\/p>\n<p>La soci\u00e9t\u00e9 fran\u00e7aise doit d\u00e9velopper un bombardier d&rsquo;eau \u00ab\u00a0pens\u00e9 pour r\u00e9pondre aux enjeux du d\u00e9r\u00e8glement climatique et \u00e0 l&rsquo;intensification des incendies de for\u00eat\u00a0\u00bb, avait encore \u00e9crit la r\u00e9gion qui accueillera le site de production. <\/p>\n<p>\u00a0<\/p>\n","protected":false},"excerpt":{"rendered":"Quand il y a un incendie, le salut vient souvent du ciel. Ces derni\u00e8res ann\u00e9es, avec le r\u00e9chauffement&hellip;\n","protected":false},"author":2,"featured_media":210175,"comment_status":"","ping_status":"","sticky":false,"template":"","format":"standard","meta":{"footnotes":""},"categories":[4],"tags":[11,34933,1011,27,1310,12,1311,25],"class_list":{"0":"post-210174","1":"post","2":"type-post","3":"status-publish","4":"format-standard","5":"has-post-thumbnail","7":"category-france","8":"tag-actualites","9":"tag-feux-de-foru00eat","10":"tag-fr","11":"tag-france","12":"tag-incendie","13":"tag-news","14":"tag-pompiers","15":"tag-republique-francaise"},"share_on_mastodon":{"url":"https:\/\/pubeurope.com\/@fr\/114759378384228222","error":""},"_links":{"self":[{"href":"https:\/\/www.europesays.com\/fr\/wp-json\/wp\/v2\/posts\/210174","targetHints":{"allow":["GET"]}}],"collection":[{"href":"https:\/\/www.europesays.com\/fr\/wp-json\/wp\/v2\/posts"}],"about":[{"href":"https:\/\/www.europesays.com\/fr\/wp-json\/wp\/v2\/types\/post"}],"author":[{"embeddable":true,"href":"https:\/\/www.europesays.com\/fr\/wp-json\/wp\/v2\/users\/2"}],"replies":[{"embeddable":true,"href":"https:\/\/www.europesays.com\/fr\/wp-json\/wp\/v2\/comments?post=210174"}],"version-history":[{"count":0,"href":"https:\/\/www.europesays.com\/fr\/wp-json\/wp\/v2\/posts\/210174\/revisions"}],"wp:featuredmedia":[{"embeddable":true,"href":"https:\/\/www.europesays.com\/fr\/wp-json\/wp\/v2\/media\/210175"}],"wp:attachment":[{"href":"https:\/\/www.europesays.com\/fr\/wp-json\/wp\/v2\/media?parent=210174"}],"wp:term":[{"taxonomy":"category","embeddable":true,"href":"https:\/\/www.europesays.com\/fr\/wp-json\/wp\/v2\/categories?post=210174"},{"taxonomy":"post_tag","embeddable":true,"href":"https:\/\/www.europesays.com\/fr\/wp-json\/wp\/v2\/tags?post=210174"}],"curies":[{"name":"wp","href":"https:\/\/api.w.org\/{rel}","templated":true}]}}