{"id":210178,"date":"2025-06-28T05:40:09","date_gmt":"2025-06-28T05:40:09","guid":{"rendered":"https:\/\/www.europesays.com\/fr\/210178\/"},"modified":"2025-06-28T05:40:09","modified_gmt":"2025-06-28T05:40:09","slug":"finale-top-14-toulouse-bordeaux-begles-pour-romain-ntamack-et-matthieu-jalibert-dernieres-radios-avant-le-billard","status":"publish","type":"post","link":"https:\/\/www.europesays.com\/fr\/210178\/","title":{"rendered":"Finale Top 14. Toulouse \u2013 Bordeaux-B\u00e8gles \u2013 Pour Romain Ntamack et Matthieu Jalibert, derni\u00e8res radios avant le billard"},"content":{"rendered":"<p>\n                Parfaites incarnations de leurs clubs respectifs, les deux ouvreurs vont une fois encore s\u2019affronter dans un match de phase de finale, avant de passer sur la table d\u2019op\u00e9ration pour soigner des genoux r\u00e9calcitrants.\n            <\/p>\n<p>Le sujet \u00e9tait aussi \u00e9vident qu\u2019in\u00e9luctable\u00a0: de par leur poste, les r\u00f4les pr\u00e9pond\u00e9rants qu\u2019ils vont jouer dans cette finale et l\u2019incarnation de leurs clubs respectifs, il fallait traiter (et opposer) le Toulousain Romain Ntamack et le Girondin Matthieu Jalibert. Comment ne pas le faire\u00a0? Apr\u00e8s tout, Fabien Galthi\u00e9 a bien essay\u00e9 de les associer. C\u2019\u00e9tait en novembre\u00a02021, lors d\u2019une tourn\u00e9e d\u2019automne. La formule \u00ab\u00a0Jalimack\u00a0\u00bb (Jalibert en 10, Ntamack en 12) avait \u00e9t\u00e9 test\u00e9e face \u00e0 l\u2019Argentine (29-20), puis reconduite contre la G\u00e9orgie (41-15) la semaine suivante et malgr\u00e9 deux victoires, l\u2019association avait \u00e9t\u00e9 abandonn\u00e9e pour l\u2019ultime test contre les All Blacks, \u00ab\u00a0NTK\u00a0\u00bb reprenant les commandes avec Jonathan Danty \u00e0 ses c\u00f4t\u00e9s pour broyer du Kiwi (victoire 40-25).<\/p>\n<p>M\u00eame les N\u00e9o-Z\u00e9landais n\u2019ont pas un d\u00e9bat aussi vif autour de Beauden Barrett et Damian McKenzie. Pour la simple et bonne raison que Scott Robertson peut les aligner de concert sur le terrain gr\u00e2ce \u00e0 leur polyvalence 10-15. Entre Ntamack et Jalibert, c\u2019est impossible. Il faut choisir. Car Jalibert abhorre le poste d\u2019arri\u00e8re, et que ces deux joueurs sont calibr\u00e9s pour \u00eatre au centre du jeu. Mais pour une fois, on peut dire qu\u2019ils ont un point commun\u00a0: tous deux vont disputer une finale avant de passer sur la table d\u2019op\u00e9ration pour soigner un genou. De l\u2019ext\u00e9rieur, il semble \u00e9vident que le cas du Toulousain est l\u00e9g\u00e8rement plus grave que celui du Girondin, qui marche litt\u00e9ralement sur l\u2019eau en cette fin de saison quand Ntamack, lui, s\u2019accroche depuis des mois\u00a0: \u00ab\u00a0Oui, je m\u2019accroche. Il est vrai que, depuis le d\u00e9but de saison, c\u2019est quand m\u00eame un point qui m\u2019a handicap\u00e9\u2026 Depuis septembre, j\u2019ai essay\u00e9 de m\u2019accrocher. J\u2019ai fait infiltration sur infiltration pour justement ne pas me faire op\u00e9rer et \u00eatre op\u00e9rationnel. Et sur cette fin de saison, je me sens plut\u00f4t bien. L\u2019infiltration fait plut\u00f4t effet, donc \u00e7a ne m\u2019emb\u00eate pas trop. Il reste un dernier match, je vais encore serrer les dents et je me ferai op\u00e9rer apr\u00e8s.\u00a0\u00bb<\/p>\n<p>Comment les r\u00f4les ont \u00e9t\u00e9 invers\u00e9s<\/p>\n<p>Un an apr\u00e8s la derni\u00e8re finale de Top 14 qui avait vir\u00e9 \u00e0 l\u2019humiliation pour les Girondins (59-3), il est dr\u00f4le de constater que les r\u00f4les se sont donc invers\u00e9s\u00a0: alors g\u00ean\u00e9 par une blessure \u00e0 la cuisse, Jalibert avait travers\u00e9 la finale 2024 comme un fant\u00f4me tandis que Ntamack \u00e9tait en pleine possession de ses moyens. Qui ne se souvient pas de cette merveille de passe au pied tap\u00e9e \u00e0 l\u2019aveugle pour son co\u00e9quipier Thomas Ramos qui marqua\u00a0? Bien s\u00fbr, cette confrontation \u00e9tait trop d\u00e9s\u00e9quilibr\u00e9e pour \u00eatre parlante. Mais si l\u2019on retrace l\u2019histoire de leurs derni\u00e8res oppositions, cela devient plus int\u00e9ressant. La derni\u00e8re fois que les deux ouvreurs s\u2019\u00e9taient affront\u00e9s lors d\u2019un match de phase finale, c\u2019\u00e9tait en demi-finale de Champions Cup que l\u2019UBB avait remport\u00e9 avec autorit\u00e9 sur le score sans appel de 35 \u00e0 18. Ce jour-l\u00e0, Matthieu Jalibert \u00e9tait en feu. Mais Romain Ntamack, malgr\u00e9 certaines critiques, avait tout de m\u00eame sign\u00e9 une prestation solide.<\/p>\n<p>Six mois avant, le 29\u00a0septembre 2024, Jalibert avait \u00e9galement remport\u00e9 son duel face au Toulousain et avait guid\u00e9 les siens vers une courte mais pr\u00e9cieuse victoire \u00e0 Ernest-Wallon (12-16). Si l\u2019on remonte plus loin, on tombe sur l\u2019ann\u00e9e 2021 o\u00f9 les NTK et Jalibert s\u2019\u00e9taient affront\u00e9s sur deux demi-finales, Champions Cup et Top 14, toutes deux remport\u00e9es par les Haut-Garonnais et accessoirement domin\u00e9es par Ntamack. On se souvient notamment que le Toulousain, en l\u2019absence de Thomas Ramos, avait m\u00eame assur\u00e9 l\u2019int\u00e9rim dans les tirs au but pour inscrire 11 points (victoire 21-9) en demi-finale de Coupe d\u2019Europe. Quelques mois plus tard, il avait intercept\u00e9 une passe girondine d\u00e8s la 5e minute ce qui lan\u00e7a parfaitement les Toulousains dans une rencontre finalement tr\u00e8s disput\u00e9e (24-21). Bref, ces deux-l\u00e0 n\u2019ont pas fini de se challenger, et nous n\u2019avons pas fini de les opposer. Samedi soir, au Stade de France, ils \u00e9criront une nouvelle page de leur saine rivalit\u00e9.<\/p>\n","protected":false},"excerpt":{"rendered":"Parfaites incarnations de leurs clubs respectifs, les deux ouvreurs vont une fois encore s\u2019affronter dans un match de&hellip;\n","protected":false},"author":2,"featured_media":210179,"comment_status":"","ping_status":"","sticky":false,"template":"","format":"standard","meta":{"footnotes":""},"categories":[1416],"tags":[1011,27,479,1468,60],"class_list":{"0":"post-210178","1":"post","2":"type-post","3":"status-publish","4":"format-standard","5":"has-post-thumbnail","7":"category-rugby","8":"tag-fr","9":"tag-france","10":"tag-rugby","11":"tag-rugby-football","12":"tag-sports"},"share_on_mastodon":{"url":"https:\/\/pubeurope.com\/@fr\/114759389950756743","error":""},"_links":{"self":[{"href":"https:\/\/www.europesays.com\/fr\/wp-json\/wp\/v2\/posts\/210178","targetHints":{"allow":["GET"]}}],"collection":[{"href":"https:\/\/www.europesays.com\/fr\/wp-json\/wp\/v2\/posts"}],"about":[{"href":"https:\/\/www.europesays.com\/fr\/wp-json\/wp\/v2\/types\/post"}],"author":[{"embeddable":true,"href":"https:\/\/www.europesays.com\/fr\/wp-json\/wp\/v2\/users\/2"}],"replies":[{"embeddable":true,"href":"https:\/\/www.europesays.com\/fr\/wp-json\/wp\/v2\/comments?post=210178"}],"version-history":[{"count":0,"href":"https:\/\/www.europesays.com\/fr\/wp-json\/wp\/v2\/posts\/210178\/revisions"}],"wp:featuredmedia":[{"embeddable":true,"href":"https:\/\/www.europesays.com\/fr\/wp-json\/wp\/v2\/media\/210179"}],"wp:attachment":[{"href":"https:\/\/www.europesays.com\/fr\/wp-json\/wp\/v2\/media?parent=210178"}],"wp:term":[{"taxonomy":"category","embeddable":true,"href":"https:\/\/www.europesays.com\/fr\/wp-json\/wp\/v2\/categories?post=210178"},{"taxonomy":"post_tag","embeddable":true,"href":"https:\/\/www.europesays.com\/fr\/wp-json\/wp\/v2\/tags?post=210178"}],"curies":[{"name":"wp","href":"https:\/\/api.w.org\/{rel}","templated":true}]}}