{"id":210181,"date":"2025-06-28T05:43:10","date_gmt":"2025-06-28T05:43:10","guid":{"rendered":"https:\/\/www.europesays.com\/fr\/210181\/"},"modified":"2025-06-28T05:43:10","modified_gmt":"2025-06-28T05:43:10","slug":"moto2-barry-baltus-a-lheure-du-rebond-a-assen","status":"publish","type":"post","link":"https:\/\/www.europesays.com\/fr\/210181\/","title":{"rendered":"Moto2\u00a0: Barry Baltus \u00e0 l&rsquo;heure du rebond \u00e0 Assen"},"content":{"rendered":"<p class=\"ap-StoryElement ap-StoryElement--mb js-paywall-target ap-StoryText\">\u00c0 Assen, Barry Baltus esp\u00e8re inverser la tendance. Mais le circuit n\u00e9erlandais ne pardonne pas l&rsquo;erreur. Lors des essais libres, le Belge a \u00e0 nouveau \u00e9t\u00e9 victime d&rsquo;une chute dans une s\u00e9ance marqu\u00e9e par de nombreux incidents, toutes cat\u00e9gories confondues.<\/p>\n<p class=\"ap-StoryElement ap-StoryElement--mb ap-StoryText\">La prudence sera donc de mise, mais l&rsquo;objectif reste clair : retrouver les avant-postes et marquer de gros points. \u00ab\u00a0Toute l&rsquo;\u00e9quipe va tout faire pour se battre \u00e0 nouveau pour le podium\u00a0\u00bb, assure son team manager Roberto Locatelli. Le moment est venu de rebondir.<\/p>\n","protected":false},"excerpt":{"rendered":"\u00c0 Assen, Barry Baltus esp\u00e8re inverser la tendance. Mais le circuit n\u00e9erlandais ne pardonne pas l&rsquo;erreur. Lors des&hellip;\n","protected":false},"author":2,"featured_media":210182,"comment_status":"","ping_status":"","sticky":false,"template":"","format":"standard","meta":{"footnotes":""},"categories":[1413],"tags":[17,34934,16706,34935,1011,27,1457,1456,60,34936,16405],"class_list":{"0":"post-210181","1":"post","2":"type-post","3":"status-publish","4":"format-standard","5":"has-post-thumbnail","7":"category-moto","8":"tag-17","9":"tag-acropolis-rally","10":"tag-atmosphere","11":"tag-day-1","12":"tag-fr","13":"tag-france","14":"tag-moto","15":"tag-motocycle","16":"tag-sports","17":"tag-thierry-neuville","18":"tag-wrc"},"share_on_mastodon":{"url":"https:\/\/pubeurope.com\/@fr\/114759401655860821","error":""},"_links":{"self":[{"href":"https:\/\/www.europesays.com\/fr\/wp-json\/wp\/v2\/posts\/210181","targetHints":{"allow":["GET"]}}],"collection":[{"href":"https:\/\/www.europesays.com\/fr\/wp-json\/wp\/v2\/posts"}],"about":[{"href":"https:\/\/www.europesays.com\/fr\/wp-json\/wp\/v2\/types\/post"}],"author":[{"embeddable":true,"href":"https:\/\/www.europesays.com\/fr\/wp-json\/wp\/v2\/users\/2"}],"replies":[{"embeddable":true,"href":"https:\/\/www.europesays.com\/fr\/wp-json\/wp\/v2\/comments?post=210181"}],"version-history":[{"count":0,"href":"https:\/\/www.europesays.com\/fr\/wp-json\/wp\/v2\/posts\/210181\/revisions"}],"wp:featuredmedia":[{"embeddable":true,"href":"https:\/\/www.europesays.com\/fr\/wp-json\/wp\/v2\/media\/210182"}],"wp:attachment":[{"href":"https:\/\/www.europesays.com\/fr\/wp-json\/wp\/v2\/media?parent=210181"}],"wp:term":[{"taxonomy":"category","embeddable":true,"href":"https:\/\/www.europesays.com\/fr\/wp-json\/wp\/v2\/categories?post=210181"},{"taxonomy":"post_tag","embeddable":true,"href":"https:\/\/www.europesays.com\/fr\/wp-json\/wp\/v2\/tags?post=210181"}],"curies":[{"name":"wp","href":"https:\/\/api.w.org\/{rel}","templated":true}]}}