{"id":210195,"date":"2025-06-28T05:51:10","date_gmt":"2025-06-28T05:51:10","guid":{"rendered":"https:\/\/www.europesays.com\/fr\/210195\/"},"modified":"2025-06-28T05:51:10","modified_gmt":"2025-06-28T05:51:10","slug":"julien-dore-propose-daider-chantal-goya-qui-ne-peut-plus-chanter-pandi-panda","status":"publish","type":"post","link":"https:\/\/www.europesays.com\/fr\/210195\/","title":{"rendered":"Julien Dor\u00e9 propose d&rsquo;aider Chantal Goya, qui ne peut plus chanter \u00ab\u00a0Pandi Panda\u00a0\u00bb"},"content":{"rendered":"<p class=\"article-p mdl\">Chantal Goya dans la tourmente. Sur ses r\u00e9seaux sociaux, la chanteuse a r\u00e9cemment lanc\u00e9 un appel pour retrouver son costume de panda. \u00ab\u00a0Je ne peux plus chanter\u00a0Pandi Panda\u00a0\u00bb, confiait-elle notamment dans son message. Julien Dor\u00e9, qui a d&rsquo;ailleurs jou\u00e9 dans la s\u00e9rie\u00a0Panda,\u00a0a r\u00e9agi ce vendredi 27 juin.\u00a0<\/p>\n<p class=\"article-p mdl\">Dans une vid\u00e9o post\u00e9e sur ses r\u00e9seaux sociaux, l&rsquo;interpr\u00e8te du morceau Coco C\u00e2line, o\u00f9 l&rsquo;on peut voir un costume de&#8230; panda dans le clip, s&rsquo;est adress\u00e9 \u00e0\u00a0<a class=\"link\" href=\"https:\/\/www.rtl.fr\/culture\/musique\/chantal-goya-elle-ne-peut-plus-chanter-l-un-de-ses-tubes-car-un-costume-a-disparu-7900519525\" title=\"Chantal Goya ne peut plus chanter l\u2019un de ses tubes car un costume a disparu\" rel=\"nofollow noopener\" target=\"_blank\">Chantal Goya<\/a>. <strong>\u00ab\u00a0Qu&rsquo;est-ce que j&rsquo;apprends ?<\/strong>\u00ab\u00a0, s&rsquo;interroge Julien Dor\u00e9 dans son message avant de d\u00e9voiler sa fameuse proposition pour aider la chanteuse.\u00a0<\/p>\n<p class=\"article-p mdl\">\u00ab\u00a0J&rsquo;ai bien r\u00e9fl\u00e9chi et je pense que c&rsquo;est \u00e9vident. Ce que je te propose, pour que tu puisses continuer \u00e0 chanter\u00a0Pandi Panda, c&rsquo;est de<strong> t&rsquo;offrir l&rsquo;un de mes costumes de Panda<\/strong>\u00ab\u00a0, poursuit Julien Dor\u00e9. Une proposition qui devrait faire plaisir \u00e0 Chantal Goya et \u00e0 ses fans.\u00a0<\/p>\n<p class=\"article-p mdl\">La chanteuse a expliqu\u00e9 que son costume avait disparu lors du dernier gala de sa tourn\u00e9e, pr\u00e8s de Mulhouse, \u00e0 Sausheim, le 27 avril dernier. \u00ab\u00a0Il faut le chercher absolument\u00a0\u00bb, expliquait Chantal Goya, tr\u00e8s pein\u00e9e par cette disparition, dans sa vid\u00e9o.<\/p>\n<p class=\"article-p mdl\">\u00ab\u00a0C&rsquo;est cadeau. <strong>C&rsquo;est Bibi qui offre et c&rsquo;est bien normal.<\/strong> (&#8230;) On se contacte pour se caler un RDV livraison\u00a0\u00bb, indique \u00e9galement Julien Dor\u00e9. On attend d\u00e9sormais de conna\u00eetre la r\u00e9ponse de Chantal Goya&#8230;<\/p>\n<p>    La r\u00e9daction vous recommande<\/p>\n<p class=\"s-newsletter__title\">\n                L\u2019actualit\u00e9 par la r\u00e9daction de RTL dans votre bo\u00eete mail.\n            <\/p>\n<p class=\"s-newsletter__subtitle\">\n                Gr\u00e2ce \u00e0 votre compte RTL abonnez-vous \u00e0 la newsletter RTL info pour suivre toute l&rsquo;actualit\u00e9 au quotidien\n            <\/p>\n<p>\n                                    Lire la suite\n                                <\/p>\n","protected":false},"excerpt":{"rendered":"Chantal Goya dans la tourmente. Sur ses r\u00e9seaux sociaux, la chanteuse a r\u00e9cemment lanc\u00e9 un appel pour retrouver&hellip;\n","protected":false},"author":2,"featured_media":210196,"comment_status":"","ping_status":"","sticky":false,"template":"","format":"standard","meta":{"footnotes":""},"categories":[1355],"tags":[2935,58,59,2414,107,1011,27,4004,1361,873],"class_list":{"0":"post-210195","1":"post","2":"type-post","3":"status-publish","4":"format-standard","5":"has-post-thumbnail","7":"category-musique","8":"tag-chansons","9":"tag-divertissement","10":"tag-entertainment","11":"tag-fil-culture","12":"tag-fil-info","13":"tag-fr","14":"tag-france","15":"tag-julien-dore","16":"tag-music","17":"tag-musique"},"share_on_mastodon":{"url":"https:\/\/pubeurope.com\/@fr\/114759433237395323","error":""},"_links":{"self":[{"href":"https:\/\/www.europesays.com\/fr\/wp-json\/wp\/v2\/posts\/210195","targetHints":{"allow":["GET"]}}],"collection":[{"href":"https:\/\/www.europesays.com\/fr\/wp-json\/wp\/v2\/posts"}],"about":[{"href":"https:\/\/www.europesays.com\/fr\/wp-json\/wp\/v2\/types\/post"}],"author":[{"embeddable":true,"href":"https:\/\/www.europesays.com\/fr\/wp-json\/wp\/v2\/users\/2"}],"replies":[{"embeddable":true,"href":"https:\/\/www.europesays.com\/fr\/wp-json\/wp\/v2\/comments?post=210195"}],"version-history":[{"count":0,"href":"https:\/\/www.europesays.com\/fr\/wp-json\/wp\/v2\/posts\/210195\/revisions"}],"wp:featuredmedia":[{"embeddable":true,"href":"https:\/\/www.europesays.com\/fr\/wp-json\/wp\/v2\/media\/210196"}],"wp:attachment":[{"href":"https:\/\/www.europesays.com\/fr\/wp-json\/wp\/v2\/media?parent=210195"}],"wp:term":[{"taxonomy":"category","embeddable":true,"href":"https:\/\/www.europesays.com\/fr\/wp-json\/wp\/v2\/categories?post=210195"},{"taxonomy":"post_tag","embeddable":true,"href":"https:\/\/www.europesays.com\/fr\/wp-json\/wp\/v2\/tags?post=210195"}],"curies":[{"name":"wp","href":"https:\/\/api.w.org\/{rel}","templated":true}]}}