{"id":210204,"date":"2025-06-28T05:56:11","date_gmt":"2025-06-28T05:56:11","guid":{"rendered":"https:\/\/www.europesays.com\/fr\/210204\/"},"modified":"2025-06-28T05:56:11","modified_gmt":"2025-06-28T05:56:11","slug":"cette-carte-vous-montre-a-quoi-ressemblera-la-terre-dans-250-millions-et-cest-hallucinant","status":"publish","type":"post","link":"https:\/\/www.europesays.com\/fr\/210204\/","title":{"rendered":"Cette carte vous montre \u00e0 quoi ressemblera la Terre dans 250 millions et c&rsquo;est hallucinant !"},"content":{"rendered":"<p>En tant qu\u2019\u00eatres humains, nous avons la chance d\u2019observer le magnifique spectacle de la nature et de la Terre qui \u00e9volue sous nos yeux. Bien s\u00fbr, notre perspective est limit\u00e9e \u00e0 quelques d\u00e9cennies, voire un si\u00e8cle si nous sommes chanceux. Mais si nous avions le don de l\u2019immortalit\u00e9, nous serions t\u00e9moins d\u2019une transformation terrestre profonde.<\/p>\n<p>Un seul continent\u00a0?<\/p>\n<p>La Terre n\u2019est pas une entit\u00e9 statique. Bien que les effets du changement climatique soient aujourd\u2019hui au premier plan de nos pr\u00e9occupations, il existe une autre forme de m\u00e9tamorphose qui s\u2019op\u00e8re en coulisse\u00a0: la tectonique des plaques. Ce mouvement constant des plaques terrestres sculpte et red\u00e9finit la topographie de notre plan\u00e8te de mani\u00e8re dramatique.<\/p>\n<p>Il y a 200 millions d\u2019ann\u00e9es, la Terre ressemblait \u00e0 une grande unit\u00e9, une super-masse continentale connue sous le nom de Pang\u00e9e. Si les travaux de Chris Scotese, professeur renomm\u00e9 de l\u2019Universit\u00e9 Northwestern, s\u2019av\u00e8rent exacts, nous sommes sur le chemin d\u2019une r\u00e9unification des continents en une \u201cNouvelle Pang\u00e9e\u201d.<\/p>\n<p>Pour ceux qui ont du mal \u00e0 visualiser cette configuration futuriste, <a href=\"https:\/\/www.reddit.com\/r\/MapPorn\/comments\/gs7as0\/how_earth_will_look_with_current_international\/\" target=\"_blank\" rel=\"noopener\">des cartographes amateurs ont illustr\u00e9 ces pr\u00e9dictions<\/a>. En examinant cette carte, on d\u00e9couvre un monde o\u00f9 la Nouvelle-Z\u00e9lande et l\u2019\u00c9cosse demeurent des entit\u00e9s isol\u00e9es. Les territoires insulaires actuels, comme l\u2019Australie, s\u2019ancreront \u00e0 d\u2019autres grandes \u00e9tendues de terre. Le Japon, actuellement archipel distinct, fusionnera avec des g\u00e9ants comme la Chine, la Cor\u00e9e du Sud et Taiwan. L\u2019Europe, dans ce nouveau monde, ne sera plus un continent distinct, mais une extension du Moyen-Orient et de l\u2019Afrique. L\u2019Angleterre quant \u00e0 elle n\u2019existera plus en tant qu\u2019\u00eele, alors que l\u2019Espagne gagnera des fronti\u00e8res avec la Tunisie, le Maroc, l\u2019Alg\u00e9rie et l\u2019Italie\u00a0!<\/p>\n<p><a href=\"https:\/\/www.europesays.com\/fr\/wp-content\/uploads\/2025\/06\/pengeenew.jpg\"><img loading=\"lazy\" decoding=\"async\" class=\"wp-image-50427846 size-full\" src=\"https:\/\/www.europesays.com\/fr\/wp-content\/uploads\/2025\/06\/pengeenew.jpg\" alt=\"\" width=\"1400\" height=\"932\"  \/><\/a>@ reddit<\/p>\n<p>L\u2019une des transformations les plus folles est la naissance d\u2019une nouvelle cha\u00eene montagneuse qui \u00e9clipsera m\u00eame l\u2019Himalaya. Imaginez la Floride et la G\u00e9orgie, actuellement connues pour leurs plages et leurs plaines, \u00e9levant des sommets impressionnants lorsqu\u2019elles entreront en collision avec l\u2019Afrique du Sud et la Namibie.<\/p>\n<p>Alors que la possibilit\u00e9 de voir une telle transformation est hors de port\u00e9e pour l\u2019humanit\u00e9 actuelle, la simple id\u00e9e de cette dynamique rappelle \u00e0 quel point notre Terre est vivante et constamment en \u00e9volution. Cela souligne \u00e9galement l\u2019importance de la recherche et de l\u2019\u00e9tude de notre plan\u00e8te, afin que les g\u00e9n\u00e9rations futures puissent comprendre et appr\u00e9cier les merveilles sans fin de notre monde en constante m\u00e9tamorphose.<\/p>\n<blockquote>\n<p class=\"text-base text-neutral-700 dark:text-neutral-300\">\ud83d\udfe3 Pour ne manquer aucune news sur le Journal du Geek, abonnez-vous sur <a href=\"https:\/\/news.google.com\/publications\/CAAqBwgKMNr_hAswwYyCAw?hl=fr&amp;gl=FR&amp;ceid=FR%3Afr\" target=\"_blank\" rel=\"noopener\">Google Actualit\u00e9s<\/a> et sur <a href=\"https:\/\/whatsapp.com\/channel\/0029VaClM5y4tRry12tb7D2h\" target=\"_blank\" rel=\"noopener\">notre WhatsApp<\/a>. Et si vous nous adorez, on a <a href=\"https:\/\/www.journaldugeek.com\/newsletter\/\" target=\"_blank\" rel=\"noopener\">une newsletter tous les matins<\/a>.<\/p>\n<\/blockquote>\n","protected":false},"excerpt":{"rendered":"En tant qu\u2019\u00eatres humains, nous avons la chance d\u2019observer le magnifique spectacle de la nature et de la&hellip;\n","protected":false},"author":2,"featured_media":210205,"comment_status":"","ping_status":"","sticky":false,"template":"","format":"standard","meta":{"footnotes":""},"categories":[7],"tags":[1011,27,5852,52,43,40,41,39,42,44,4505],"class_list":{"0":"post-210204","1":"post","2":"type-post","3":"status-publish","4":"format-standard","5":"has-post-thumbnail","7":"category-sciences-et-technologies","8":"tag-fr","9":"tag-france","10":"tag-futur","11":"tag-planete","12":"tag-science","13":"tag-science-and-technology","14":"tag-sciences","15":"tag-sciences-et-technologies","16":"tag-technologies","17":"tag-technology","18":"tag-terre"},"share_on_mastodon":{"url":"https:\/\/pubeurope.com\/@fr\/114759452897635985","error":""},"_links":{"self":[{"href":"https:\/\/www.europesays.com\/fr\/wp-json\/wp\/v2\/posts\/210204","targetHints":{"allow":["GET"]}}],"collection":[{"href":"https:\/\/www.europesays.com\/fr\/wp-json\/wp\/v2\/posts"}],"about":[{"href":"https:\/\/www.europesays.com\/fr\/wp-json\/wp\/v2\/types\/post"}],"author":[{"embeddable":true,"href":"https:\/\/www.europesays.com\/fr\/wp-json\/wp\/v2\/users\/2"}],"replies":[{"embeddable":true,"href":"https:\/\/www.europesays.com\/fr\/wp-json\/wp\/v2\/comments?post=210204"}],"version-history":[{"count":0,"href":"https:\/\/www.europesays.com\/fr\/wp-json\/wp\/v2\/posts\/210204\/revisions"}],"wp:featuredmedia":[{"embeddable":true,"href":"https:\/\/www.europesays.com\/fr\/wp-json\/wp\/v2\/media\/210205"}],"wp:attachment":[{"href":"https:\/\/www.europesays.com\/fr\/wp-json\/wp\/v2\/media?parent=210204"}],"wp:term":[{"taxonomy":"category","embeddable":true,"href":"https:\/\/www.europesays.com\/fr\/wp-json\/wp\/v2\/categories?post=210204"},{"taxonomy":"post_tag","embeddable":true,"href":"https:\/\/www.europesays.com\/fr\/wp-json\/wp\/v2\/tags?post=210204"}],"curies":[{"name":"wp","href":"https:\/\/api.w.org\/{rel}","templated":true}]}}