{"id":210231,"date":"2025-06-28T06:12:16","date_gmt":"2025-06-28T06:12:16","guid":{"rendered":"https:\/\/www.europesays.com\/fr\/210231\/"},"modified":"2025-06-28T06:12:16","modified_gmt":"2025-06-28T06:12:16","slug":"le-retour-des-methodes-immondes-pour-disqualifier-les-critiques-des-verts-lfi","status":"publish","type":"post","link":"https:\/\/www.europesays.com\/fr\/210231\/","title":{"rendered":"LE RETOUR DES M\u00c9THODES IMMONDES POUR DISQUALIFIER LES CRITIQUES DES VERTS\/LFI"},"content":{"rendered":"<p>Posted On 28 juin 2025 <\/p>\n<p style=\"text-align: justify;\">Il reste 9 mois avant les prochaines \u00e9lections municipales, et le syst\u00e8me Verts\/LFI local, tr\u00e8s affaibli par le bilan Piolle qu&rsquo;il devra porter comme un boulet et t\u00e9tanis\u00e9 par la mont\u00e9e des contestations, ouvre la porte \u00e0 des m\u00e9thodes de disqualification qui augurent d&rsquo;une campagne tristement violente.<\/p>\n<p>UNE MOBILISATION HISTORIQUE CONTRE LES PROJETS IMPOS\u00c9S<\/p>\n<p style=\"text-align: justify;\">Depuis plusieurs mois, la municipalit\u00e9 fait face \u00e0 <a href=\"https:\/\/grenoble-le-changement.fr\/2025\/05\/18\/demain-lundi-a-9-h-protestation-devant-la-mairie\/\" rel=\"nofollow noopener\" target=\"_blank\">une mobilisation historique des habitants et commer\u00e7ants<\/a>, regroup\u00e9s dans des collectifs repr\u00e9sentatifs de diff\u00e9rents quartiers de la ville o\u00f9 les \u00e9lus tentent de faire passer des projets d&rsquo;am\u00e9nagement en force, en ne tenant aucunement compte des remarques des premiers concern\u00e9s dont certains verraient leur quotidien profond\u00e9ment p\u00e9nalis\u00e9, voire leur survie \u00e9conomique menac\u00e9e.\u00a0<\/p>\n<p><a href=\"https:\/\/i2.wp.com\/grenoble-le-changement.fr\/wp-content\/uploads\/2025\/06\/manf-23-juin.png?ssl=1\" rel=\"lightbox[82916] nofollow noopener\" target=\"_blank\"><img loading=\"lazy\" decoding=\"async\" class=\" wp-image-82938 jetpack-lazy-image\" src=\"https:\/\/i2.wp.com\/grenoble-le-changement.fr\/wp-content\/uploads\/2025\/06\/manf-23-juin.png?resize=490%2C634&amp;ssl=1\" alt=\"\" width=\"490\" height=\"634\" data-recalc-dims=\"1\" data-lazy-src=\"https:\/\/www.europesays.com\/fr\/wp-content\/uploads\/2025\/06\/manf-23-juin.png\" \/><\/a>Les rassemblements citoyens face aux m\u00e9thodes municipales se multiplient<br \/>\nLA TENTATIVE DE DISQUALIFICATION&#8230;<\/p>\n<p style=\"text-align: justify;\">Plut\u00f4t que d&rsquo;y r\u00e9pondre en acceptant d&rsquo;ouvrir le dialogue, les Verts\/LFI usent des pires m\u00e9thodes pour tenter d&rsquo;\u00e9teindre la fronde. D&rsquo;abord la tentative de disqualification par association. En mai, apr\u00e8s une manifestation devant le conseil municipal, les \u00e9lus de la majorit\u00e9 ont commenc\u00e9 \u00e0 distiller des \u00e9l\u00e9ments de langage accusant les pr\u00e9sidents d&rsquo;unions de quartiers, commer\u00e7ants et habitants d&rsquo;\u00eatre politis\u00e9s, <a href=\"https:\/\/grenoble-le-changement.fr\/2025\/05\/25\/municipales-les-piollistes-se-vautrent-dans-lhypocrisie-et-loutrance\/\" rel=\"nofollow noopener\" target=\"_blank\">et d&rsquo;\u0153uvrer pour Alain Carignon<\/a>.<\/p>\n<p>&#8230; EN NIANT TOUT LIBRE-ARBITRE AUX HABITANTS ET COMMERCANTS<\/p>\n<p style=\"text-align: justify;\">Leur communication allant jusqu&rsquo;\u00e0 parler de \u00ab\u00a0trumpisation carignonesque\u00a0\u00bb (!) et de \u00ab\u00a0manipulation citoyenne\u00a0\u00bb pour diaboliser ces manifestants pacifiques. Comme si les Grenoblois n&rsquo;avaient aucun libre-arbitre, et ne pouvaient pas <a href=\"https:\/\/grenoble-le-changement.fr\/2025\/05\/20\/la-majorite-municipale-menace-les-collectifs-qui-manifestent\/\" rel=\"nofollow noopener\" target=\"_blank\">contester des projets ou des m\u00e9thodes municipales de leur propre chef, sans \u00eatre manipul\u00e9<\/a>s. Et comme si par ailleurs l&rsquo;engagement de certains aux c\u00f4t\u00e9s d&rsquo;Alain Carignon dans la perspective des prochaines \u00e9lections invalidait le fond de leurs revendications.\u00a0\u00a0<\/p>\n<p>LES PLAINTES \u00c0 R\u00c9P\u00c9TITION POUR BAILLONNER LES OPPOSANTS<\/p>\n<p style=\"text-align: justify;\">Une autre m\u00e9thode, tout aussi odieuse, consiste \u00e0 user et abuser des plaintes pour menacer et tenter de faire taire toutes critiques. Ceux qui laissent couler y compris les actions les plus violentes lorsqu&rsquo;elles \u00e9manent de l&rsquo;extr\u00eame-gauche ou de collectifs proches d&rsquo;eux ont soudain d\u00e9cid\u00e9 de porter plainte suite \u00e0 <a href=\"https:\/\/grenoble-le-changement.fr\/2025\/05\/20\/la-majorite-municipale-menace-les-collectifs-qui-manifestent\/\" rel=\"nofollow noopener\" target=\"_blank\">une manifestation devant le conseil o\u00f9 des policiers auraient \u00e9t\u00e9 bouscul\u00e9s<\/a>. Dans la m\u00eame veine, l&rsquo;influenceur Guizmaths, tr\u00e8s suivi et critique de la municipalit\u00e9, a \u00e9t\u00e9 attaqu\u00e9 en diffamation et ainsi convoqu\u00e9 \u00e0 l&rsquo;h\u00f4tel de police parce qu&rsquo;il d\u00e9range.\u00a0<\/p>\n<p><a href=\"https:\/\/i1.wp.com\/grenoble-le-changement.fr\/wp-content\/uploads\/2024\/08\/adtc.jpg?ssl=1\" rel=\"lightbox[82916] nofollow noopener\" target=\"_blank\"><img loading=\"lazy\" decoding=\"async\" class=\" wp-image-76047 jetpack-lazy-image\" src=\"https:\/\/i1.wp.com\/grenoble-le-changement.fr\/wp-content\/uploads\/2024\/08\/adtc.jpg?resize=526%2C526&amp;ssl=1\" alt=\"\" width=\"526\" height=\"526\" data-recalc-dims=\"1\" data-lazy-src=\"https:\/\/www.europesays.com\/fr\/wp-content\/uploads\/2025\/06\/1751091134_537_adtc.jpg\" \/><\/a>D\u00e9j\u00e0 \u00e0 la rentr\u00e9e derni\u00e8re une op\u00e9ration de lobbying des officines (ADTC, rue de l&rsquo;avenir o\u00f9 on retrouve les m\u00eames, <a href=\"https:\/\/grenoble-le-changement.fr\/2025\/06\/19\/alternatiba-la-fraude-ecolo-politique-a-grenoble\/\" rel=\"nofollow noopener\" target=\"_blank\">Alternatiba qui est un paravent des Verts&#8230;<\/a>) pour d\u00e9fendre le projet municipal Place de Metz.<br \/>\nL&rsquo;ADTC \u00c0 LA RESCOUSSE DES PIOLLISTES&#8230;<\/p>\n<p style=\"text-align: justify;\">Cette semaine, la tentative de riposte municipale est \u00e9galement mont\u00e9e d&rsquo;un cran<a href=\"https:\/\/grenoble-le-changement.fr\/2025\/06\/12\/projets-imposes-les-soutiens-des-verts-lfi-a-la-rescousse-de-la-municipalite\/\" rel=\"nofollow noopener\" target=\"_blank\"> avec la sortie du bois de l&rsquo;ADTC, officine tr\u00e8s proche des Verts\/LFI<\/a>, pour s&rsquo;attaquer aux habitants et commer\u00e7ants qui contestent les projets municipaux. Ceux qui s&rsquo;inqui\u00e8tent de l&rsquo;impact des am\u00e9nagements impos\u00e9s sont ainsi m\u00e9pris\u00e9s, trait\u00e9s \u00ab\u00a0d&rsquo;immobilistes\u00a0\u00bb, et jug\u00e9s \u00ab\u00a0minoritaires\u00a0\u00bb, \u00ab\u00a0bruyants\u00a0\u00bb ou encore \u00ab\u00a0irrespectueux\u00a0\u00bb, tandis que ce que d\u00e9fendent les \u00e9lus de la majorit\u00e9 serait largement pl\u00e9biscit\u00e9 et m\u00eame \u00ab\u00a0consensuel\u00a0\u00bb. Il fallait l&rsquo;oser, quand on voit les mobilisations depuis des mois qui ne faiblissent pas pour contester les projets.<\/p>\n<p>&#8230; PR\u00c9TEND REPR\u00c9SENTER \u00ab\u00a0UNE MAJORIT\u00c9 SILENCIEUSE\u00a0\u00bb !<\/p>\n<p style=\"text-align: justify;\">Pour exister, l&rsquo;ADTC a tent\u00e9 d&rsquo;accroche une pauvre banderole devant le conseil municipal, qui a \u00e9t\u00e9 d\u00e9croch\u00e9e avant m\u00eame l&rsquo;arriv\u00e9e du public. Ca ne les emp\u00eache pas de s&rsquo;en f\u00e9liciter, ainsi que d&rsquo;<a target=\"_blank\" href=\"https:\/\/www.facebook.com\/photo?fbid=1152567923572194&amp;set=pcb.1152567963572190\" rel=\"nofollow noopener\">une op\u00e9ration de lobbying<\/a> consistant \u00e0 \u00e9crire aux \u00e9lus pour soutenir les am\u00e9nagements : avec 200 auteurs de mail revendiqu\u00e9s, ils consid\u00e8rent repr\u00e9senter une \u00ab\u00a0majorit\u00e9 silencieuse\u00a0\u00bb ! Que dire des collectifs habitants-commer\u00e7ants qui, eux, \u00e0 la diff\u00e9rence des groupuscules proches des verts, sont capables de r\u00e9unir ces 200 personnes physiquement ?<\/p>\n<p><a href=\"https:\/\/i0.wp.com\/grenoble-le-changement.fr\/wp-content\/uploads\/2025\/06\/Capture-de\u0301cran-2025-06-22-a\u0300-10.45.23.png?ssl=1\" rel=\"lightbox[82916] nofollow noopener\" target=\"_blank\"><img loading=\"lazy\" decoding=\"async\" class=\" wp-image-82766 jetpack-lazy-image\" src=\"https:\/\/i0.wp.com\/grenoble-le-changement.fr\/wp-content\/uploads\/2025\/06\/Capture-de\u0301cran-2025-06-22-a\u0300-10.45.23.png?resize=678%2C129&amp;ssl=1\" alt=\"\" width=\"678\" height=\"129\" data-recalc-dims=\"1\" data-lazy-src=\"https:\/\/i0.wp.com\/grenoble-le-changement.fr\/wp-content\/uploads\/2025\/06\/Capture-de\u0301cran-2025-06-22-a\u0300-10.45.23.png?resize=678%2C129&amp;is-pending-load=1#038;ssl=1\" \/><\/a>Mais curieusement le Dauphin\u00e9 Lib\u00e9r\u00e9 ne s&rsquo;interroge jamais sur la politisation de l&rsquo;ADTC et consorts<br \/>\nUN MANIFESTANT PRIS \u00c0 PARTIE PAR UN REPR\u00c9SENTANT DE L&rsquo;ADTC<\/p>\n<p style=\"text-align: justify;\">En marge de la manifestation devant le conseil, Jean-Luc Rizzi, administrateur de l&rsquo;union de quartier Rondeau-Lib\u00e9ration pr\u00e9sent en soutien aux collectifs habitants-commer\u00e7ants, <a target=\"_blank\" href=\"https:\/\/www.placegrenet.fr\/2025\/06\/23\/vifs-echanges-devant-la-mairie-de-grenoble-entre-un-membre-de-adtc-et-des-opposants-aux-projets-de-reamenagement-urbains-de-la-municipalite\/654611\" rel=\"nofollow noopener\">annonce avoir port\u00e9 plainte car il accuse un membre de l&rsquo;ADTC pr\u00e9sent de l&rsquo;avoir agress\u00e9 en utilisant son v\u00e9lo comme arme par destination<\/a>, le projetant \u00e0 terre et le blessant au dos. Un climat d\u00e9j\u00e0 explosif qui ne pourra qu&rsquo;aller de pire en pire si les Verts\/LFi ne canalisent pas leurs amis.<\/p>\n<p>DES MESSAGES ANONYMES POUR PRESSURISER LES COMMERCANTS<\/p>\n<p style=\"text-align: justify;\"><a target=\"_blank\" href=\"https:\/\/www.facebook.com\/groups\/touchepasmoncommerce\" rel=\"nofollow noopener\">Toujours cette semaine, plusieurs commer\u00e7ants qui avaient placard\u00e9 une affiche<\/a> \u00ab\u00a0Touche Pas \u00e0 Mon Commerce &#8211; Grenoble en faillite\u00a0\u00bb sur leur commerce pour d\u00e9noncer les effets des politiques piollesques ont eu la mauvaise surprise de d\u00e9couvrir celle-ci recouverte d&rsquo;un message anonyme et mena\u00e7ant : \u00ab\u00a0Mon bulletin de vote, c&rsquo;est aussi mon porte-monnaie. Avec ma famille, nous habitons le quartier et nous boycottons votre commerce \u00e0 cause de l&rsquo;affiche \u00ab\u00a0Grenoble \u00e0 l&rsquo;agonie\u00a0\u00bb sur votre devanture. Le mouvement s&rsquo;amplifie parmi les riverains et nous avons d\u00e9cid\u00e9 de vous en informer\u00a0\u00bb.\u00a0<\/p>\n<p><a href=\"https:\/\/i2.wp.com\/grenoble-le-changement.fr\/wp-content\/uploads\/2025\/06\/message-commerce-bobo.jpg?ssl=1\" rel=\"lightbox[82916] nofollow noopener\" target=\"_blank\"><img loading=\"lazy\" decoding=\"async\" class=\" wp-image-82941 jetpack-lazy-image\" src=\"https:\/\/i2.wp.com\/grenoble-le-changement.fr\/wp-content\/uploads\/2025\/06\/message-commerce-bobo.jpg?resize=366%2C650&amp;ssl=1\" alt=\"\" width=\"366\" height=\"650\" data-recalc-dims=\"1\" data-lazy-src=\"https:\/\/www.europesays.com\/fr\/wp-content\/uploads\/2025\/06\/message-commerce-bobo.jpg\" \/><\/a>Les messages pos\u00e9es par une courageuse anonyme sur des commerces qui d\u00e9fendent leur survie&#8230; et avec elle la vitalit\u00e9 de leurs quartiers<br \/>\nLE CLIMAT D\u00c9L\u00c9T\u00c8RE DE GRENOBLE SOUS PIOLLE<\/p>\n<p style=\"text-align: justify;\">Le fameux \u00ab\u00a0mouvement\u00a0\u00bb consiste en fait en une seule personne, rapidement identifi\u00e9e par les commer\u00e7ants, qui colle ses affichettes. Mais qu&rsquo;elle se permette un tel acte t\u00e9moigne du climat d\u00e9l\u00e9t\u00e8re \u00e0 Grenoble : des commer\u00e7ants peuvent \u00eatre ainsi menac\u00e9s parce qu&rsquo;ils se mobilisent simplement pour leur survie. La m\u00e9thode rappelle ceux qui, en 2020, avaient commenc\u00e9 \u00e0 <a target=\"_blank\" href=\"https:\/\/x.com\/alaindegre\" rel=\"nofollow\">dresser des listes des commer\u00e7ants<\/a> soutenant Alain Carignon et \u00e0 les jeter en p\u00e2ture sur Twitter pour tenter de les r\u00e9duire au silence.\u00a0<\/p>\n<p>LA D\u00c9RIVE D&rsquo;UN CAMP F\u00c9BRILE ET AUX ABOIS<\/p>\n<p style=\"text-align: justify;\">Cette escalade des m\u00e9thodes, de la disqualification \u00e0 l&rsquo;intimidation anonyme, en passant par l&rsquo;instrumentalisation de la justice, n&rsquo;est pas une d\u00e9monstration de force, mais bien l&rsquo;aveu d&rsquo;une f\u00e9brilit\u00e9 politique. Incapable de r\u00e9pondre sur le fond \u00e0 une contestation populaire l\u00e9gitime et grandissante, le syst\u00e8me Piolle et ses soutiens se crispent et r\u00e9v\u00e8lent leur vrai visage. \u00c0 neuf mois du scrutin municipal, ce climat de tension est un avant-go\u00fbt inqui\u00e9tant de la campagne \u00e0 venir. Il appartient aux Grenoblois de juger si ces pratiques sont dignes d&rsquo;une ville apais\u00e9e.<\/p>\n","protected":false},"excerpt":{"rendered":"Posted On 28 juin 2025 Il reste 9 mois avant les prochaines \u00e9lections municipales, et le syst\u00e8me Verts\/LFI&hellip;\n","protected":false},"author":2,"featured_media":210232,"comment_status":"","ping_status":"","sticky":false,"template":"","format":"standard","meta":{"footnotes":""},"categories":[9566],"tags":[1111,11,9601,11148,2430,9607,1777,674,1011,27,2731,11150,22032,12,25],"class_list":{"0":"post-210231","1":"post","2":"type-post","3":"status-publish","4":"format-standard","5":"has-post-thumbnail","7":"category-grenoble","8":"tag-actu","9":"tag-actualites","10":"tag-alain-carignon","11":"tag-alan-confesson","12":"tag-auvergne-rhone-alpes","13":"tag-eric-piolle","14":"tag-eu","15":"tag-europe","16":"tag-fr","17":"tag-france","18":"tag-grenoble","19":"tag-guizmaths","20":"tag-jean-luc-rizzi","21":"tag-news","22":"tag-republique-francaise"},"share_on_mastodon":{"url":"https:\/\/pubeurope.com\/@fr\/114759515928963303","error":""},"_links":{"self":[{"href":"https:\/\/www.europesays.com\/fr\/wp-json\/wp\/v2\/posts\/210231","targetHints":{"allow":["GET"]}}],"collection":[{"href":"https:\/\/www.europesays.com\/fr\/wp-json\/wp\/v2\/posts"}],"about":[{"href":"https:\/\/www.europesays.com\/fr\/wp-json\/wp\/v2\/types\/post"}],"author":[{"embeddable":true,"href":"https:\/\/www.europesays.com\/fr\/wp-json\/wp\/v2\/users\/2"}],"replies":[{"embeddable":true,"href":"https:\/\/www.europesays.com\/fr\/wp-json\/wp\/v2\/comments?post=210231"}],"version-history":[{"count":0,"href":"https:\/\/www.europesays.com\/fr\/wp-json\/wp\/v2\/posts\/210231\/revisions"}],"wp:featuredmedia":[{"embeddable":true,"href":"https:\/\/www.europesays.com\/fr\/wp-json\/wp\/v2\/media\/210232"}],"wp:attachment":[{"href":"https:\/\/www.europesays.com\/fr\/wp-json\/wp\/v2\/media?parent=210231"}],"wp:term":[{"taxonomy":"category","embeddable":true,"href":"https:\/\/www.europesays.com\/fr\/wp-json\/wp\/v2\/categories?post=210231"},{"taxonomy":"post_tag","embeddable":true,"href":"https:\/\/www.europesays.com\/fr\/wp-json\/wp\/v2\/tags?post=210231"}],"curies":[{"name":"wp","href":"https:\/\/api.w.org\/{rel}","templated":true}]}}