{"id":210233,"date":"2025-06-28T06:13:10","date_gmt":"2025-06-28T06:13:10","guid":{"rendered":"https:\/\/www.europesays.com\/fr\/210233\/"},"modified":"2025-06-28T06:13:10","modified_gmt":"2025-06-28T06:13:10","slug":"un-collegien-agresse-son-camarade-avec-un-secateur","status":"publish","type":"post","link":"https:\/\/www.europesays.com\/fr\/210233\/","title":{"rendered":"Un coll\u00e9gien agresse son camarade avec un s\u00e9cateur"},"content":{"rendered":"<p>Apr\u00e8s la pause-d\u00e9jeuner, la situation s\u2019est envenim\u00e9e devant le <a href=\"https:\/\/www.20minutes.fr\/dossier\/college\" class=\"color-ultramarine c-link\" rel=\"nofollow noopener\" target=\"_blank\">coll\u00e8ge<\/a> Charles-Munch de <a href=\"https:\/\/www.20minutes.fr\/grenoble\/\" class=\"color-ultramarine c-link\" rel=\"nofollow noopener\" target=\"_blank\">Grenoble<\/a> (<a href=\"https:\/\/www.20minutes.fr\/societe\/isere\/\" class=\"color-ultramarine c-link\" rel=\"nofollow noopener\" target=\"_blank\">Is\u00e8re<\/a>), jeudi. Selon <a href=\"https:\/\/actu.fr\/auvergne-rhone-alpes\/grenoble_38185\/grenoble-il-agresse-un-camarade-avec-une-arme-peu-commune-les-pompiers-interviennent-en-urgence_62831519.html\" target=\"_blank\" class=\"color-ultramarine c-link\" rel=\"nofollow noopener\">Actu.fr<\/a>, un coll\u00e9gien de 14 ans a \u00e9t\u00e9 agress\u00e9 \u00e0 coups de s\u00e9cateur par un camarade. Bless\u00e9e l\u00e9g\u00e8rement, la victime a \u00e9t\u00e9 prise en charge par les pompiers, appel\u00e9s en urgence.<\/p>\n<p>Selon les premiers \u00e9l\u00e9ments de l\u2019enqu\u00eate, transmis par la Direction interd\u00e9partementale de la police nationale (DIPN), le coll\u00e9gien de 14 ans a \u00e9t\u00e9 pris \u00e0 partie en d\u00e9but d\u2019apr\u00e8s-midi, devant l\u2019\u00e9tablissement. L\u2019auteur des faits aurait port\u00e9 plusieurs coups de s\u00e9cateur \u00e0 son camarade, devant plusieurs t\u00e9moins.<\/p>\n<p>Responsabilit\u00e9 att\u00e9nu\u00e9e<\/p>\n<p>\u00c0 l\u2019arriv\u00e9e des forces de l\u2019ordre, le suspect a refus\u00e9 d\u2019obtemp\u00e9rer, mais il a finalement pu \u00eatre interpell\u00e9 lorsqu\u2019il est revenu sur les lieux de l\u2019agression quelques instants plus tard, certainement pour en d\u00e9coudre \u00e0 nouveau.<\/p>\n<p>Si la victime porte plainte, l\u2019agresseur risque principalement d\u2019\u00eatre sanctionn\u00e9 par une mesure \u00e0 vocation \u00e9ducative plut\u00f4t que par une peine. Parce qu\u2019il est \u00e2g\u00e9 de moins de 18 ans, \u00e2ge de la majorit\u00e9 p\u00e9nale, sa responsabilit\u00e9 est att\u00e9nu\u00e9e par rapport \u00e0 celle d\u2019un majeur. Cependant, \u00e9tant \u00e2g\u00e9 de plus de 13 ans, il sera estim\u00e9 qu\u2019il est capable de discernement.<\/p>\n","protected":false},"excerpt":{"rendered":"Apr\u00e8s la pause-d\u00e9jeuner, la situation s\u2019est envenim\u00e9e devant le coll\u00e8ge Charles-Munch de Grenoble (Is\u00e8re), jeudi. Selon Actu.fr, un&hellip;\n","protected":false},"author":2,"featured_media":210234,"comment_status":"","ping_status":"","sticky":false,"template":"","format":"standard","meta":{"footnotes":""},"categories":[9566],"tags":[1111,47,11,1120,2430,1777,674,118,1011,27,2731,108,12,25,2431],"class_list":{"0":"post-210233","1":"post","2":"type-post","3":"status-publish","4":"format-standard","5":"has-post-thumbnail","7":"category-grenoble","8":"tag-actu","9":"tag-actualite","10":"tag-actualites","11":"tag-agression","12":"tag-auvergne-rhone-alpes","13":"tag-eu","14":"tag-europe","15":"tag-faits-divers","16":"tag-fr","17":"tag-france","18":"tag-grenoble","19":"tag-isere","20":"tag-news","21":"tag-republique-francaise","22":"tag-rhone-alpes"},"share_on_mastodon":{"url":"https:\/\/pubeurope.com\/@fr\/114759519767712035","error":""},"_links":{"self":[{"href":"https:\/\/www.europesays.com\/fr\/wp-json\/wp\/v2\/posts\/210233","targetHints":{"allow":["GET"]}}],"collection":[{"href":"https:\/\/www.europesays.com\/fr\/wp-json\/wp\/v2\/posts"}],"about":[{"href":"https:\/\/www.europesays.com\/fr\/wp-json\/wp\/v2\/types\/post"}],"author":[{"embeddable":true,"href":"https:\/\/www.europesays.com\/fr\/wp-json\/wp\/v2\/users\/2"}],"replies":[{"embeddable":true,"href":"https:\/\/www.europesays.com\/fr\/wp-json\/wp\/v2\/comments?post=210233"}],"version-history":[{"count":0,"href":"https:\/\/www.europesays.com\/fr\/wp-json\/wp\/v2\/posts\/210233\/revisions"}],"wp:featuredmedia":[{"embeddable":true,"href":"https:\/\/www.europesays.com\/fr\/wp-json\/wp\/v2\/media\/210234"}],"wp:attachment":[{"href":"https:\/\/www.europesays.com\/fr\/wp-json\/wp\/v2\/media?parent=210233"}],"wp:term":[{"taxonomy":"category","embeddable":true,"href":"https:\/\/www.europesays.com\/fr\/wp-json\/wp\/v2\/categories?post=210233"},{"taxonomy":"post_tag","embeddable":true,"href":"https:\/\/www.europesays.com\/fr\/wp-json\/wp\/v2\/tags?post=210233"}],"curies":[{"name":"wp","href":"https:\/\/api.w.org\/{rel}","templated":true}]}}