{"id":210238,"date":"2025-06-28T06:16:16","date_gmt":"2025-06-28T06:16:16","guid":{"rendered":"https:\/\/www.europesays.com\/fr\/210238\/"},"modified":"2025-06-28T06:16:16","modified_gmt":"2025-06-28T06:16:16","slug":"strasbourg-une-replique-du-celebre-collier-de-la-reine-de-marie-antoinette-entre-au-musee-des-arts-decoratifs","status":"publish","type":"post","link":"https:\/\/www.europesays.com\/fr\/210238\/","title":{"rendered":"Strasbourg. Une r\u00e9plique du c\u00e9l\u00e8bre \u00ab\u00a0collier de la reine\u00a0\u00bb de Marie-Antoinette entre au Mus\u00e9e des arts d\u00e9coratifs"},"content":{"rendered":"<p>La fameuse <a href=\"https:\/\/www.dna.fr\/culture-loisirs\/2024\/08\/29\/le-roman-vrai-du-collier-de-la-reine\" target=\"_blank\" rel=\"nofollow noopener\">affaire du collier de la reine<\/a> , destin\u00e9 \u00e0 Marie-Antoinette, valut au cardinal de Rohan d\u2019\u00eatre embastill\u00e9 pendant un an. C\u2019est dire l\u2019int\u00e9r\u00eat pour le Mus\u00e9e des arts d\u00e9coratifs de Strasbourg, qui comprend les appartements du cardinal, de l\u2019avoir dans ses collections. L\u2019original a bel et bien disparu, en \u00ab\u00a0pi\u00e8ces\u00a0\u00bb d\u00e9tach\u00e9es, et il en existe trois copies, une \u00e0 Versailles, une au ch\u00e2teau de Breteuil et donc celle que Strasbourg vient d\u2019acheter. Elle est la plus ancienne et surtout la seule \u00e0 l\u2019\u00e9chelle, souligne Louis-Napol\u00e9on Panel, conservateur du mus\u00e9e. Il s\u2019agit d\u2019une \u00ab\u00a0r\u00e9plique exacte\u00a0\u00bb de la parure de diamants d\u2019origine, en \u00ab\u00a0pierres du Rhin\u00a0\u00bb, cristaux fabriqu\u00e9s selon un proc\u00e9d\u00e9 mis au point par un Strasbourgeois en 1746, Georges Fr\u00e9d\u00e9ric Strasser.\u00a0L\u2019objet \u00e9tait dans la collection de Lucien Baszanger, un joaillier en parent\u00e9 avec Paul Bassenge. Ce dernier a con\u00e7u le collier original avec Charles B\u00f6hmer en 1772.\u00a0La r\u00e9plique tout juste acquise a notamment \u00e9t\u00e9 port\u00e9e par Michelle Morgan dans un film de Jean Delanoy.<\/p>\n<p>Le collier \u00e9tait propos\u00e9 aux ench\u00e8res par Artcurial, les Mus\u00e9es l\u2019ont eu pour 26\u00a0500\u00a0\u20ac, c\u2019est moins que l\u2019estimation de d\u00e9part (entre 30\u00a0000\u00a0et 50\u00a0000 \u20ac). Une fois qu\u2019il aura rejoint Strasbourg, il sera nettoy\u00e9. Il faudra au moins une grande exposition d\u00e9di\u00e9e \u00e0 l\u2019affaire du collier pour le d\u00e9voiler comme il se doit au public. Il sera visible \u00e0 partir de 2026, est-il pr\u00e9cis\u00e9.<\/p>\n","protected":false},"excerpt":{"rendered":"La fameuse affaire du collier de la reine , destin\u00e9 \u00e0 Marie-Antoinette, valut au cardinal de Rohan d\u2019\u00eatre&hellip;\n","protected":false},"author":2,"featured_media":210239,"comment_status":"","ping_status":"","sticky":false,"template":"","format":"standard","meta":{"footnotes":""},"categories":[2820],"tags":[1111,11,2389,1687,2880,1777,674,2271,107,1011,27,775,12,25,640,2879],"class_list":{"0":"post-210238","1":"post","2":"type-post","3":"status-publish","4":"format-standard","5":"has-post-thumbnail","7":"category-strasbourg","8":"tag-actu","9":"tag-actualites","10":"tag-alsace","11":"tag-culture-loisirs","12":"tag-edition-strasbourg","13":"tag-eu","14":"tag-europe","15":"tag-exposition-arts-plastiques","16":"tag-fil-info","17":"tag-fr","18":"tag-france","19":"tag-grand-est","20":"tag-news","21":"tag-republique-francaise","22":"tag-strasbourg","23":"tag-strasbourg-ville"},"share_on_mastodon":{"url":"https:\/\/pubeurope.com\/@fr\/114759531444838478","error":""},"_links":{"self":[{"href":"https:\/\/www.europesays.com\/fr\/wp-json\/wp\/v2\/posts\/210238","targetHints":{"allow":["GET"]}}],"collection":[{"href":"https:\/\/www.europesays.com\/fr\/wp-json\/wp\/v2\/posts"}],"about":[{"href":"https:\/\/www.europesays.com\/fr\/wp-json\/wp\/v2\/types\/post"}],"author":[{"embeddable":true,"href":"https:\/\/www.europesays.com\/fr\/wp-json\/wp\/v2\/users\/2"}],"replies":[{"embeddable":true,"href":"https:\/\/www.europesays.com\/fr\/wp-json\/wp\/v2\/comments?post=210238"}],"version-history":[{"count":0,"href":"https:\/\/www.europesays.com\/fr\/wp-json\/wp\/v2\/posts\/210238\/revisions"}],"wp:featuredmedia":[{"embeddable":true,"href":"https:\/\/www.europesays.com\/fr\/wp-json\/wp\/v2\/media\/210239"}],"wp:attachment":[{"href":"https:\/\/www.europesays.com\/fr\/wp-json\/wp\/v2\/media?parent=210238"}],"wp:term":[{"taxonomy":"category","embeddable":true,"href":"https:\/\/www.europesays.com\/fr\/wp-json\/wp\/v2\/categories?post=210238"},{"taxonomy":"post_tag","embeddable":true,"href":"https:\/\/www.europesays.com\/fr\/wp-json\/wp\/v2\/tags?post=210238"}],"curies":[{"name":"wp","href":"https:\/\/api.w.org\/{rel}","templated":true}]}}