{"id":210242,"date":"2025-06-28T06:18:09","date_gmt":"2025-06-28T06:18:09","guid":{"rendered":"https:\/\/www.europesays.com\/fr\/210242\/"},"modified":"2025-06-28T06:18:09","modified_gmt":"2025-06-28T06:18:09","slug":"bus-et-trams-gratuits-pour-les-moins-de-11-ans-des-le-1er-juillet-dans-la-metropole-nice-cote-dazur-on-vous-explique-comment-en-beneficier","status":"publish","type":"post","link":"https:\/\/www.europesays.com\/fr\/210242\/","title":{"rendered":"Bus et trams gratuits pour les moins de 11 ans d\u00e8s le 1er juillet dans la M\u00e9tropole Nice C\u00f4te d\u2019Azur: on vous explique comment en b\u00e9n\u00e9ficier"},"content":{"rendered":"<p>D\u00e8s le 1er juillet, tous les enfants de moins de 11 ans r\u00e9sidant dans la M\u00e9tropole Nice C\u00f4te d\u2019Azur pourront b\u00e9n\u00e9ficier de la gratuit\u00e9 des transports Lignes d\u2019Azur (tram + lignes de bus, hors bus Zou !). Les enfants de moins de 4 ans pouvaient d\u00e9j\u00e0 voyager gratuitement sur le r\u00e9seau, sans abonnement. Ce n\u2019est pas le cas des enfants entre 4 et 10 ans qui, pour b\u00e9n\u00e9ficier de cette nouvelle gratuit\u00e9, doivent avoir une carte. Les d\u00e9marches peuvent se faire d\u00e8s maintenant, en ligne ou dans une agence Lignes d\u2019Azur.<\/p>\n<p>Si votre enfant est d\u00e9j\u00e0 client avec un abonnement payant, il est possible de le transformer en abonnement gratuit (sur pr\u00e9sentation d\u2019une pi\u00e8ce d\u2019identit\u00e9 de l\u2019enfant et d\u2019un parent, ainsi que du livret de famille). Vous serez rembours\u00e9s au prorata de l\u2019utilisation.<\/p>\n<p>Des frais de dossier \u00e0 15 euros<\/p>\n<p>S\u2019il n\u2019a pas encore d\u2019abonnement, il suffit d\u2019en souscrire un en pr\u00e9sentant un justificatif de domicile, le livret de famille, la pi\u00e8ce d\u2019identit\u00e9 de l\u2019enfant et en fournissant une photo d\u2019identit\u00e9. Il faudra \u00e9galement acheter une carte \u00e0 2 euros.<\/p>\n<p>Dans tous les cas, des frais de dossier de 15 euros sont \u00e0 r\u00e9gler. L\u2019op\u00e9ration sera \u00e0 renouveler chaque ann\u00e9e pour continuer \u00e0 b\u00e9n\u00e9ficier de la gratuit\u00e9. \u00c0 chaque mont\u00e9e dans les transports, les enfants devront valider leur carte, comme avec un abonnement classique.<\/p>\n<p>\u00ab\u00a0Forger les habitudes de demain\u00a0\u00bb<\/p>\n<p>Une d\u00e9cision prise \u00ab\u00a0dans un contexte \u00e9conomique o\u00f9 chaque soutien compte\u00a0\u00bb et qui \u00ab\u00a0contribue \u00e0 forger chez nos enfants les habitudes de demain: celles d\u2019un territoire plus responsable et plus respectueux de son environnement\u00a0\u00bb, a pr\u00e9cis\u00e9 la M\u00e9tropole aux parents.<\/p>\n","protected":false},"excerpt":{"rendered":"D\u00e8s le 1er juillet, tous les enfants de moins de 11 ans r\u00e9sidant dans la M\u00e9tropole Nice C\u00f4te&hellip;\n","protected":false},"author":2,"featured_media":210243,"comment_status":"","ping_status":"","sticky":false,"template":"","format":"standard","meta":{"footnotes":""},"categories":[2819],"tags":[1111,11,1777,674,1011,27,12,2401,882,25,800,3366],"class_list":{"0":"post-210242","1":"post","2":"type-post","3":"status-publish","4":"format-standard","5":"has-post-thumbnail","7":"category-nice","8":"tag-actu","9":"tag-actualites","10":"tag-eu","11":"tag-europe","12":"tag-fr","13":"tag-france","14":"tag-news","15":"tag-nice","16":"tag-provence-alpes-cote-dazur","17":"tag-republique-francaise","18":"tag-transports","19":"tag-vie-locale"},"share_on_mastodon":{"url":"https:\/\/pubeurope.com\/@fr\/114759539476281389","error":""},"_links":{"self":[{"href":"https:\/\/www.europesays.com\/fr\/wp-json\/wp\/v2\/posts\/210242","targetHints":{"allow":["GET"]}}],"collection":[{"href":"https:\/\/www.europesays.com\/fr\/wp-json\/wp\/v2\/posts"}],"about":[{"href":"https:\/\/www.europesays.com\/fr\/wp-json\/wp\/v2\/types\/post"}],"author":[{"embeddable":true,"href":"https:\/\/www.europesays.com\/fr\/wp-json\/wp\/v2\/users\/2"}],"replies":[{"embeddable":true,"href":"https:\/\/www.europesays.com\/fr\/wp-json\/wp\/v2\/comments?post=210242"}],"version-history":[{"count":0,"href":"https:\/\/www.europesays.com\/fr\/wp-json\/wp\/v2\/posts\/210242\/revisions"}],"wp:featuredmedia":[{"embeddable":true,"href":"https:\/\/www.europesays.com\/fr\/wp-json\/wp\/v2\/media\/210243"}],"wp:attachment":[{"href":"https:\/\/www.europesays.com\/fr\/wp-json\/wp\/v2\/media?parent=210242"}],"wp:term":[{"taxonomy":"category","embeddable":true,"href":"https:\/\/www.europesays.com\/fr\/wp-json\/wp\/v2\/categories?post=210242"},{"taxonomy":"post_tag","embeddable":true,"href":"https:\/\/www.europesays.com\/fr\/wp-json\/wp\/v2\/tags?post=210242"}],"curies":[{"name":"wp","href":"https:\/\/api.w.org\/{rel}","templated":true}]}}