{"id":210254,"date":"2025-06-28T06:24:09","date_gmt":"2025-06-28T06:24:09","guid":{"rendered":"https:\/\/www.europesays.com\/fr\/210254\/"},"modified":"2025-06-28T06:24:09","modified_gmt":"2025-06-28T06:24:09","slug":"il-va-fermer-pour-travaux","status":"publish","type":"post","link":"https:\/\/www.europesays.com\/fr\/210254\/","title":{"rendered":"il va fermer pour travaux"},"content":{"rendered":"<p>            Par<br \/>\n        <strong><br \/>\n            <a href=\"https:\/\/actu.fr\/auteur\/lea-afonso\" title=\"Consulter tous les articles de L\u00e9a Afonso\" rel=\"nofollow noopener\" target=\"_blank\">L\u00e9a Afonso<\/a><br \/>\n        <\/strong><\/p>\n<p>        Publi\u00e9 le<\/p>\n<p>            28 juin 2025 \u00e0 8h08        <\/p>\n<p>Star des soir\u00e9es \u00e9tudiantes et notamment en vogue chez les plus jeunes,<strong> le Saint Des Seins<\/strong> \u00e0 <a href=\"https:\/\/actu.fr\/toulouse\/\" rel=\"nofollow noopener\" target=\"_blank\">Toulouse<\/a>, <strong>fermera<\/strong> ses portes le<strong> 3\u00a0juillet 2025<\/strong> apr\u00e8s une soir\u00e9e de f\u00eate. Une annonce publi\u00e9e sur le compte Instagram du bar, qui pr\u00e9voit des derni\u00e8res soir\u00e9es m\u00e9morables. Pour Actu Toulouse, il d\u00e9taille les raisons.<\/p>\n<p>Ferm\u00e9 pour travaux<\/p>\n<p class=\" wall-content\">Si ce c\u00e9l\u00e8bre bar ferme ses portes, c\u2019est tout simplement pour se <strong>refaire une beaut\u00e9<\/strong> le temps d\u2019un \u00e9t\u00e9. \u00ab\u2009Une saisonnalit\u00e9 qui correspond bien que, puisque nous avons une terrasse mod\u00e9r\u00e9e pour accueillir le public\u2009\u00bb, explique l\u2019\u00e9quipe.<\/p>\n<p class=\" wall-content\">Le Saint des seins en profite alors pour proc\u00e9der \u00e0 quelques <strong>r\u00e9novations<\/strong>. Mais quid du futur visage du bar\u2009? L\u2019\u00e9quipe n\u2019en dira rien\u2009: \u00ab\u2009Pour la suite, c\u2019est pour le moment<strong> top secret<\/strong>. Ce sera<strong> rigolo, original, cr\u00e9atif, technologique<\/strong> ou encore <strong>marquant<\/strong>\u2009\u00bb, glissent les membres \u00e0 Actu Toulouse. \u00ab\u2009On va s\u2019appuyer sur l\u2019identit\u00e9 qui existe pour faire quelque chose d\u2019encore mieux\u2009\u00bb.<\/p>\n<p class=\" wall-content\"><a href=\"https:\/\/www.instagram.com\/p\/DLUgEm9NemR\/embed\" title=\"Ouvrir le lien sur Instagram\" rel=\"nofollow noopener\" target=\"_blank\">Visualiser le contenu sur Instagram<\/a><\/p>\n<p>Un au revoir en grande pompe<\/p>\n<p class=\" wall-content\">Mais le bar ne fermera pas sans proc\u00e9der \u00e0 des adieux en grande pompe. \u00ab\u2009Les lumi\u00e8res s\u2019\u00e9teindront le 3\u00a0juillet suite \u00e0 une <strong>soir\u00e9e DJ all stars<\/strong>. Dix DJs qui ont marqu\u00e9 le Saint des Seins seront pr\u00e9sents avec un c\u00f4t\u00e9 festif et familial. L\u2019id\u00e9e est de <strong>m\u00ealer toutes les g\u00e9n\u00e9rations<\/strong> des 17\u00a0ans d\u2019histoire du bar\u2009\u00bb, compl\u00e8te l\u2019\u00e9quipe.<\/p>\n<p class=\" wall-content\">La veille, le <strong>mercredi 2\u00a0juillet<\/strong> au soir, ce sera une <strong>soir\u00e9e beerpong<\/strong>, ce jeu \u00ab\u2009embl\u00e9matique de notre bar\u2009\u00bb.<\/p>\n<p class=\" wall-content\">D\u00e9but des travaux le 4\u00a0juillet donc, pour une <strong>r\u00e9ouverture<\/strong> pr\u00e9vue pour la rentr\u00e9e de <strong>septembre\u00a02025.<\/strong> Aucune date officielle n\u2019est pour le moment communiqu\u00e9e.<\/p>\n<p class=\" wall-content\">Suivez toute l\u2019actualit\u00e9 de vos villes et m\u00e9dias favoris en vous inscrivant \u00e0 <a href=\"https:\/\/moncompte.actu.fr\" title=\"D\u00e9couvez Mon Actu\" rel=\"nofollow noopener\" data-trk=\"{&quot;cta&quot;:{&quot;action&quot;:&quot;https:\\\/\\\/moncompte.actu.fr&quot;,&quot;category&quot;:&quot;mon compte&quot;,&quot;from&quot;:&quot;article footer&quot;,&quot;name&quot;:&quot;Mon actu&quot;,&quot;type&quot;:&quot;cta&quot;}}\" target=\"_blank\">Mon Actu<\/a>.<\/p>\n<ul class=\"ac-article-tag wall-content\">\n<li><a href=\"https:\/\/actu.fr\/tag\/musique\" data-trk=\"{&quot;cta&quot;:{&quot;action&quot;:&quot;Musique&quot;,&quot;category&quot;:&quot;tag&quot;,&quot;from&quot;:&quot;article footer&quot;,&quot;name&quot;:&quot;Musique&quot;,&quot;type&quot;:&quot;cta&quot;}}\" rel=\"nofollow noopener\" target=\"_blank\">#Musique<\/a><\/li>\n<li><a href=\"https:\/\/actu.fr\/tag\/sortir-a-toulouse\" data-trk=\"{&quot;cta&quot;:{&quot;action&quot;:&quot;Sortir \\u00e0 Toulouse&quot;,&quot;category&quot;:&quot;tag&quot;,&quot;from&quot;:&quot;article footer&quot;,&quot;name&quot;:&quot;Sortir \\u00e0 Toulouse&quot;,&quot;type&quot;:&quot;cta&quot;}}\" rel=\"nofollow noopener\" target=\"_blank\">#Sortir \u00e0 Toulouse<\/a><\/li>\n<\/ul>\n<p>                    <script async src=\"\/\/www.instagram.com\/embed.js\"><\/script><\/p>\n","protected":false},"excerpt":{"rendered":"Par L\u00e9a Afonso Publi\u00e9 le 28 juin 2025 \u00e0 8h08 Star des soir\u00e9es \u00e9tudiantes et notamment en vogue&hellip;\n","protected":false},"author":2,"featured_media":210255,"comment_status":"","ping_status":"","sticky":false,"template":"","format":"standard","meta":{"footnotes":""},"categories":[2816],"tags":[1111,11,1777,674,1011,27,1652,873,12,2680,25,1341,2312],"class_list":{"0":"post-210254","1":"post","2":"type-post","3":"status-publish","4":"format-standard","5":"has-post-thumbnail","7":"category-toulouse","8":"tag-actu","9":"tag-actualites","10":"tag-eu","11":"tag-europe","12":"tag-fr","13":"tag-france","14":"tag-loisirs-culture","15":"tag-musique","16":"tag-news","17":"tag-occitanie","18":"tag-republique-francaise","19":"tag-sortir-a-toulouse","20":"tag-toulouse"},"share_on_mastodon":{"url":"https:\/\/pubeurope.com\/@fr\/114759562956121821","error":""},"_links":{"self":[{"href":"https:\/\/www.europesays.com\/fr\/wp-json\/wp\/v2\/posts\/210254","targetHints":{"allow":["GET"]}}],"collection":[{"href":"https:\/\/www.europesays.com\/fr\/wp-json\/wp\/v2\/posts"}],"about":[{"href":"https:\/\/www.europesays.com\/fr\/wp-json\/wp\/v2\/types\/post"}],"author":[{"embeddable":true,"href":"https:\/\/www.europesays.com\/fr\/wp-json\/wp\/v2\/users\/2"}],"replies":[{"embeddable":true,"href":"https:\/\/www.europesays.com\/fr\/wp-json\/wp\/v2\/comments?post=210254"}],"version-history":[{"count":0,"href":"https:\/\/www.europesays.com\/fr\/wp-json\/wp\/v2\/posts\/210254\/revisions"}],"wp:featuredmedia":[{"embeddable":true,"href":"https:\/\/www.europesays.com\/fr\/wp-json\/wp\/v2\/media\/210255"}],"wp:attachment":[{"href":"https:\/\/www.europesays.com\/fr\/wp-json\/wp\/v2\/media?parent=210254"}],"wp:term":[{"taxonomy":"category","embeddable":true,"href":"https:\/\/www.europesays.com\/fr\/wp-json\/wp\/v2\/categories?post=210254"},{"taxonomy":"post_tag","embeddable":true,"href":"https:\/\/www.europesays.com\/fr\/wp-json\/wp\/v2\/tags?post=210254"}],"curies":[{"name":"wp","href":"https:\/\/api.w.org\/{rel}","templated":true}]}}