{"id":210268,"date":"2025-06-28T06:31:09","date_gmt":"2025-06-28T06:31:09","guid":{"rendered":"https:\/\/www.europesays.com\/fr\/210268\/"},"modified":"2025-06-28T06:31:09","modified_gmt":"2025-06-28T06:31:09","slug":"la-solution-contre-la-crise-du-logement","status":"publish","type":"post","link":"https:\/\/www.europesays.com\/fr\/210268\/","title":{"rendered":"la solution contre la crise du logement\u00a0?"},"content":{"rendered":"<p>            Par<br \/>\n        <strong><br \/>\n            <a href=\"https:\/\/actu.fr\/auteur\/theo-zuili\" title=\"Consulter tous les articles de Th\u00e9o Zuili\" rel=\"nofollow noopener\" target=\"_blank\">Th\u00e9o Zuili<\/a><br \/>\n        <\/strong><\/p>\n<p>        Publi\u00e9 le<\/p>\n<p>            28 juin 2025 \u00e0 7h34        <\/p>\n<p>C\u2019est une nouvelle \u00e9tape dans la lutte contre<strong> la prolif\u00e9ration des locations touristiques<\/strong> \u00e0 <a href=\"https:\/\/actu.fr\/auvergne-rhone-alpes\/lyon_69123\" rel=\"nofollow noopener\" target=\"_blank\">Lyon<\/a>.<\/p>\n<p class=\" wall-content\">Le conseil municipal, r\u00e9uni le 26 juin 2025, a adopt\u00e9 une d\u00e9lib\u00e9ration pour <strong>abaisser \u00e0 90 jours par an<\/strong> le plafond de location des r\u00e9sidences principales sur Airbnb et les autres plateformes type Booking. Cette mesure prendra effet au 1\u1d49\u02b3 janvier 2026.<\/p>\n<p>Pourquoi la Ville serre la vis<\/p>\n<p class=\" wall-content\">Jusqu\u2019ici, un propri\u00e9taire pouvait louer jusqu\u2019\u00e0 120 jours par an son logement principal \u00e0 des touristes. Un seuil qui, selon la mairie de <a href=\"https:\/\/actu.fr\/tag\/gregory-doucet\" rel=\"nofollow noopener\" target=\"_blank\">Gr\u00e9gory Doucet<\/a>, permet encore de tirer <strong>plus de revenus qu\u2019une location \u00e0 l\u2019ann\u00e9e<\/strong>.<\/p>\n<p class=\" wall-content\">En pleine <a href=\"https:\/\/actu.fr\/auvergne-rhone-alpes\/lyon_69123\/lyon-l-immobilier-change-de-cap-en-2025-ce-que-revelent-les-derniers-chiffres_62656585.html\" rel=\"nofollow noopener\" target=\"_blank\">crise du logement \u00e0 Lyon<\/a> (comme dans d\u2019autres m\u00e9tropoles fran\u00e7aises), l\u2019ex\u00e9cutif \u00e9cologiste fait de l\u2019encadrement des meubl\u00e9s touristiques une priorit\u00e9 : ces logements souvent situ\u00e9s dans le centre-ville sont autant de <strong>biens en moins sur le march\u00e9<\/strong> traditionnel.<\/p>\n<p>Vid\u00e9os : en ce moment sur ActuUne loi r\u00e9cente permet ce changement<\/p>\n<p class=\" wall-content\">Ce durcissement s\u2019appuie sur <a href=\"https:\/\/actu.fr\/ile-de-france\/paris_75056\/paris-la-cour-de-cassation-inflige-un-nouveau-revers-a-anne-hidalgo-dans-sa-lutte-contre-airbnb_62503324.html\" rel=\"nofollow noopener\" target=\"_blank\">une loi du 19 novembre 2024<\/a> qui offre aux communes la possibilit\u00e9 de fixer elles-m\u00eames le plafond annuel <strong>entre 90 et 120 jours<\/strong>. C\u2019est dans ce cadre que Lyon rejoint les villes qui abaissent le seuil \u00e0 90 nuit\u00e9es. Un plafond d\u00e9j\u00e0 en vigueur dans plusieurs capitales europ\u00e9ennes, comme <a href=\"https:\/\/actu.fr\/paris\/\" rel=\"nofollow noopener\" target=\"_blank\">Paris<\/a>.<\/p>\n<p class=\" wall-content\">De quoi lutter contre la crise du logement ? Depuis 2018, <a href=\"https:\/\/actu.fr\/auvergne-rhone-alpes\/lyon_69123\/carte-airbnb-deserte-lyon-le-nombre-de-locations-en-chute-libre_59706839.html\" rel=\"nofollow noopener\" target=\"_blank\">environ 4 000 meubl\u00e9s de tourisme ont \u00e9t\u00e9 d\u00e9clar\u00e9s \u00e0 Lyon<\/a>, dont les trois quarts comme r\u00e9sidence principale. Mais pour les \u00e9lus, cette qualification est parfois trompeuse : la gestion de ces logements ressemble davantage \u00e0 <strong>une activit\u00e9 h\u00f4teli\u00e8re qui ne dit pas son nom<\/strong>.<\/p>\n<p>Un geste contre la crise du logement ?<\/p>\n<p class=\" wall-content\">Derri\u00e8re cette r\u00e9gulation, une volont\u00e9 politique assum\u00e9e : \u00ab\u00a0Toute forme d\u2019immobilisation du logement pose souci pour le logement traditionnel, pour loger une famille ou un jeune \u00e9tudiant qui arrive\u00a0\u00bb, plaidait r\u00e9cemment Renaud Payre, vice-pr\u00e9sident du Grand Lyon au Logement, <a href=\"https:\/\/actu.fr\/auvergne-rhone-alpes\/lyon_69123\/airbnb-la-metropole-de-lyon-veut-encore-durcir-les-regles-face-a-la-crise-du-logement_60660135.html\" rel=\"nofollow noopener\" target=\"_blank\">qui avait le m\u00eame projet<\/a>.<\/p>\n<p class=\" wall-content\">Ce n\u2019est pas la premi\u00e8re mesure lyonnaise contre les exc\u00e8s d\u2019Airbnb et autres plateformes du type. Depuis juin 2022, <a href=\"https:\/\/actu.fr\/auvergne-rhone-alpes\/lyon_69123\/lyon-gagner-de-l-argent-avec-son-appartement-sur-airbnb-va-t-il-devenir-plus-difficile_50212313.html\" rel=\"nofollow noopener\" target=\"_blank\">la r\u00e9glementation du changement d\u2019usage a d\u00e9j\u00e0 \u00e9t\u00e9 renforc\u00e9e<\/a>, notamment en centre-ville.<\/p>\n<p class=\" wall-content\">Dans <a href=\"https:\/\/actu.fr\/auvergne-rhone-alpes\/lyon_69123\/lyon-exige-des-mesures-fortes-pour-stopper-le-raz-de-marree-airbnb_60417550.html\" rel=\"nofollow noopener\" target=\"_blank\">une tribune publi\u00e9e en 2023<\/a>, les maires de Lyon, Villeurbanne et le pr\u00e9sident de la M\u00e9tropole se disaient favorables \u00e0 une limitation bien plus drastique, \u00e9voquant les mod\u00e8les d\u2019Amsterdam ou Barcelone, qui limitent les locations \u00e0 seulement 30 ou 31 jours par an.<\/p>\n<p class=\" wall-content\">Suivez toute l\u2019actualit\u00e9 de vos villes et m\u00e9dias favoris en vous inscrivant \u00e0 <a href=\"https:\/\/moncompte.actu.fr\" title=\"D\u00e9couvez Mon Actu\" rel=\"nofollow noopener\" data-trk=\"{&quot;cta&quot;:{&quot;action&quot;:&quot;https:\\\/\\\/moncompte.actu.fr&quot;,&quot;category&quot;:&quot;mon compte&quot;,&quot;from&quot;:&quot;article footer&quot;,&quot;name&quot;:&quot;Mon actu&quot;,&quot;type&quot;:&quot;cta&quot;}}\" target=\"_blank\">Mon Actu<\/a>.<\/p>\n","protected":false},"excerpt":{"rendered":"Par Th\u00e9o Zuili Publi\u00e9 le 28 juin 2025 \u00e0 7h34 C\u2019est une nouvelle \u00e9tape dans la lutte contre&hellip;\n","protected":false},"author":2,"featured_media":19708,"comment_status":"","ping_status":"","sticky":false,"template":"","format":"standard","meta":{"footnotes":""},"categories":[1889],"tags":[1111,11,7345,2430,1777,674,1011,27,5226,1116,2428,12,25,104],"class_list":{"0":"post-210268","1":"post","2":"type-post","3":"status-publish","4":"format-standard","5":"has-post-thumbnail","7":"category-lyon","8":"tag-actu","9":"tag-actualites","10":"tag-airbnb","11":"tag-auvergne-rhone-alpes","12":"tag-eu","13":"tag-europe","14":"tag-fr","15":"tag-france","16":"tag-gregory-doucet","17":"tag-immobilier","18":"tag-lyon","19":"tag-news","20":"tag-republique-francaise","21":"tag-societe"},"share_on_mastodon":{"url":"https:\/\/pubeurope.com\/@fr\/114759590392439124","error":""},"_links":{"self":[{"href":"https:\/\/www.europesays.com\/fr\/wp-json\/wp\/v2\/posts\/210268","targetHints":{"allow":["GET"]}}],"collection":[{"href":"https:\/\/www.europesays.com\/fr\/wp-json\/wp\/v2\/posts"}],"about":[{"href":"https:\/\/www.europesays.com\/fr\/wp-json\/wp\/v2\/types\/post"}],"author":[{"embeddable":true,"href":"https:\/\/www.europesays.com\/fr\/wp-json\/wp\/v2\/users\/2"}],"replies":[{"embeddable":true,"href":"https:\/\/www.europesays.com\/fr\/wp-json\/wp\/v2\/comments?post=210268"}],"version-history":[{"count":0,"href":"https:\/\/www.europesays.com\/fr\/wp-json\/wp\/v2\/posts\/210268\/revisions"}],"wp:featuredmedia":[{"embeddable":true,"href":"https:\/\/www.europesays.com\/fr\/wp-json\/wp\/v2\/media\/19708"}],"wp:attachment":[{"href":"https:\/\/www.europesays.com\/fr\/wp-json\/wp\/v2\/media?parent=210268"}],"wp:term":[{"taxonomy":"category","embeddable":true,"href":"https:\/\/www.europesays.com\/fr\/wp-json\/wp\/v2\/categories?post=210268"},{"taxonomy":"post_tag","embeddable":true,"href":"https:\/\/www.europesays.com\/fr\/wp-json\/wp\/v2\/tags?post=210268"}],"curies":[{"name":"wp","href":"https:\/\/api.w.org\/{rel}","templated":true}]}}