{"id":210273,"date":"2025-06-28T06:35:21","date_gmt":"2025-06-28T06:35:21","guid":{"rendered":"https:\/\/www.europesays.com\/fr\/210273\/"},"modified":"2025-06-28T06:35:21","modified_gmt":"2025-06-28T06:35:21","slug":"psg-infatigable-et-multifonction-achraf-hakimi-le-super-attaquant-de-paris","status":"publish","type":"post","link":"https:\/\/www.europesays.com\/fr\/210273\/","title":{"rendered":"PSG\u00a0: infatigable et multifonction, Achraf Hakimi, le super attaquant de Paris"},"content":{"rendered":"<p class=\"paragraph text_align_left lp-f-body-02\">Au bout d\u2019une saison interminable, o\u00f9 les organismes commencent \u00e0 tirer dur, Achraf Hakimi appara\u00eet comme un ovni. Inusable, infatigable, le lat\u00e9ral droit <a href=\"https:\/\/www.leparisien.fr\/sports\/football\/psg\/\" target=\"_blank\" rel=\"nofollow noopener\">du PSG<\/a> continue de galoper, encore et toujours, affichant des capacit\u00e9s athl\u00e9tiques hors norme qui impressionnent, alors qu\u2019il vient d\u2019encha\u00eener un troisi\u00e8me match disput\u00e9 en int\u00e9gralit\u00e9 \u00e0 la <a href=\"https:\/\/www.leparisien.fr\/sports\/football\/coupe-du-monde-des-clubs\/\" target=\"_blank\" rel=\"noreferrer nofollow noopener\">Coupe du monde des clubs<\/a>, <a href=\"https:\/\/www.leparisien.fr\/sports\/football\/coupe-du-monde-des-clubs\/seattle-psg-0-2-paris-qualifie-sans-trembler-pour-les-8es-de-finale-premiere-place-en-prime-23-06-2025-2KYCK3MI2VHVFNX3TGIGAUQQVA.php\" target=\"_blank\" rel=\"nofollow noopener\">lundi face \u00e0 Seattle (2-0)<\/a>. Son 65e, club et s\u00e9lection confondus, depuis le 1er juillet 2024 !<\/p>\n<p class=\"paragraph text_align_left lp-f-body-02\">\u00ab Je me sens bien, je r\u00e9cup\u00e8re bien, je travaille beaucoup avec le pr\u00e9parateur physique, le physio et le nutritionniste pour bien manger, bien dormir, explique le d\u00e9fenseur de 26 ans. Ils m\u2019ont donn\u00e9 la chance de r\u00e9cup\u00e9rer vite pour que je puisse continuer \u00e0 apporter mes qualit\u00e9s \u00e0 l\u2019\u00e9quipe. \u00bb<\/p>\n","protected":false},"excerpt":{"rendered":"Au bout d\u2019une saison interminable, o\u00f9 les organismes commencent \u00e0 tirer dur, Achraf Hakimi appara\u00eet comme un ovni.&hellip;\n","protected":false},"author":2,"featured_media":210274,"comment_status":"","ping_status":"","sticky":false,"template":"","format":"standard","meta":{"footnotes":""},"categories":[1888],"tags":[1111,1928,11,1927,7151,1777,674,63,1011,27,12,1926,626,1925,25,60],"class_list":{"0":"post-210273","1":"post","2":"type-post","3":"status-publish","4":"format-standard","5":"has-post-thumbnail","7":"category-paris","8":"tag-actu","9":"tag-actu-paris","10":"tag-actualites","11":"tag-actualites-paris","12":"tag-coupe-du-monde-des-clubs","13":"tag-eu","14":"tag-europe","15":"tag-football","16":"tag-fr","17":"tag-france","18":"tag-news","19":"tag-news-paris","20":"tag-paris","21":"tag-paris-news","22":"tag-republique-francaise","23":"tag-sports"},"share_on_mastodon":{"url":"https:\/\/pubeurope.com\/@fr\/114759606260551565","error":""},"_links":{"self":[{"href":"https:\/\/www.europesays.com\/fr\/wp-json\/wp\/v2\/posts\/210273","targetHints":{"allow":["GET"]}}],"collection":[{"href":"https:\/\/www.europesays.com\/fr\/wp-json\/wp\/v2\/posts"}],"about":[{"href":"https:\/\/www.europesays.com\/fr\/wp-json\/wp\/v2\/types\/post"}],"author":[{"embeddable":true,"href":"https:\/\/www.europesays.com\/fr\/wp-json\/wp\/v2\/users\/2"}],"replies":[{"embeddable":true,"href":"https:\/\/www.europesays.com\/fr\/wp-json\/wp\/v2\/comments?post=210273"}],"version-history":[{"count":0,"href":"https:\/\/www.europesays.com\/fr\/wp-json\/wp\/v2\/posts\/210273\/revisions"}],"wp:featuredmedia":[{"embeddable":true,"href":"https:\/\/www.europesays.com\/fr\/wp-json\/wp\/v2\/media\/210274"}],"wp:attachment":[{"href":"https:\/\/www.europesays.com\/fr\/wp-json\/wp\/v2\/media?parent=210273"}],"wp:term":[{"taxonomy":"category","embeddable":true,"href":"https:\/\/www.europesays.com\/fr\/wp-json\/wp\/v2\/categories?post=210273"},{"taxonomy":"post_tag","embeddable":true,"href":"https:\/\/www.europesays.com\/fr\/wp-json\/wp\/v2\/tags?post=210273"}],"curies":[{"name":"wp","href":"https:\/\/api.w.org\/{rel}","templated":true}]}}