{"id":210277,"date":"2025-06-28T06:37:09","date_gmt":"2025-06-28T06:37:09","guid":{"rendered":"https:\/\/www.europesays.com\/fr\/210277\/"},"modified":"2025-06-28T06:37:09","modified_gmt":"2025-06-28T06:37:09","slug":"six-escales-estivales-pour-voyager-sans-quitter-la-capitale","status":"publish","type":"post","link":"https:\/\/www.europesays.com\/fr\/210277\/","title":{"rendered":"six escales estivales pour voyager sans quitter la capitale"},"content":{"rendered":"<p>\u00c9vadez-vous sans passeport gr\u00e2ce \u00e0 ces six terrasses parisiennes aux accents d\u2019ailleurs. Japon, \u00c9tats-Unis, Espagne, Italie, Paris Belle \u00c9poque\u2026 et m\u00eame un survol gastronomique de la capitale avec Air France.<\/p>\n<p class=\"fig-paragraph\">L\u2019\u00e9t\u00e9 venu, Paris se transforme en terrain d\u2019\u00e9vasion \u00e0 ciel ouvert. Dans chaque arrondissement, une terrasse devient escale\u00a0: une cuisine am\u00e9ricaine iconique dans Saint-Germain-des-Pr\u00e9s, un jardin italien cach\u00e9 dans le Triangle d\u2019Or, une bodega catalane confidentielle pr\u00e8s du P\u00e8re-Lachaise, un izakaya \u00e0 ciel ouvert sign\u00e9 Yannick All\u00e9no, ou un lounge a\u00e9rien imagin\u00e9 par Air France. Autant d\u2019adresses o\u00f9 l\u2019on savoure un air de vacances sans franchir les fronti\u00e8res. Tour d\u2019horizon, quartier par quartier, de ces six escales estivales qui font voyager sans bouger.<\/p>\n<p>Ralph\u2019s, la pause am\u00e9ricaine<\/p>\n<p>    Ralph\u2019s Paris, la pause am\u00e9ricaine de Saint-Germain-des-Pr\u00e9s.<br \/>\n                Photo presse<\/p>\n<p class=\"fig-paragraph\">Rien ne bouge, sinon le bruissement des feuilles. Dans l\u2019une des plus jolies cours int\u00e9rieures de Saint-Germain-des-Pr\u00e9s (6e), Ralph Lauren a imagin\u00e9 un r\u00eave am\u00e9ricain parisien, entre banquettes bleu azur, meubles en fer forg\u00e9 et coussins cr\u00e8me. Les burgers (aussi en version veggie), le homard grill\u00e9 ou les beignets de crabe du Maryland, les salades d\u2019\u00e9t\u00e9 vitamin\u00e9es et les cocktails maison racontent un New York sans stress, \u00e0 savourer en polo ou robe blanche. Une adresse \u00e0 la fois tr\u00e8s Upper East Side\u2026 et rive gauche assum\u00e9e. So chic.<\/p>\n<p class=\"fig-paragraph\"><strong>Ralph\u2019s Paris<\/strong>, 173 boulevard Saint-Germain, 75006 Paris. T\u00e9l.\u00a0: 01 89 20 23 50.<br \/><a href=\"https:\/\/www.ralphlauren.fr\/fr\/global\/ralphs-paris\/7120?srsltid=AfmBOoqrSeb7X3kT6CkaN-u4WDZueCEgBzmsDe3cde4DCkzr8pC_-uZG\" target=\"_blank\" rel=\"nofollow noopener\" data-gtm-custom-categorie=\"navigation\" data-gtm-custom-action=\"crossclick\" data-gtm-custom-label=\"Contextuel\" data-gtm-event=\"customEventSPE\">ralphlauren.fr<\/a><\/p>\n<p>Il Ristorante, d\u00e9tour raffin\u00e9 en Italie<\/p>\n<p>    Il Ristorante, d\u00e9tour raffin\u00e9 en Italie de l\u2019h\u00f4tel Bulgari.<br \/>\n                Joann Pai<\/p>\n<p class=\"fig-paragraph\">Nich\u00e9 dans le jardin secret de l\u2019h\u00f4tel Bulgari Paris, au c\u0153ur du Triangle d\u2019Or, Il Ristorante propose une immersion dans l\u2019Italie d\u2019aujourd\u2019hui, \u00e9l\u00e9gante et essentielle. \u00c0 l\u2019ombre des feuillages, la terrasse de 26 couverts d\u00e9ploie ses banquettes et ses lampes dor\u00e9es dans un calme rare. Aux fourneaux, le chef trois \u00e9toiles Niko Romito r\u00e9interpr\u00e8te avec finesse les classiques de l\u2019\u00e9t\u00e9\u00a0: f\u00e8ves croquantes, asperges fondantes, carottes nouvelles et fraises gorg\u00e9es de soleil&#8230; Un voyage tout en subtilit\u00e9, entre design, discr\u00e9tion et dolce vita.<\/p>\n<p class=\"fig-paragraph\"><strong>Il Ristorante &#8211; Niko Romito<\/strong>, 30 avenue George-V, 75008 Paris. T\u00e9l.\u00a0: 01 81 72 10 80.\u00a0<a href=\"https:\/\/www.bulgarihotels.com\/paris\/dining\/il-ristorante-niko-romito\" target=\"_blank\" rel=\"nofollow noopener\" data-gtm-custom-categorie=\"navigation\" data-gtm-custom-action=\"crossclick\" data-gtm-custom-label=\"Contextuel\" data-gtm-event=\"customEventSPE\">bulgarihotels.com<\/a><\/p>\n<p class=\"fig-body-link\">\n            \u00c0 lire aussi<br \/>\n        <a class=\"fig-body-link__link fig-premium-mark\" href=\"http:\/\/www.lefigaro.fr\/voyages\/hotels\/on-a-pousse-les-portes-du-bulgari-paris-un-bijou-d-hotellerie-20211125\" data-fig-type=\"Article\" data-gtm-custom-categorie=\"navigation\" data-gtm-custom-action=\"crossclick\" data-gtm-custom-label=\"Contextuel\" data-gtm-event=\"customEventSPE\" data-fig-domain=\"LEFIGARO\" target=\"_blank\" rel=\"noopener\">On a pouss\u00e9 les portes du Bulgari Paris, un bijou d&rsquo;h\u00f4tellerie<br \/>\n    <\/a>\n<\/p>\n<p>Amagat, parenth\u00e8se catalane<\/p>\n<p class=\"fig-paragraph\">Cach\u00e9e au fond d\u2019une cour pav\u00e9e du 20e arrondissement, Amagat \u2014 qui signifie \u00ab cach\u00e9 \u00bb en catalan \u2014 recr\u00e9e l\u2019atmosph\u00e8re moite et vibrante d\u2019une bodega ib\u00e9rique. Une terrasse confidentielle, quelques tables \u00e9clair\u00e9es \u00e0 la bougie, une carte vive et g\u00e9n\u00e9reuse sign\u00e9e Sylvain Roucayrol\u00a0: croquetas \u00e0 la soubressade, tortilla fondante aux carabineros, vins naturels\u2026 Cette \u00abcave \u00e0 manger\u00bb respire la f\u00eate et le partage. Les murs sont bruts, l\u2019ambiance intimiste, et l\u2019Espagne, ici, s\u2019invite sans folklore. Attention, uniquement le soir.<\/p>\n<p class=\"fig-paragraph\"><strong>Amagat<\/strong>, 23 Villa Riberolle, 75020 Paris. T\u00e9l.\u00a0: 06 19 37 71 31.\u00a0<a href=\"https:\/\/www.amagatparis.fr\" target=\"_blank\" rel=\"nofollow noopener\" data-gtm-custom-categorie=\"navigation\" data-gtm-custom-action=\"crossclick\" data-gtm-custom-label=\"Contextuel\" data-gtm-event=\"customEventSPE\">amagatparis.fr<\/a><\/p>\n<p>Le Grand Caf\u00e9, escale fran\u00e7aise Belle \u00c9poque<\/p>\n<p>    La terrasse du Grand Caf\u00e9 au Grand Palais.<br \/>\n                Matthieu Salvaing<\/p>\n<p class=\"fig-paragraph\">\u00c0 peine ouverte et d\u00e9j\u00e0 surnomm\u00e9e \u00abla plus belle terrasse de Paris\u00bb. Au pied du Grand Palais, donnant sur le Petit Palais, cette nouvelle adresse sign\u00e9e Loulou Groupe de Gilles et Claire Malafosse est spectaculaire. Imagin\u00e9e avec l\u2019architecte Joseph Dirand et fleurie par Thierry Boutemy, la brasserie rend hommage \u00e0 la Belle \u00c9poque et aux fondamentaux de la cuisine fran\u00e7aise bourgeoise. Sous les lustres ou au grand air, on se r\u00e9gale d\u2019\u0153ufs mimosa aux anchois, carpaccio de gambas rouges, tartare de b\u0153uf ou sole meuni\u00e8re, moules, coques et palourdes marini\u00e8res, ris de veau pan\u00e9 au citron et romarin, en \u00e9coutant les notes d\u2019un piano discret. Une brasserie de haut vol, aussi monumentale que son d\u00e9cor, entre colonnes sculpt\u00e9es et palmiers g\u00e9ants.<\/p>\n<p class=\"fig-paragraph\"><strong>Le Grand Caf\u00e9 au Grand Palais<\/strong>, 1, place Clemenceau, 75008. T\u00e9l.\u00a0: 01 85 09 40 50.\u00a0<a href=\"https:\/\/www.legrandcafe.paris\" target=\"_blank\" rel=\"nofollow noopener\" data-gtm-custom-categorie=\"navigation\" data-gtm-custom-action=\"crossclick\" data-gtm-custom-label=\"Contextuel\" data-gtm-event=\"customEventSPE\">legrandcafe.paris<\/a><\/p>\n<p class=\"fig-body-link\">\n            \u00c0 lire aussi<br \/>\n        <a class=\"fig-body-link__link fig-premium-mark\" href=\"http:\/\/www.lefigaro.fr\/gastronomie\/brasserie-chic-terrasse-xxl-concerts-de-jazz-decouvrez-le-grand-cafe-le-nouveau-restaurant-majestueux-installe-au-grand-palais-20250502\" target=\"_blank\" data-fig-type=\"Article\" rel=\"noopener\" data-gtm-custom-categorie=\"navigation\" data-gtm-custom-action=\"crossclick\" data-gtm-custom-label=\"Contextuel\" data-gtm-event=\"customEventSPE\" data-fig-domain=\"LEFIGARO\">Brasserie chic, terrasse XXL, concerts de jazz&#8230; D\u00e9couvrez Le Grand Caf\u00e9, le nouveau restaurant majestueux install\u00e9 au Grand Palais<br \/>\n    <\/a>\n<\/p>\n<p>Izakaya Dassai, \u00e9vasion nipponne par Yannick Alleno<\/p>\n<p class=\"fig-paragraph\">Entre deux galeries du Beaupassage (7e), Yannick All\u00e9no distille son amour du Japon dans un izakaya chic et feutr\u00e9. Mais qu\u2019est-ce donc\u00a0? Izakaya est compos\u00e9 de trois kanji signifiant, dans l\u2019ordre, \u00ab s\u00e9journer-boire-lieu\u00a0\u00bb. Un endroit o\u00f9 prendre un verre, s\u2019installer et se sentir \u00e0 l\u2019aise. Cela tombe bien, \u00e0 l\u2019\u00e9cart du tumulte parisien, la terrasse pav\u00e9e accueille une poign\u00e9e de tables o\u00f9 l\u2019on partage sashimis usuzukuri, omelette dashimaki, caille grill\u00e9e sauce yakiniku et mochis glac\u00e9s. L\u2019accord mets-sak\u00e9s \u2014 tous issus de la maison Dassai \u2014 prolonge le voyage. Sous les branches d\u2019un figuier, le temps s\u2019\u00e9tire, les bouch\u00e9es s\u2019encha\u00eenent et Paris s\u2019efface un instant.<\/p>\n<p class=\"fig-paragraph\"><strong>Izakaya Dassai, <\/strong>53-57 rue de Grenelle, 75007 Paris. T\u00e9l.\u00a0: 01 84 74 21 21.<br \/><a href=\"https:\/\/www.izakayadassai.paris\" target=\"_blank\" rel=\"nofollow noopener\" data-gtm-custom-categorie=\"navigation\" data-gtm-custom-action=\"crossclick\" data-gtm-custom-label=\"Contextuel\" data-gtm-event=\"customEventSPE\">izakayadassai.paris<\/a><\/p>\n<p>Terrasse Air France, tour du monde au sommet en Business Class<\/p>\n<p>    Terrasse Air France, tour du monde au sommet en Business Class face \u00e0 la tour Eiffel.<br \/>\n                THOMAS HERICOURT<\/p>\n<p class=\"fig-paragraph\">Apr\u00e8s son\u00a0<a href=\"http:\/\/www.lefigaro.fr\/voyages\/jo-paris-2024-l-etonnante-escale-d-air-france-au-palais-de-tokyo-20240729\" data-fig-type=\"Article\" data-gtm-custom-categorie=\"navigation\" data-gtm-custom-action=\"crossclick\" data-gtm-custom-label=\"Contextuel\" data-gtm-event=\"customEventSPE\" data-fig-domain=\"LEFIGARO\" target=\"_blank\" rel=\"noopener\">escale remarqu\u00e9e au Palais de Tokyo<\/a>\u00a0l\u2019\u00e9t\u00e9 dernier pendant les JO, Air France s\u2019installe tout l\u2019\u00e9t\u00e9 sur le toit des Galeries Lafayette (9) avec une terrasse \u00e9ph\u00e9m\u00e8re exclusive. Dans un \u00e9crin \u00e9l\u00e9gant d\u00e9clin\u00e9 aux couleurs de la compagnie \u2013 bleu profond, blanc lumineux, touches de rouge \u2013, vingt couverts seulement sont dispos\u00e9s face \u00e0 Paris. Deux services au d\u00e9jeuner permettent de savourer, \u00ab comme en vol\u00a0\u00bb, un menu Business long-courrier sign\u00e9 par le chef trois \u00e9toiles R\u00e9gis Marcon, avec desserts de la p\u00e2tissi\u00e8re Nina M\u00e9tayer. Le tout est servi dans la vaisselle dessin\u00e9e par Jean-Marie Massaud. Plateau repas chic, s\u00e9lection de grands vins et champagnes par Xavier Thuizat, et salon ext\u00e9rieur avec transats pour prolonger le survol visuel de la capitale. Une exp\u00e9rience a\u00e9rienne, feutr\u00e9e, hors du tumulte urbain.<\/p>\n<p class=\"fig-paragraph\"><strong>Restaurant Air France<\/strong>, 8 \u00e9tage des Galeries Lafayette, magasin Coupole, 40 boulevard Haussmann, 75009 Paris. Ouvert tous les jours (sauf le mardi) jusqu\u2019au 20 ao\u00fbt, sur\u00a0<a href=\"https:\/\/haussmann.galerieslafayette.com\/events\/restaurant-air-france\" target=\"_blank\" rel=\"nofollow noopener\" data-gtm-custom-categorie=\"navigation\" data-gtm-custom-action=\"crossclick\" data-gtm-custom-label=\"Contextuel\" data-gtm-event=\"customEventSPE\">r\u00e9servation uniquement<\/a> . Formule d\u00e9jeuner\u00a0: 93\u202f\u20ac, boissons comprises.<\/p>\n<p class=\"fig-body-link\">\n            \u00c0 lire aussi<br \/>\n        <a class=\"fig-body-link__link\" href=\"http:\/\/www.lefigaro.fr\/voyages\/hotels\/piscines-xxl-a-paris-10-bassins-d-hotel-spectaculaires-pour-traverser-la-chaleur-avec-style-20250621\" data-fig-type=\"Article\" data-gtm-custom-categorie=\"navigation\" data-gtm-custom-action=\"crossclick\" data-gtm-custom-label=\"Contextuel\" data-gtm-event=\"customEventSPE\" data-fig-domain=\"LEFIGARO\" target=\"_blank\" rel=\"noopener\">Piscines XXL \u00e0 Paris\u00a0: 10 bassins d\u2019h\u00f4tel spectaculaires pour traverser la chaleur avec style<br \/>\n    <\/a><\/p>\n","protected":false},"excerpt":{"rendered":"\u00c9vadez-vous sans passeport gr\u00e2ce \u00e0 ces six terrasses parisiennes aux accents d\u2019ailleurs. Japon, \u00c9tats-Unis, Espagne, Italie, Paris Belle&hellip;\n","protected":false},"author":2,"featured_media":210278,"comment_status":"","ping_status":"","sticky":false,"template":"","format":"standard","meta":{"footnotes":""},"categories":[1888],"tags":[11,1777,674,1011,27,1661,12949,12950,12952,12,626,25,2520,7169,12954,12953,12956,12955,4064,12951],"class_list":{"0":"post-210277","1":"post","2":"type-post","3":"status-publish","4":"format-standard","5":"has-post-thumbnail","7":"category-paris","8":"tag-actualites","9":"tag-eu","10":"tag-europe","11":"tag-fr","12":"tag-france","13":"tag-gastronomie","14":"tag-guide-voyage","15":"tag-meilleur-week-end","16":"tag-meilleure-destination","17":"tag-news","18":"tag-paris","19":"tag-republique-francaise","20":"tag-sejour","21":"tag-terrasses","22":"tag-voyage-afrique","23":"tag-voyage-asie","24":"tag-voyage-europe","25":"tag-voyage-oceanie","26":"tag-week-end","27":"tag-week-end-de-luxe"},"share_on_mastodon":{"url":"https:\/\/pubeurope.com\/@fr\/114759614070875450","error":""},"_links":{"self":[{"href":"https:\/\/www.europesays.com\/fr\/wp-json\/wp\/v2\/posts\/210277","targetHints":{"allow":["GET"]}}],"collection":[{"href":"https:\/\/www.europesays.com\/fr\/wp-json\/wp\/v2\/posts"}],"about":[{"href":"https:\/\/www.europesays.com\/fr\/wp-json\/wp\/v2\/types\/post"}],"author":[{"embeddable":true,"href":"https:\/\/www.europesays.com\/fr\/wp-json\/wp\/v2\/users\/2"}],"replies":[{"embeddable":true,"href":"https:\/\/www.europesays.com\/fr\/wp-json\/wp\/v2\/comments?post=210277"}],"version-history":[{"count":0,"href":"https:\/\/www.europesays.com\/fr\/wp-json\/wp\/v2\/posts\/210277\/revisions"}],"wp:featuredmedia":[{"embeddable":true,"href":"https:\/\/www.europesays.com\/fr\/wp-json\/wp\/v2\/media\/210278"}],"wp:attachment":[{"href":"https:\/\/www.europesays.com\/fr\/wp-json\/wp\/v2\/media?parent=210277"}],"wp:term":[{"taxonomy":"category","embeddable":true,"href":"https:\/\/www.europesays.com\/fr\/wp-json\/wp\/v2\/categories?post=210277"},{"taxonomy":"post_tag","embeddable":true,"href":"https:\/\/www.europesays.com\/fr\/wp-json\/wp\/v2\/tags?post=210277"}],"curies":[{"name":"wp","href":"https:\/\/api.w.org\/{rel}","templated":true}]}}