{"id":210279,"date":"2025-06-28T06:38:10","date_gmt":"2025-06-28T06:38:10","guid":{"rendered":"https:\/\/www.europesays.com\/fr\/210279\/"},"modified":"2025-06-28T06:38:10","modified_gmt":"2025-06-28T06:38:10","slug":"la-russie-commet-des-crimes-de-guerre-contre-le-patrimoine-culturel-des-conservatrices-de-musee-ukrainiennes-temoignent-a-paris-et-reims","status":"publish","type":"post","link":"https:\/\/www.europesays.com\/fr\/210279\/","title":{"rendered":"\u00ab\u00a0La Russie commet des crimes de guerre contre le patrimoine culturel\u00a0\u00bb\u00a0: des conservatrices de mus\u00e9e ukrainiennes t\u00e9moignent \u00e0 Paris et Reims"},"content":{"rendered":"<p class=\"paragraph text_align_left lp-f-body-02\">Si la France a vers\u00e9 3 milliards d\u2019euros d\u2019aide militaire \u00e0 l\u2019Ukraine en 2024, son soutien ne s\u2019arr\u00eate pas l\u00e0. \u00ab Depuis <a href=\"https:\/\/www.leparisien.fr\/crise-ukraine-russie\/\" target=\"_blank\" rel=\"noreferrer nofollow noopener\">l\u2019invasion de l\u2019Ukraine en f\u00e9vrier 2022<\/a>, la France s\u2019est engag\u00e9e \u00e0 soutenir le secteur culturel ukrainien (\u2026) avec un accent particulier sur la formation et les \u00e9changes professionnels \u00bb, fait savoir le minist\u00e8re de la Culture dans le cadre d\u2019une op\u00e9ration originale, men\u00e9e toute cette semaine.<\/p>\n<p class=\"paragraph text_align_left lp-f-body-02\">Dix professionnelles ukrainiennes ont ainsi \u00e9t\u00e9 accueillies \u00e0 Paris dans le cadre d\u2019un s\u00e9minaire sur la protection du patrimoine en temps de crise, notamment lors de conflits arm\u00e9s. L\u2019occasion de partager leurs exp\u00e9riences avec leurs homologues fran\u00e7ais, mais aussi avec le public.<\/p>\n<p class=\"paragraph text_align_left lp-f-body-02\">\u00ab Mardi, le Louvre \u00e9tait ferm\u00e9 au public, mais nous avons eu l\u2019occasion de le visiter, c\u2019\u00e9tait vraiment incroyable \u00bb, s\u2019enthousiasme Dariia Diakova, directrice adjointe <a href=\"https:\/\/www.leparisien.fr\/international\/en-ukraine-lunesco-inscrit-le-centre-historique-dodessa-au-patrimoine-mondial-en-peril-26-01-2023-6WLAGHDKQRB43NIIEFRCGUMN24.php\" target=\"_blank\" rel=\"noreferrer nofollow noopener\">du mus\u00e9e des Beaux-arts d\u2019Odessa<\/a>, pr\u00e9sente \u00e0 Reims (Marne), ce jeudi 26 juin, pour une visite du mus\u00e9e Saint-Remi et la participation \u00e0 un exercice d\u2019\u00e9vacuation, encadr\u00e9 par trois militaires. \u00ab Le soir, nous avons t\u00e9moign\u00e9 devant 80 visiteurs sur l\u2019h\u00e9ritage culturel ukrainien. Il y a eu beaucoup d\u2019\u00e9motions, le public avait les larmes aux yeux. Ils ne s\u2019attendaient peut-\u00eatre pas \u00e0 \u00e7a, car nous avons parl\u00e9 de notre r\u00e9alit\u00e9 : nous vivons toujours en temps de guerre. \u00bb<\/p>\n<p>\u00ab La culture n\u2019est plus une priorit\u00e9 \u00bb<\/p>\n<p class=\"paragraph text_align_left lp-f-body-02\">Dans son mus\u00e9e d\u2019Odessa, ville bord\u00e9e par la mer Noire, quatre vagues d\u2019\u00e9vacuation d\u2019\u0153uvres ont d\u00e9j\u00e0 \u00e9t\u00e9 men\u00e9es depuis le d\u00e9but du conflit. \u00ab Dans la nuit du 5 novembre 2023, les Russes nous ont bombard\u00e9s \u00bb, se souvient Dariia Diakova. \u00ab Notre syst\u00e8me d\u2019alimentation en eau potable a \u00e9t\u00e9 endommag\u00e9 et le mus\u00e9e a \u00e9t\u00e9 inond\u00e9. \u00bb<\/p>\n<p class=\"paragraph text_align_left lp-f-body-02\">La jeune femme est \u00e9galement directrice de <a href=\"https:\/\/www.mfcua.org\/en-2\" target=\"_blank\" rel=\"noreferrer nofollow noopener\">Museum for Change<\/a>, une ONG cr\u00e9\u00e9e en 2017 dans le but de promouvoir les mus\u00e9es d\u2019Odessa. Avec la guerre, sa mission a pris une autre dimension. \u00ab On cherche des soutiens, mais c\u2019est difficile, car il n\u2019y a plus beaucoup de gens qui travaillent dans des mus\u00e9es \u00bb, regrette-t-elle. \u00ab La culture n\u2019est plus une priorit\u00e9, les cr\u00e9dits vont \u00e0 l\u2019arm\u00e9e, et c\u2019est normal dans notre situation. Au d\u00e9but de l\u2019invasion russe, on a fait appel \u00e0 des volontaires pour \u00e9vacuer, mais c\u2019est d\u00e9sormais encadr\u00e9 par le minist\u00e8re de la Culture. \u00bb<\/p>\n<p class=\"paragraph text_align_left lp-f-body-02\">Celui-ci avait envoy\u00e9 en France Maryna Okhrimenko, qui a \u00e9crit un article de recherche sur la protection de l\u2019h\u00e9ritage culturel en temps de guerre. \u00ab On remercie la France de nous offrir ce soutien, \u00e7a va nous permettre de partager nos exp\u00e9riences \u00bb, note-t-elle. \u00ab La Russie commet des crimes de guerre contre le patrimoine culturel ukrainien. C\u2019est important de t\u00e9moigner pour qu\u2019un jour, la Russie r\u00e9ponde des crimes qu\u2019elle a commis. \u00bb<\/p>\n<p class=\"paragraph text_align_left lp-f-body-02\">Svetlana Yaremenko, conservatrice du mus\u00e9e de la bataille de Poltava, a \u00e9t\u00e9 meurtrie dans sa chair par le conflit. \u00ab J\u2019ai perdu mon fianc\u00e9 \u00bb, raconte-t-elle avec \u00e9motion. \u00ab Beaucoup de chercheurs et de conservateurs sont partis, sont morts ou ont perdu des proches. On doit continuer notre travail pour montrer l\u2019exemple au monde entier. \u00bb<\/p>\n","protected":false},"excerpt":{"rendered":"Si la France a vers\u00e9 3 milliards d\u2019euros d\u2019aide militaire \u00e0 l\u2019Ukraine en 2024, son soutien ne s\u2019arr\u00eate&hellip;\n","protected":false},"author":2,"featured_media":210280,"comment_status":"","ping_status":"","sticky":false,"template":"","format":"standard","meta":{"footnotes":""},"categories":[1591],"tags":[11,872,459,1887,4756,12,1885,1886,132],"class_list":{"0":"post-210279","1":"post","2":"type-post","3":"status-publish","4":"format-standard","5":"has-post-thumbnail","7":"category-russie","8":"tag-actualites","9":"tag-culture-et-loisirs","10":"tag-departements-horsidfo","11":"tag-federation-de-russie","12":"tag-marne-51","13":"tag-news","14":"tag-russia","15":"tag-russian-federation","16":"tag-russie"},"share_on_mastodon":{"url":"https:\/\/pubeurope.com\/@fr\/114759618006823530","error":""},"_links":{"self":[{"href":"https:\/\/www.europesays.com\/fr\/wp-json\/wp\/v2\/posts\/210279","targetHints":{"allow":["GET"]}}],"collection":[{"href":"https:\/\/www.europesays.com\/fr\/wp-json\/wp\/v2\/posts"}],"about":[{"href":"https:\/\/www.europesays.com\/fr\/wp-json\/wp\/v2\/types\/post"}],"author":[{"embeddable":true,"href":"https:\/\/www.europesays.com\/fr\/wp-json\/wp\/v2\/users\/2"}],"replies":[{"embeddable":true,"href":"https:\/\/www.europesays.com\/fr\/wp-json\/wp\/v2\/comments?post=210279"}],"version-history":[{"count":0,"href":"https:\/\/www.europesays.com\/fr\/wp-json\/wp\/v2\/posts\/210279\/revisions"}],"wp:featuredmedia":[{"embeddable":true,"href":"https:\/\/www.europesays.com\/fr\/wp-json\/wp\/v2\/media\/210280"}],"wp:attachment":[{"href":"https:\/\/www.europesays.com\/fr\/wp-json\/wp\/v2\/media?parent=210279"}],"wp:term":[{"taxonomy":"category","embeddable":true,"href":"https:\/\/www.europesays.com\/fr\/wp-json\/wp\/v2\/categories?post=210279"},{"taxonomy":"post_tag","embeddable":true,"href":"https:\/\/www.europesays.com\/fr\/wp-json\/wp\/v2\/tags?post=210279"}],"curies":[{"name":"wp","href":"https:\/\/api.w.org\/{rel}","templated":true}]}}