{"id":210288,"date":"2025-06-28T06:43:12","date_gmt":"2025-06-28T06:43:12","guid":{"rendered":"https:\/\/www.europesays.com\/fr\/210288\/"},"modified":"2025-06-28T06:43:12","modified_gmt":"2025-06-28T06:43:12","slug":"le-rechauffement-de-leurope-est-plus-rapide-et-plus-fort-que-prevu","status":"publish","type":"post","link":"https:\/\/www.europesays.com\/fr\/210288\/","title":{"rendered":"\u00ab\u00a0Le r\u00e9chauffement de l\u2019Europe est plus rapide et plus fort que pr\u00e9vu\u00a0\u00bb"},"content":{"rendered":"<p>  &#13;<br \/>\n      <a href=\"https:\/\/cdn-s-www.ledauphine.com\/images\/864628ad-d1b0-4de0-a0b2-2f4379dfb11e\/NW_raw\/valerie-masson-delmotte-photo-ebra-alexandre-marchi-1751053001.jpg\" title=\"Val\u00e9rie Masson-Delmotte. Photo EBRA\/Alexandre Marchi\" class=\"chocolat-image GA-tracking\" data-ga_type=\"click\" data-ga_category=\"D\u00e9tail\" data-ga_action=\"zoomer\" data-ga_label=\"agrandir image\" rel=\"nofollow noopener\" target=\"_blank\">&#13;<br \/>\n          <img loading=\"lazy\" decoding=\"async\" src=\"https:\/\/www.europesays.com\/fr\/wp-content\/uploads\/2025\/06\/valerie-masson-delmotte-photo-ebra-alexandre-marchi-1751053001.jpg\" data-mobile=\"NW_listC_M|1751053001\" data-base=\"NW_listC|1751053001\" alt=\"Val\u00e9rie Masson-Delmotte. Photo EBRA\/Alexandre Marchi\"\/>&#13;<br \/>\n      <\/a>&#13;<\/p>\n<p>Val\u00e9rie Masson-Delmotte. Photo EBRA\/Alexandre Marchi<\/p>\n<p>&#13;<\/p>\n<p class=\"question\">Cette canicule peut-elle \u00eatre reli\u00e9e au r\u00e9chauffement climatique\u00a0?<\/p>\n<p>\u00ab\u00a0\u00c7a reste encore incertain. Ce type de configuration fait partie de la variabilit\u00e9 m\u00e9t\u00e9orologique. Par contre, dans un climat qui se r\u00e9chauffe, lorsqu\u2019on a ce type de blocage atmosph\u00e9rique, on peut avoir une tr\u00e8s forte accumulation de chaleur. En ce moment, on voit une arriv\u00e9e d\u2019air tr\u00e8s chaud et tr\u00e8s sec depuis l\u2019Afrique du Nord, qui en descendant se r\u00e9chauffe encore davantage. Ce sont des effets de d\u00f4me de chaleur, qu\u2019on conna\u00eet bien. On a aussi, depuis quelques jours, une canicule marine en M\u00e9diterran\u00e9e\u00a0: cela peut rench\u00e9rir <a href=\"https:\/\/www.ledauphine.com\/environnement\/2025\/06\/26\/jusqu-a-42-c-nouveaux-records-un-pic-lundi-ou-mardi-le-pays-a-nouveau-sous-le-feu-de-la-canicule\" target=\"_blank\" rel=\"nofollow noopener\">l\u2019effet de la vague de chaleur terrestre<\/a>.\u00a0\u00bb<\/p>\n<p class=\"question\">Par rapport \u00e0 la moyenne, l\u2019Europe se r\u00e9chauffe-t-elle plus ou moins vite\u00a0?<\/p>\n<p>\u00ab\u00a0Le r\u00e9chauffement est plus prononc\u00e9 au-dessus des continents. En gros, on a gagn\u00e9 1\u00a0\u00b0C au-dessus de l\u2019oc\u00e9an, mais 1,8\u00a0\u00b0C au-dessus des continents. L\u2019Arctique est la r\u00e9gion qui se r\u00e9chauffe le plus, trois fois plus que la moyenne plan\u00e9taire. Mais apr\u00e8s l\u2019Arctique, c\u2019est l\u2019Europe de l\u2019Ouest qui se r\u00e9chauffe le plus, notamment parce qu\u2019il y a une interaction entre vagues de chaleur et s\u00e9cheresse. Au niveau plan\u00e9taire, on est encore sur les trajectoires qui \u00e9taient \u00a0\u00bbanticip\u00e9es\u00a0\u00bb par les climatologues. Par contre, le r\u00e9chauffement de l\u2019Europe est un peu plus rapide et plus fort que pr\u00e9vu. Si les configurations m\u00e9t\u00e9orologiques favorables \u00e0 la formation de ces d\u00f4mes de chaleur ou ces arriv\u00e9es d\u2019air chaud ont augment\u00e9, est-ce que c\u2019est juste le hasard, la variabilit\u00e9 spontan\u00e9e du climat, ou est-ce que c\u2019est favoris\u00e9 par un climat global plus chaud\u00a0? On n\u2019a pas encore de r\u00e9ponse sur ce point.\u00a0\u00bb<\/p>\n<p>  \u00ab\u00a0L\u2019influence humaine sur le climat continue \u00e0 s\u2019exercer fortement\u00a0\u00bb<\/p>\n<p class=\"question\">Avec une soixantaine de scientifiques, vous estimez dans une r\u00e9cente \u00e9tude que l\u2019objectif de limiter le r\u00e9chauffement \u00e0 1,5\u00a0\u00b0C est inatteignable. La partie est d\u00e9j\u00e0 perdue\u00a0?<\/p>\n<p>\u00ab\u00a0C\u2019est juste un rappel \u00e0 la r\u00e9alit\u00e9 des faits. Chaque ann\u00e9e, on r\u00e9actualise les indicateurs climatiques. Le r\u00e9chauffement qu\u2019on peut attribuer \u00e0 l\u2019influence humaine <a href=\"https:\/\/www.ledauphine.com\/environnement\/2025\/06\/19\/limiter-le-rechauffement-a-1-5-c-un-objectif-desormais-inatteignable\" target=\"_blank\" rel=\"nofollow noopener\">est maintenant de l\u2019ordre de 1,36 \u00b0C<\/a>, et il augmente \u00e0 un rythme de plus en plus rapide. L\u2019influence humaine sur le climat continue \u00e0 s\u2019exercer fortement, malgr\u00e9 les progr\u00e8s accomplis &#8211; qui sont r\u00e9els, mais pas suffisants pour le stabiliser. Au niveau plan\u00e9taire, 2023 et 2024 ont \u00e9t\u00e9 exceptionnellement chaudes.<\/p>\n<p>S\u2019il n\u2019y a pas de sursaut, on se dirige tr\u00e8s vite vers un monde 1,5\u00a0\u00b0C plus chaud, vers un monde 2\u00a0\u00b0C plus chaud en 2050, et \u00e7a peut-\u00eatre 3\u00a0\u00b0C plus chaud en 2100. Chaque dixi\u00e8me de degr\u00e9 en plus, ce sont des \u00e9v\u00e9nements froids plus rares, moins de froid intense. Cela entra\u00eene aussi une augmentation disproportionn\u00e9e de l\u2019occurrence d\u2019extr\u00eames chauds et de records chauds. C\u2019est pour \u00e7a qu\u2019on atteint beaucoup plus facilement aujourd\u2019hui des temp\u00e9ratures de 35 ou 40\u00a0\u00b0C, qui auraient \u00e9t\u00e9 consid\u00e9r\u00e9es comme exceptionnelles il y a quelques d\u00e9cennies. Souvent les gens se disent que 1,5\u00a0\u00b0C de plus ou de moins, au niveau mondial, ce n\u2019est rien du tout. Vous vous souvenez de l\u2019\u00e9t\u00e9 2022\u00a0? En France, c\u2019\u00e9tait le plus chaud jamais mesur\u00e9, le record. En 2050, dans un monde \u00e0 +2\u00a0\u00b0C, ce serait un \u00e9t\u00e9 moyen. Et dans un monde 3\u00a0\u00b0C plus chaud au niveau mondial, c\u2019est-\u00e0-dire 4\u00a0\u00b0C plus chaud en France, ce serait une ann\u00e9e fra\u00eeche. \u00bb<\/p>\n","protected":false},"excerpt":{"rendered":"&#13; &#13; &#13; &#13; Val\u00e9rie Masson-Delmotte. Photo EBRA\/Alexandre Marchi &#13; Cette canicule peut-elle \u00eatre reli\u00e9e au r\u00e9chauffement climatique\u00a0?&hellip;\n","protected":false},"author":2,"featured_media":210289,"comment_status":"","ping_status":"","sticky":false,"template":"","format":"standard","meta":{"footnotes":""},"categories":[1586],"tags":[11,6698,436,1777,674,107,1011,27,329,8423,12,5140,25],"class_list":{"0":"post-210288","1":"post","2":"type-post","3":"status-publish","4":"format-standard","5":"has-post-thumbnail","7":"category-europe","8":"tag-actualites","9":"tag-canicule","10":"tag-environnement","11":"tag-eu","12":"tag-europe","13":"tag-fil-info","14":"tag-fr","15":"tag-france","16":"tag-france-monde","17":"tag-meteorologie-climat","18":"tag-news","19":"tag-rechauffement-climatique","20":"tag-republique-francaise"},"share_on_mastodon":{"url":"https:\/\/pubeurope.com\/@fr\/114759637698215605","error":""},"_links":{"self":[{"href":"https:\/\/www.europesays.com\/fr\/wp-json\/wp\/v2\/posts\/210288","targetHints":{"allow":["GET"]}}],"collection":[{"href":"https:\/\/www.europesays.com\/fr\/wp-json\/wp\/v2\/posts"}],"about":[{"href":"https:\/\/www.europesays.com\/fr\/wp-json\/wp\/v2\/types\/post"}],"author":[{"embeddable":true,"href":"https:\/\/www.europesays.com\/fr\/wp-json\/wp\/v2\/users\/2"}],"replies":[{"embeddable":true,"href":"https:\/\/www.europesays.com\/fr\/wp-json\/wp\/v2\/comments?post=210288"}],"version-history":[{"count":0,"href":"https:\/\/www.europesays.com\/fr\/wp-json\/wp\/v2\/posts\/210288\/revisions"}],"wp:featuredmedia":[{"embeddable":true,"href":"https:\/\/www.europesays.com\/fr\/wp-json\/wp\/v2\/media\/210289"}],"wp:attachment":[{"href":"https:\/\/www.europesays.com\/fr\/wp-json\/wp\/v2\/media?parent=210288"}],"wp:term":[{"taxonomy":"category","embeddable":true,"href":"https:\/\/www.europesays.com\/fr\/wp-json\/wp\/v2\/categories?post=210288"},{"taxonomy":"post_tag","embeddable":true,"href":"https:\/\/www.europesays.com\/fr\/wp-json\/wp\/v2\/tags?post=210288"}],"curies":[{"name":"wp","href":"https:\/\/api.w.org\/{rel}","templated":true}]}}