{"id":210292,"date":"2025-06-28T06:45:11","date_gmt":"2025-06-28T06:45:11","guid":{"rendered":"https:\/\/www.europesays.com\/fr\/210292\/"},"modified":"2025-06-28T06:45:11","modified_gmt":"2025-06-28T06:45:11","slug":"linfluenceur-amine-mojito-presente-devant-la-justice-liberation","status":"publish","type":"post","link":"https:\/\/www.europesays.com\/fr\/210292\/","title":{"rendered":"l\u2019influenceur Amine Mojito pr\u00e9sent\u00e9 devant la justice \u2013 Lib\u00e9ration"},"content":{"rendered":"<p class=\"sc-ksZaOG ehjQrN text-element\">Mises en ligne <a href=\"https:\/\/www.liberation.fr\/checknews\/y-a-t-il-vraiment-eu-des-appels-a-piquer-les-femmes-avant-la-fete-de-la-musique-puis-des-piqures-le-soir-meme-20250626_PCFCXVNQUJBRXDHDDB4V4LI4DM\/\" target=\"_blank\" rel=\"noreferrer nofollow noopener\" title=\"https:\/\/www.liberation.fr\/checknews\/y-a-t-il-vraiment-eu-des-appels-a-piquer-les-femmes-avant-la-fete-de-la-musique-puis-des-piqures-le-soir-meme-20250626_PCFCXVNQUJBRXDHDDB4V4LI4DM\/\">dans un contexte de psychose<\/a> d\u2019agressions \u00e0 la seringue, les vid\u00e9os de \u00abpranks\u00bb de l\u2019influenceur Amine Mojito avaient suscit\u00e9 beaucoup de partages et de pol\u00e9miques.<\/p>\n<p class=\"sc-ksZaOG ehjQrN text-element\">La veille de la F\u00eate de la musique \u2013 \u00e0 l\u2019issue de laquelle 145 femmes ont signal\u00e9 aux autorit\u00e9s avoir \u00e9t\u00e9 piqu\u00e9es, m\u00eame si ces faits ne sont pas encore av\u00e9r\u00e9s \u2013, l\u2019influenceur Amine Mojito avait publi\u00e9 sur ses r\u00e9seaux des canulars film\u00e9s en cam\u00e9ra cach\u00e9e <a href=\"https:\/\/www.liberation.fr\/checknews\/qui-est-amine-mojito-linfluenceur-qui-pourchasse-des-inconnus-avec-des-seringues-20250624_NYGIIIZEGVALHFYOYQD2QUOH6Y\/\" target=\"_blank\" rel=\"nofollow noopener\" title=\"https:\/\/www.liberation.fr\/checknews\/qui-est-amine-mojito-linfluenceur-qui-pourchasse-des-inconnus-avec-des-seringues-20250624_NYGIIIZEGVALHFYOYQD2QUOH6Y\/\">le montrant en train de pourchasser des inconnus avec une seringue<\/a>, dans les rues de Paris. Sur TikTok, apr\u00e8s une saisine du d\u00e9put\u00e9 PS Arthur Delaporte, le compte du jeune homme avait \u00e9t\u00e9 suspendu.<\/p>\n<p class=\"sc-ksZaOG ehjQrN text-element\">Ce vendredi 27\u00a0juin, le parquet de Paris informe la presse que l\u2019influenceur sera pr\u00e9sent<\/p>\n","protected":false},"excerpt":{"rendered":"Mises en ligne dans un contexte de psychose d\u2019agressions \u00e0 la seringue, les vid\u00e9os de \u00abpranks\u00bb de l\u2019influenceur&hellip;\n","protected":false},"author":2,"featured_media":210293,"comment_status":"","ping_status":"","sticky":false,"template":"","format":"standard","meta":{"footnotes":""},"categories":[2],"tags":[11,1011,27,12,25,2439],"class_list":{"0":"post-210292","1":"post","2":"type-post","3":"status-publish","4":"format-standard","5":"has-post-thumbnail","7":"category-actualites","8":"tag-actualites","9":"tag-fr","10":"tag-france","11":"tag-news","12":"tag-republique-francaise","13":"tag-tiktok"},"share_on_mastodon":{"url":"https:\/\/pubeurope.com\/@fr\/114759645519317996","error":""},"_links":{"self":[{"href":"https:\/\/www.europesays.com\/fr\/wp-json\/wp\/v2\/posts\/210292","targetHints":{"allow":["GET"]}}],"collection":[{"href":"https:\/\/www.europesays.com\/fr\/wp-json\/wp\/v2\/posts"}],"about":[{"href":"https:\/\/www.europesays.com\/fr\/wp-json\/wp\/v2\/types\/post"}],"author":[{"embeddable":true,"href":"https:\/\/www.europesays.com\/fr\/wp-json\/wp\/v2\/users\/2"}],"replies":[{"embeddable":true,"href":"https:\/\/www.europesays.com\/fr\/wp-json\/wp\/v2\/comments?post=210292"}],"version-history":[{"count":0,"href":"https:\/\/www.europesays.com\/fr\/wp-json\/wp\/v2\/posts\/210292\/revisions"}],"wp:featuredmedia":[{"embeddable":true,"href":"https:\/\/www.europesays.com\/fr\/wp-json\/wp\/v2\/media\/210293"}],"wp:attachment":[{"href":"https:\/\/www.europesays.com\/fr\/wp-json\/wp\/v2\/media?parent=210292"}],"wp:term":[{"taxonomy":"category","embeddable":true,"href":"https:\/\/www.europesays.com\/fr\/wp-json\/wp\/v2\/categories?post=210292"},{"taxonomy":"post_tag","embeddable":true,"href":"https:\/\/www.europesays.com\/fr\/wp-json\/wp\/v2\/tags?post=210292"}],"curies":[{"name":"wp","href":"https:\/\/api.w.org\/{rel}","templated":true}]}}