{"id":210300,"date":"2025-06-28T06:49:15","date_gmt":"2025-06-28T06:49:15","guid":{"rendered":"https:\/\/www.europesays.com\/fr\/210300\/"},"modified":"2025-06-28T06:49:15","modified_gmt":"2025-06-28T06:49:15","slug":"montceau-les-mines-montceau-news-2","status":"publish","type":"post","link":"https:\/\/www.europesays.com\/fr\/210300\/","title":{"rendered":"Montceau-les-Mines \u2013 \u00ab Montceau News"},"content":{"rendered":"<p>\t\t\tsamedi 28 juin 2025 \u00e0 06:42<\/p>\n<p>\t\t\t\tL\u2019Amicale Sportive Parriat Montceau ma\u00eetre dans l&rsquo;organisation de son 1er tournoi.<\/p>\n<p> <b>\u00a0<\/b><\/p>\n<p class=\"p1\">Les joueurs de volley-ball de l\u2019ASPM ont une nouvelle fois brill\u00e9 cette saison en remportant leur propre tournoi sur sable ce dimanche \u00e0 J Bouveri.<\/p>\n<p>Classement open 3\u00d73:<br \/>1-ASPM<br \/>2-Warrior<br \/>3-Last Minute<br \/>4- La 4 eme touche<br \/>5- Les Bouiles Hot<br \/>6- Les Bibes<br \/>7- Les Brisach<br \/>8- A la Cool<\/p>\n<p>Pour le tournoi Loisir 4\u00d74<\/p>\n<p>1-Berth<br \/>2-ASPM<br \/>3-La jet 5<\/p>\n<p>Le pr\u00e9sident de l\u2019ASPM remercie les joueurs qui ont brav\u00e9 la canicule, tous les b\u00e9n\u00e9voles pour cette organisation digne du tournoi d\u2019Annecy, de la mairie de Montceau pour son soutien logistique et la mise \u00e0 disposition des terrains de beach, de la ligue de volley-ball et du comit\u00e9 d\u00e9partemental pour la mise \u00e0 disposition de personnels de qualit\u00e9s et des filets de volley-ball.<br \/>Nous remercions \u00e9galement tous nos partenaires walpu, Intermarch\u00e9 du Bois du Verne, Intersport du Creusot, La cave les vins Paul Vincent, le Cr\u00e9dit Mutuel, la pizzeria la Trattoria et Nad\u00e8ge qui ont permis par leur g\u00e9n\u00e9rosit\u00e9 de g\u00e2ter de nombreuses \u00e9quipes.<\/p>\n<p>\u00a0<\/p>\n<p><img fetchpriority=\"high\" decoding=\"async\" class=\"aligncenter size-full wp-image-840268\" src=\"https:\/\/www.europesays.com\/fr\/wp-content\/uploads\/2025\/06\/volley-280625161024.webp.webp\" alt=\"volley-280625161024\" width=\"700\" height=\"315\"  \/><\/p>\n<p>\u00a0<\/p>\n<p><img loading=\"lazy\" decoding=\"async\" class=\"aligncenter size-full wp-image-840269\" src=\"https:\/\/www.europesays.com\/fr\/wp-content\/uploads\/2025\/06\/volley-280625161025.webp.webp\" alt=\"volley-280625161025\" width=\"525\" height=\"700\"  \/><\/p>\n<p>\u00a0<\/p>\n<p><img loading=\"lazy\" decoding=\"async\" class=\"aligncenter size-full wp-image-840270\" src=\"https:\/\/www.europesays.com\/fr\/wp-content\/uploads\/2025\/06\/volley-280625161026.webp.webp\" alt=\"volley-280625161026\" width=\"525\" height=\"700\"  \/><\/p>\n<p>\u00a0<\/p>\n<p><img loading=\"lazy\" decoding=\"async\" class=\"aligncenter size-full wp-image-840271\" src=\"https:\/\/www.europesays.com\/fr\/wp-content\/uploads\/2025\/06\/volley-280625161027.webp.webp\" alt=\"volley-280625161027\" width=\"525\" height=\"700\"  \/><\/p>\n<p>\u00a0<\/p>\n<p><img loading=\"lazy\" decoding=\"async\" class=\"aligncenter size-full wp-image-840272\" src=\"https:\/\/www.europesays.com\/fr\/wp-content\/uploads\/2025\/06\/volley-280625161028.webp.webp\" alt=\"volley-280625161028\" width=\"525\" height=\"700\"  \/><\/p>\n<p>\u00a0<\/p>\n<p><img loading=\"lazy\" decoding=\"async\" class=\"aligncenter size-full wp-image-840273\" src=\"https:\/\/www.europesays.com\/fr\/wp-content\/uploads\/2025\/06\/volley-280625161029.webp.webp\" alt=\"volley-280625161029\" width=\"525\" height=\"700\"  \/><\/p>\n<p>\u00a0<\/p>\n<p><img loading=\"lazy\" decoding=\"async\" class=\"aligncenter size-full wp-image-840274\" src=\"https:\/\/www.europesays.com\/fr\/wp-content\/uploads\/2025\/06\/volley-280625161030.webp.webp\" alt=\"volley-280625161030\" width=\"525\" height=\"700\"  \/><\/p>\n<p>\u00a0<\/p>\n<p><img loading=\"lazy\" decoding=\"async\" class=\"aligncenter size-full wp-image-840275\" src=\"https:\/\/www.europesays.com\/fr\/wp-content\/uploads\/2025\/06\/volley-280625161031.webp.webp\" alt=\"volley-280625161031\" width=\"700\" height=\"525\"  \/><\/p>\n<p>\u00a0<\/p>\n<p><img loading=\"lazy\" decoding=\"async\" class=\"aligncenter size-full wp-image-840276\" src=\"https:\/\/www.europesays.com\/fr\/wp-content\/uploads\/2025\/06\/volley-280625161032.webp.webp\" alt=\"volley-280625161032\" width=\"525\" height=\"700\"  \/><\/p>\n<p>\u00a0<\/p>\n<p><img loading=\"lazy\" decoding=\"async\" class=\"aligncenter size-full wp-image-840277\" src=\"https:\/\/www.europesays.com\/fr\/wp-content\/uploads\/2025\/06\/volley-280625161033.webp.webp\" alt=\"volley-280625161033\" width=\"525\" height=\"700\"  \/><\/p>\n<p>\u00a0<\/p>\n<p><img loading=\"lazy\" decoding=\"async\" class=\"aligncenter size-full wp-image-840278\" src=\"https:\/\/www.europesays.com\/fr\/wp-content\/uploads\/2025\/06\/volley-280625161034.webp.webp\" alt=\"volley-280625161034\" width=\"525\" height=\"700\"  \/><\/p>\n<p>\u00a0<\/p>\n<p>\u00a0<\/p>\n","protected":false},"excerpt":{"rendered":"samedi 28 juin 2025 \u00e0 06:42 L\u2019Amicale Sportive Parriat Montceau ma\u00eetre dans l&rsquo;organisation de son 1er tournoi. \u00a0&hellip;\n","protected":false},"author":2,"featured_media":210301,"comment_status":"","ping_status":"","sticky":false,"template":"","format":"standard","meta":{"footnotes":""},"categories":[1417],"tags":[1011,27,60,1470,1469],"class_list":{"0":"post-210300","1":"post","2":"type-post","3":"status-publish","4":"format-standard","5":"has-post-thumbnail","7":"category-volley","8":"tag-fr","9":"tag-france","10":"tag-sports","11":"tag-volley","12":"tag-volleyball"},"share_on_mastodon":{"url":"https:\/\/pubeurope.com\/@fr\/114759661613671308","error":""},"_links":{"self":[{"href":"https:\/\/www.europesays.com\/fr\/wp-json\/wp\/v2\/posts\/210300","targetHints":{"allow":["GET"]}}],"collection":[{"href":"https:\/\/www.europesays.com\/fr\/wp-json\/wp\/v2\/posts"}],"about":[{"href":"https:\/\/www.europesays.com\/fr\/wp-json\/wp\/v2\/types\/post"}],"author":[{"embeddable":true,"href":"https:\/\/www.europesays.com\/fr\/wp-json\/wp\/v2\/users\/2"}],"replies":[{"embeddable":true,"href":"https:\/\/www.europesays.com\/fr\/wp-json\/wp\/v2\/comments?post=210300"}],"version-history":[{"count":0,"href":"https:\/\/www.europesays.com\/fr\/wp-json\/wp\/v2\/posts\/210300\/revisions"}],"wp:featuredmedia":[{"embeddable":true,"href":"https:\/\/www.europesays.com\/fr\/wp-json\/wp\/v2\/media\/210301"}],"wp:attachment":[{"href":"https:\/\/www.europesays.com\/fr\/wp-json\/wp\/v2\/media?parent=210300"}],"wp:term":[{"taxonomy":"category","embeddable":true,"href":"https:\/\/www.europesays.com\/fr\/wp-json\/wp\/v2\/categories?post=210300"},{"taxonomy":"post_tag","embeddable":true,"href":"https:\/\/www.europesays.com\/fr\/wp-json\/wp\/v2\/tags?post=210300"}],"curies":[{"name":"wp","href":"https:\/\/api.w.org\/{rel}","templated":true}]}}