{"id":210305,"date":"2025-06-28T06:53:09","date_gmt":"2025-06-28T06:53:09","guid":{"rendered":"https:\/\/www.europesays.com\/fr\/210305\/"},"modified":"2025-06-28T06:53:09","modified_gmt":"2025-06-28T06:53:09","slug":"miguel-oliveira-revele-sa-lutte-enrichissante-avec-le-developpement-de-la-moto-motogp-alors-que-les-pilotes-poursuivent-un-ecart-de-performance-insaisissable","status":"publish","type":"post","link":"https:\/\/www.europesays.com\/fr\/210305\/","title":{"rendered":"Miguel Oliveira r\u00e9v\u00e8le sa lutte enrichissante avec le d\u00e9veloppement de la moto MotoGP alors que les pilotes poursuivent un \u00e9cart de performance insaisissable."},"content":{"rendered":"<p><strong>D\u00e9fis dans le d\u00e9veloppement de motos en MotoGP<\/strong><\/p>\n<p>Le paysage complexe de la MotoGP r\u00e9v\u00e8le souvent comment des strat\u00e9gies de d\u00e9veloppement diverses peuvent exposer les lacunes dans la performance des motos. Miguel Oliveira, un pilote exp\u00e9riment\u00e9, a r\u00e9cemment partag\u00e9 des r\u00e9flexions sur les d\u00e9fis techniques uniques auxquels les \u00e9quipes sont confront\u00e9es, en se concentrant particuli\u00e8rement sur le sc\u00e9nario actuel de KTM. Ses r\u00e9flexions soulignent l\u2019\u00e9quilibre d\u00e9licat entre les aspirations individuelles des pilotes et les objectifs collectifs de l\u2019\u00e9quipe.  <\/p>\n<p><strong>Approches techniques divergentes<\/strong><\/p>\n<p>En parlant de KTM, Oliveira a soulign\u00e9 que les chemins distincts emprunt\u00e9s par diff\u00e9rents pilotes peuvent signaler un d\u00e9fi plus large au sein de l\u2019\u00e9quipe. Il a remarqu\u00e9, \u00ab\u00a0Je veux dire, si tout le monde choisit une direction, cela signifie clairement qu\u2019une voie est meilleure. Quand chacun suit sa propre direction, cela signifie qu\u2019il est probablement difficile de trouver le v\u00e9ritable probl\u00e8me.\u00a0\u00bb Cette notion sugg\u00e8re que lorsque les pilotes divergent dans leurs approches techniques, cela refl\u00e8te une lutte pour identifier un probl\u00e8me unique qui entrave la performance globale.  <\/p>\n<p>Les observations d\u2019Oliveira soulignent la r\u00e9alit\u00e9 que cette divergence peut d\u00e9couler d\u2019un plateau de performance atteint. Il a not\u00e9, \u00ab\u00a0Cela signifie probablement que vous avez atteint le niveau de performance o\u00f9 vous dites : \u2018Oui, il manque quelque chose, mais je ne suis pas s\u00fbr de quoi.\u2019 \u00c0 ce stade, les pilotes peuvent se retrouver \u00e0 lutter avec les aspects n\u00e9buleux de leurs machines, menant \u00e0 des interpr\u00e9tations vari\u00e9es de ce qui pourrait n\u00e9cessiter des am\u00e9liorations.  <\/p>\n<p><strong>Personnaliser la performance<\/strong><\/p>\n<p>Le d\u00e9sir d\u2019adaptation personnelle pousse souvent les pilotes \u00e0 explorer diff\u00e9rentes voies dans leurs parcours de d\u00e9veloppement. Oliveira a articul\u00e9 ce sentiment de mani\u00e8re poignante, d\u00e9clarant, \u00ab\u00a0Donc, tout le monde suit probablement des chemins diff\u00e9rents pour essayer de trouver ce qui est le meilleur moyen de piloter une moto.\u00a0\u00bb Cette qu\u00eate de performance optimale met non seulement en avant les styles de conduite individuels, mais souligne \u00e9galement la relation complexe entre le confort du pilote et la capacit\u00e9 de la machine.<\/p>\n<p>Oliveira lui-m\u00eame ressent un certain degr\u00e9 de clart\u00e9 dans sa direction, qu\u2019il a exprim\u00e9 avec un sentiment d\u2019optimisme : \u00ab\u00a0Mais pour moi, cela signifie qu\u2019il n\u2019y a pas un vrai gros probl\u00e8me \u00e0 r\u00e9soudre, ce qui, de toute \u00e9vidence, n\u2019est pas bien ; notre cas est comme, ouais, nous voulons aller dans cette direction, cette direction.\u00a0\u00bb Cette prise de conscience indique une compr\u00e9hension prometteuse \u00e0 la fois de sa moto et des man\u0153uvres strat\u00e9giques n\u00e9cessaires pour am\u00e9liorer sa performance.  <\/p>\n<p><strong>R\u00e9flexion sur l\u2019Avenir<\/strong>  <\/p>\n<p>Les d\u00e9fis entourant le d\u00e9veloppement des motos en MotoGP soulignent un moment crucial pour des \u00e9quipes comme KTM. Alors que les pilotes naviguent sur des parcours personnels d\u2019am\u00e9lioration de la performance, les implications s\u2019\u00e9tendent au-del\u00e0 de l\u2019individu. Le sport se trouve \u00e0 un carrefour o\u00f9 l\u2019innovation collective doit s\u2019aligner sur les exp\u00e9riences personnelles des pilotes pour identifier et r\u00e9soudre les lacunes de performance existantes.  <\/p>\n<p>En fin de compte, les r\u00e9flexions d\u2019Oliveira rappellent l\u2019interaction d\u00e9licate en MotoGP\u2014un monde o\u00f9 la qu\u00eate de la victoire d\u00e9pend souvent de la fusion de l\u2019instinct du pilote et des avanc\u00e9es technologiques. La saison \u00e0 venir promet de r\u00e9v\u00e9ler si la clart\u00e9 dans la direction peut d\u00e9nouer les complexit\u00e9s de la performance, menant \u00e0 une approche plus unifi\u00e9e qui catalyse le prochain saut vers l\u2019excellence comp\u00e9titive.<\/p>\n<p>\n\tRelated<\/p>\n","protected":false},"excerpt":{"rendered":"D\u00e9fis dans le d\u00e9veloppement de motos en MotoGP Le paysage complexe de la MotoGP r\u00e9v\u00e8le souvent comment des&hellip;\n","protected":false},"author":2,"featured_media":210306,"comment_status":"","ping_status":"","sticky":false,"template":"","format":"standard","meta":{"footnotes":""},"categories":[1413],"tags":[1011,27,3594,1457,1456,1458,60],"class_list":{"0":"post-210305","1":"post","2":"type-post","3":"status-publish","4":"format-standard","5":"has-post-thumbnail","7":"category-moto","8":"tag-fr","9":"tag-france","10":"tag-miguel-oliveira","11":"tag-moto","12":"tag-motocycle","13":"tag-motogp","14":"tag-sports"},"share_on_mastodon":{"url":"https:\/\/pubeurope.com\/@fr\/114759676922982298","error":""},"_links":{"self":[{"href":"https:\/\/www.europesays.com\/fr\/wp-json\/wp\/v2\/posts\/210305","targetHints":{"allow":["GET"]}}],"collection":[{"href":"https:\/\/www.europesays.com\/fr\/wp-json\/wp\/v2\/posts"}],"about":[{"href":"https:\/\/www.europesays.com\/fr\/wp-json\/wp\/v2\/types\/post"}],"author":[{"embeddable":true,"href":"https:\/\/www.europesays.com\/fr\/wp-json\/wp\/v2\/users\/2"}],"replies":[{"embeddable":true,"href":"https:\/\/www.europesays.com\/fr\/wp-json\/wp\/v2\/comments?post=210305"}],"version-history":[{"count":0,"href":"https:\/\/www.europesays.com\/fr\/wp-json\/wp\/v2\/posts\/210305\/revisions"}],"wp:featuredmedia":[{"embeddable":true,"href":"https:\/\/www.europesays.com\/fr\/wp-json\/wp\/v2\/media\/210306"}],"wp:attachment":[{"href":"https:\/\/www.europesays.com\/fr\/wp-json\/wp\/v2\/media?parent=210305"}],"wp:term":[{"taxonomy":"category","embeddable":true,"href":"https:\/\/www.europesays.com\/fr\/wp-json\/wp\/v2\/categories?post=210305"},{"taxonomy":"post_tag","embeddable":true,"href":"https:\/\/www.europesays.com\/fr\/wp-json\/wp\/v2\/tags?post=210305"}],"curies":[{"name":"wp","href":"https:\/\/api.w.org\/{rel}","templated":true}]}}