{"id":210307,"date":"2025-06-28T06:54:12","date_gmt":"2025-06-28T06:54:12","guid":{"rendered":"https:\/\/www.europesays.com\/fr\/210307\/"},"modified":"2025-06-28T06:54:12","modified_gmt":"2025-06-28T06:54:12","slug":"lex-president-de-ferrari-luca-di-montezemolo-rejoint-mclaren","status":"publish","type":"post","link":"https:\/\/www.europesays.com\/fr\/210307\/","title":{"rendered":"l\u2019ex-pr\u00e9sident de Ferrari Luca di Montezemolo rejoint McLaren !"},"content":{"rendered":"<p itemprop=\"description\">Ic\u00f4ne de la Scuderia, Luca di Montezemolo<br \/>\nentre dans l\u2019organigramme de McLaren Group. Une d\u00e9cision inattendue<br \/>\nqui fait grand bruit dans le paddock.<\/p>\n<p data-start=\"445\" data-end=\"833\">C\u2019est une annonce qui ne passe<br \/>\npas inaper\u00e7ue dans le monde de la Formule 1. Luca di Montezemolo,<br \/>\nqui fut pendant des d\u00e9cennies l\u2019un des symboles du succ\u00e8s de<br \/>\nFerrari, vient d\u2019\u00eatre officiellement nomm\u00e9 au conseil<br \/>\nd\u2019administration de McLaren Group Holdings Limited. L\u2019information a<br \/>\n\u00e9t\u00e9 r\u00e9v\u00e9l\u00e9e ce 27 juin, via des documents d\u00e9pos\u00e9s au Registre des<br \/>\nSoci\u00e9t\u00e9s du Royaume-Uni (Companies House).<\/p>\n<p data-start=\"835\" data-end=\"1201\">Di Montezemolo, aujourd\u2019hui \u00e2g\u00e9<br \/>\nde 76 ans, a marqu\u00e9 l\u2019histoire de la Scuderia. Il a notamment \u00e9t\u00e9 \u00e0<br \/>\nl\u2019origine de la relance de Ferrari dans les ann\u00e9es 1990, en<br \/>\nattirant des figures majeures telles que Jean Todt, Ross Brawn et<br \/>\nbien s\u00fbr Michael Schumacher. Cette \u00e9quipe de choc a permis \u00e0 la<br \/>\nmarque italienne de dominer la F1 pendant une grande partie des<br \/>\nann\u00e9es 2000.<\/p>\n<p>Une transition inattendue<br \/>\nchez l\u2019\u00e9curie rivale<\/p>\n<p data-start=\"1255\" data-end=\"1554\">Apr\u00e8s avoir quitt\u00e9 Ferrari en<br \/>\n2014 \u00e0 la suite de diff\u00e9rends strat\u00e9giques avec Sergio Marchionne,<br \/>\nalors PDG de Fiat, di Montezemolo s\u2019\u00e9tait fait plus discret dans le<br \/>\nmilieu de la F1. Son retour par la grande porte chez un concurrent<br \/>\nhistorique comme McLaren suscite donc de nombreuses<br \/>\ninterrogations.<\/p>\n<p data-start=\"1556\" data-end=\"1963\">Outre Zak Brown, actuel<br \/>\ndirecteur g\u00e9n\u00e9ral de McLaren Racing, et Paul Walsh, pr\u00e9sident<br \/>\nex\u00e9cutif du groupe, Luca di Montezemolo rejoint ainsi une direction<br \/>\nen pleine mutation. D\u2019autant plus que cette nomination intervient<br \/>\nen parall\u00e8le de la d\u00e9mission de trois administrateurs issus du<br \/>\nMoyen-Orient, alors que le groupe McLaren est toujours<br \/>\nmajoritairement d\u00e9tenu par le fonds souverain de Bahre\u00efn,<br \/>\nMumtalakat.<\/p>\n<p>Un r\u00f4le encore flou mais<br \/>\nstrat\u00e9gique<\/p>\n<p data-start=\"2007\" data-end=\"2331\">Pour l\u2019instant, ni McLaren<br \/>\nGroup ni l\u2019\u00e9quipe McLaren F1 n\u2019ont comment\u00e9 officiellement<br \/>\nl\u2019arriv\u00e9e de l\u2019ancien dirigeant de Ferrari. Il n\u2019est donc pas<br \/>\nencore clair si Luca di Montezemolo aura une influence directe sur<br \/>\nles activit\u00e9s de l\u2019\u00e9curie de F1 ou s\u2019il se concentrera sur des<br \/>\nd\u00e9cisions plus globales \u00e0 l\u2019\u00e9chelle du groupe.<\/p>\n<p data-start=\"2333\" data-end=\"2606\">Son expertise en mati\u00e8re de<br \/>\ngestion d\u2019une marque automobile et ses succ\u00e8s pass\u00e9s dans le sport<br \/>\nautomobile font toutefois de lui un atout de poids. Reste \u00e0 savoir<br \/>\nsi cette nomination influencera la strat\u00e9gie de McLaren dans les<br \/>\nmois \u00e0 venir, \u00e0 la fois en piste et en dehors.<\/p>\n","protected":false},"excerpt":{"rendered":"Ic\u00f4ne de la Scuderia, Luca di Montezemolo entre dans l\u2019organigramme de McLaren Group. Une d\u00e9cision inattendue qui fait&hellip;\n","protected":false},"author":2,"featured_media":210308,"comment_status":"","ping_status":"","sticky":false,"template":"","format":"standard","meta":{"footnotes":""},"categories":[1412],"tags":[1451,2251,1452,1453,1454,1455,1011,27,34954,4475,60],"class_list":{"0":"post-210307","1":"post","2":"type-post","3":"status-publish","4":"format-standard","5":"has-post-thumbnail","7":"category-f1","8":"tag-f1","9":"tag-ferrari","10":"tag-formula-1","11":"tag-formula1","12":"tag-formule-1","13":"tag-formule1","14":"tag-fr","15":"tag-france","16":"tag-luca-di-montezemolo","17":"tag-mclaren","18":"tag-sports"},"share_on_mastodon":{"url":"https:\/\/pubeurope.com\/@fr\/114759680981155254","error":""},"_links":{"self":[{"href":"https:\/\/www.europesays.com\/fr\/wp-json\/wp\/v2\/posts\/210307","targetHints":{"allow":["GET"]}}],"collection":[{"href":"https:\/\/www.europesays.com\/fr\/wp-json\/wp\/v2\/posts"}],"about":[{"href":"https:\/\/www.europesays.com\/fr\/wp-json\/wp\/v2\/types\/post"}],"author":[{"embeddable":true,"href":"https:\/\/www.europesays.com\/fr\/wp-json\/wp\/v2\/users\/2"}],"replies":[{"embeddable":true,"href":"https:\/\/www.europesays.com\/fr\/wp-json\/wp\/v2\/comments?post=210307"}],"version-history":[{"count":0,"href":"https:\/\/www.europesays.com\/fr\/wp-json\/wp\/v2\/posts\/210307\/revisions"}],"wp:featuredmedia":[{"embeddable":true,"href":"https:\/\/www.europesays.com\/fr\/wp-json\/wp\/v2\/media\/210308"}],"wp:attachment":[{"href":"https:\/\/www.europesays.com\/fr\/wp-json\/wp\/v2\/media?parent=210307"}],"wp:term":[{"taxonomy":"category","embeddable":true,"href":"https:\/\/www.europesays.com\/fr\/wp-json\/wp\/v2\/categories?post=210307"},{"taxonomy":"post_tag","embeddable":true,"href":"https:\/\/www.europesays.com\/fr\/wp-json\/wp\/v2\/tags?post=210307"}],"curies":[{"name":"wp","href":"https:\/\/api.w.org\/{rel}","templated":true}]}}