{"id":210309,"date":"2025-06-28T06:55:09","date_gmt":"2025-06-28T06:55:09","guid":{"rendered":"https:\/\/www.europesays.com\/fr\/210309\/"},"modified":"2025-06-28T06:55:09","modified_gmt":"2025-06-28T06:55:09","slug":"tour-de-france-2025-victoires-detapes-maillot-jaune-places-dhonneur-combien-touchent-les-coureurs","status":"publish","type":"post","link":"https:\/\/www.europesays.com\/fr\/210309\/","title":{"rendered":"Tour de France 2025. Victoires d&rsquo;\u00e9tapes, maillot jaune, places d&rsquo;honneur&#8230; Combien touchent les coureurs ?"},"content":{"rendered":"<p>Qui succ\u00e9dera \u00e0 <a href=\"https:\/\/www.ledauphine.com\/p\/tadej-pogacar\" target=\"_blank\" rel=\"noopener\">Tadej Pogacar<\/a>\u00a0? Du 5 au 27 juillet, les meilleurs coureurs cyclistes de la plan\u00e8te ont rendez-vous sur les routes de l&rsquo;Hexagone pour briller <a href=\"https:\/\/www.ledauphine.com\/tour-de-france\" target=\"_blank\" rel=\"noopener\">\u00e0 l&rsquo;occasion de la 112e \u00e9dition du Tour de France<\/a>.\u00a0<\/p>\n<p>Tout au long des 21 \u00e9tapes de la Grande boucle, de tr\u00e8s nombreuses primes seront remises aux acteurs qui s&rsquo;illustrent. En tout, c&rsquo;est plus de 2,3 millions d&rsquo;euros qui sont distribu\u00e9s.<\/p>\n<p>Un demi-million pour le vainqueur final<\/p>\n<p>Le coureur qui endossera le maillot jaune sur le podium des Champs-\u00c9lys\u00e9es le 27 juillet au soir remportera la plus grosse prime d\u00e9cern\u00e9e par les organisateurs, soit 500 000 euros.\u00a0Derri\u00e8re lui, le deuxi\u00e8me du classement g\u00e9n\u00e9ral empochera 200 000 euros et le troisi\u00e8me 100 000.\u00a0<\/p>\n<p>Les 19 premi\u00e8res places du classement g\u00e9n\u00e9ral donnent lieu \u00e0 des primes d\u00e9croissantes (de 70 000 euros pour le 4e \u00e0 1100 euros pour le 19e). Ensuite, tous les coureurs qui terminent la Grande Boucle re\u00e7oivent une prime de 1000 euros.<\/p>\n<p>\u00c0 noter que le porteur du maillot jaune durant l&rsquo;\u00e9preuve re\u00e7oit chaque jour 500 euros.<\/p>\n<p>  La victoire d&rsquo;\u00e9tape rapporte 11 000 euros<\/p>\n<p>Toute victoire d&rsquo;\u00e9tape est prim\u00e9e \u00e0 hauteur de 11 000 euros. Le deuxi\u00e8me re\u00e7oit 5 500 euros et 2 800 euros sont vers\u00e9s au troisi\u00e8me. Des primes d\u00e9croissantes continuent d&rsquo;\u00eatre vers\u00e9es \u00e0 tous les coureurs qui int\u00e8grent le top 20 d&rsquo;une \u00e9tape. Le 20e touche 300 euros.<\/p>\n<p>25 000 euros pour le maillot \u00e0 pois et le maillot vert<\/p>\n<p>Outre le maillot jaune, les tuniques \u00e0 pois du meilleur grimpeur et verte du classement par point rapportent aussi. Le porteur du maillot \u00e0 pois sur le podium \u00e0 Paris empochera 25 000 euros soit autant que celui du maillot vert. C&rsquo;est un peu moins pour le maillot blanc de meilleur jeune\u00a0: 20 000 euros.<\/p>\n<p>\u00c0 noter que les huit premiers des classements annexes re\u00e7oivent aussi une prime.<\/p>\n<p>20 000 euros pour le super combatif<\/p>\n<p>Le coureur \u00e9lu le plus combatif du Tour de France remporte 20 000 euros. Par ailleurs, sur chaque \u00e9tape (\u00e0 l&rsquo;exception des deux contre-la-montre individuels), le coureur qui re\u00e7oit le prix de la combativit\u00e9 obtient une prime de 2 000 euros.<\/p>\n<p>Des prix sp\u00e9cifiques \u00e0 cette \u00e9dition<\/p>\n<p>Pour les 50 ans du maillot \u00e0 pois, le premier coureur \u00e0 totaliser 50 points au classement de la montagne recevra 5 000 euros.<\/p>\n<p>De m\u00eame, cette \u00e9dition du Tour verra d\u00e9cern\u00e9s les prix du souvenir Jacques Godet (5 000 euros) au premier \u00e0 franchir le col du Tourmalet sur la 14e \u00e9tape et le prix du souvenir Henri Desgrange (5 000 euros) au premier \u00e0 franchir le col de la Loze sur la 18e \u00e9tape.<\/p>\n<p>3\u00a0000 euros pour le meilleur \u00e9quipier<\/p>\n<p>Un jury d\u00e9cerne aussi le prix du meilleur \u00e9quipier au coureur de l&rsquo;ombre qui a brill\u00e9 en se mettant au service de son leader. Ce dernier se voit attribuer\u00a03 000 euros de prime \u00e0 l&rsquo;issue du Tour.<\/p>\n<p class=\"note\">Le d\u00e9tail des primes des coureurs du Tour de France est communiqu\u00e9 <a href=\"https:\/\/storage-aso.lequipe.fr\/ASO\/cycling_tdf\/tdf25-reglement-fr-en.pdf\" target=\"_blank\" rel=\"nofollow noopener\">par ASO, la soci\u00e9t\u00e9 organisatrice de l&rsquo;\u00e9v\u00e9nement<\/a>.<\/p>\n","protected":false},"excerpt":{"rendered":"Qui succ\u00e9dera \u00e0 Tadej Pogacar\u00a0? Du 5 au 27 juillet, les meilleurs coureurs cyclistes de la plan\u00e8te ont&hellip;\n","protected":false},"author":2,"featured_media":210310,"comment_status":"","ping_status":"","sticky":false,"template":"","format":"standard","meta":{"footnotes":""},"categories":[1411],"tags":[1154,207,107,1011,27,12369,517,1947,60,210],"class_list":{"0":"post-210309","1":"post","2":"type-post","3":"status-publish","4":"format-standard","5":"has-post-thumbnail","7":"category-cyclisme","8":"tag-cycling","9":"tag-cyclisme","10":"tag-fil-info","11":"tag-fr","12":"tag-france","13":"tag-la-course","14":"tag-sport","15":"tag-sport-national","16":"tag-sports","17":"tag-tour-de-france"},"share_on_mastodon":{"url":"https:\/\/pubeurope.com\/@fr\/114759684851156397","error":""},"_links":{"self":[{"href":"https:\/\/www.europesays.com\/fr\/wp-json\/wp\/v2\/posts\/210309","targetHints":{"allow":["GET"]}}],"collection":[{"href":"https:\/\/www.europesays.com\/fr\/wp-json\/wp\/v2\/posts"}],"about":[{"href":"https:\/\/www.europesays.com\/fr\/wp-json\/wp\/v2\/types\/post"}],"author":[{"embeddable":true,"href":"https:\/\/www.europesays.com\/fr\/wp-json\/wp\/v2\/users\/2"}],"replies":[{"embeddable":true,"href":"https:\/\/www.europesays.com\/fr\/wp-json\/wp\/v2\/comments?post=210309"}],"version-history":[{"count":0,"href":"https:\/\/www.europesays.com\/fr\/wp-json\/wp\/v2\/posts\/210309\/revisions"}],"wp:featuredmedia":[{"embeddable":true,"href":"https:\/\/www.europesays.com\/fr\/wp-json\/wp\/v2\/media\/210310"}],"wp:attachment":[{"href":"https:\/\/www.europesays.com\/fr\/wp-json\/wp\/v2\/media?parent=210309"}],"wp:term":[{"taxonomy":"category","embeddable":true,"href":"https:\/\/www.europesays.com\/fr\/wp-json\/wp\/v2\/categories?post=210309"},{"taxonomy":"post_tag","embeddable":true,"href":"https:\/\/www.europesays.com\/fr\/wp-json\/wp\/v2\/tags?post=210309"}],"curies":[{"name":"wp","href":"https:\/\/api.w.org\/{rel}","templated":true}]}}