{"id":210315,"date":"2025-06-28T06:58:09","date_gmt":"2025-06-28T06:58:09","guid":{"rendered":"https:\/\/www.europesays.com\/fr\/210315\/"},"modified":"2025-06-28T06:58:09","modified_gmt":"2025-06-28T06:58:09","slug":"la-reserve-africaine-de-sigean-la-nuit-ses-secrets-reveles-par-lobjectif-dun-photographe","status":"publish","type":"post","link":"https:\/\/www.europesays.com\/fr\/210315\/","title":{"rendered":"La R\u00e9serve Africaine de Sigean la nuit\u2026 Ses secrets r\u00e9v\u00e9l\u00e9s par l\u2019objectif d\u2019un photographe"},"content":{"rendered":"<p>\n                                                                Fruit d\u2019une immersion rare et po\u00e9tique, le livre \u00ab\u00a0La Nuit Fauve\u00a0\u00bb\u00a0de Bruno Vialaneix d\u00e9voile la face cach\u00e9e de la faune sauvage, entre art et documentaire. Une exposition en plein air prolonge cette exp\u00e9rience sensorielle jusqu\u2019en 2026 \u00e0 la R\u00e9serve Africaine de Sigean.\n                            <\/p>\n<p>Au c\u0153ur du projet \u00ab\u00a0La nuit fauve\u00a0\u00bb\u00a0se trouve un livre captivant du m\u00eame nom, fruit d\u2019une d\u00e9marche artistique unique de Bruno Vialaneix.<\/p>\n<p>Cet ouvrage est bien plus qu\u2019un simple recueil de photographies, c\u2019est le t\u00e9moignage d\u2019une immersion privil\u00e9gi\u00e9e dans l\u2019univers secret et fascinant de la R\u00e9serve Africaine de Sigean, une fois la nuit tomb\u00e9e.\u00a0Bruno Vialaneix a pass\u00e9 de nombreuses nuits aux c\u00f4t\u00e9s des \u00e9quipes de la R\u00e9serve de Sigean, s\u2019aventurant dans l\u2019obscurit\u00e9 pour y capter ce que l\u2019\u0153il ne voit que rarement\u00a0: la vie animale dans son intimit\u00e9 nocturne.<\/p>\n<p>Loin des clich\u00e9s animaliers traditionnels, le livre \u00ab\u00a0La Nuit Fauve\u00a0\u00bb r\u00e9v\u00e8le des moments \u00e9ph\u00e9m\u00e8res et intenses\u00a0: la silhouette furtive d\u2019un animal dans l\u2019ombre, l\u2019\u00e9clat myst\u00e9rieux d\u2019un regard, ou le frisson d\u2019un mouvement \u00e0 peine perceptible dans le silence de la nuit. Les images de Bruno Vialaneix ne cherchent pas seulement \u00e0 documenter, mais \u00e0 susciter l\u2019\u00e9motion et l\u2019\u00e9merveillement. Elles interrogent notre rapport \u00e0 la faune sauvage et nous poussent \u00e0 r\u00e9fl\u00e9chir sur la place que nous accordons au vivant dans un monde qui semble parfois l\u2019oublier.<\/p>\n<p>C\u2019est un dialogue subtil entre l\u2019art et le documentaire, o\u00f9 chaque photographie devient une invitation \u00e0 la contemplation et \u00e0 l\u2019engagement.<\/p>\n<p>Une exposition photographique g\u00e9ante d\u00e9ploy\u00e9e jusqu\u2019\u00e0 fin 2026<\/p>\n<p>Les visiteurs de la R\u00e9serve Africaine de Sigean sont invit\u00e9s \u00e0 rencontrer Bruno Vialaneix lors d\u2019une s\u00e9ance de d\u00e9dicaces exceptionnelle de son livre \u00ab\u00a0La Nuit Fauve\u00a0\u00bb ce samedi 28\u00a0juin, de 15\u00a0h\u00a0\u00e0 17\u00a0h\u00a030, devant la boutique du Parc o\u00f9 il est possible d\u2019acqu\u00e9rir l\u2019ouvrage.<\/p>\n<p>Au-del\u00e0 du livre, le travail r\u00e9alis\u00e9 par l\u2019artiste prend une dimension spectaculaire avec une exposition photographique g\u00e9ante d\u00e9ploy\u00e9e jusqu\u2019\u00e0 fin 2026 sur les all\u00e9es du parc \u00e0 pied de la R\u00e9serve. Cette installation immersive permet aux visiteurs du parc de prolonger le voyage artistique de Bruno Vialaneix au travers de 9 cubes monumentaux de 2 m\u00e8tres par 2 m\u00e8tres pr\u00e9sentant une s\u00e9lection des clich\u00e9s nocturnes les plus saisissants tir\u00e9s du livre. Cette exposition en plein air transforme le parcours p\u00e9destre en une galerie d\u2019art unique, o\u00f9 la beaut\u00e9 fragile et myst\u00e9rieuse du monde nocturne de la R\u00e9serve est mise en lumi\u00e8re.<\/p>\n<p>C\u2019est une occasion exceptionnelle de contempler ces \u0153uvres qui interrogent notre lien au sauvage et \u00e0 la biodiversit\u00e9, tout en profitant du cadre naturel du Parc.<\/p>\n","protected":false},"excerpt":{"rendered":"Fruit d\u2019une immersion rare et po\u00e9tique, le livre \u00ab\u00a0La Nuit Fauve\u00a0\u00bb\u00a0de Bruno Vialaneix d\u00e9voile la face cach\u00e9e de&hellip;\n","protected":false},"author":2,"featured_media":210316,"comment_status":"","ping_status":"","sticky":false,"template":"","format":"standard","meta":{"footnotes":""},"categories":[1358],"tags":[1348,1384,1385,1386,58,59,1011,27],"class_list":{"0":"post-210315","1":"post","2":"type-post","3":"status-publish","4":"format-standard","5":"has-post-thumbnail","7":"category-arts-et-design","8":"tag-arts","9":"tag-arts-and-design","10":"tag-arts-et-design","11":"tag-design","12":"tag-divertissement","13":"tag-entertainment","14":"tag-fr","15":"tag-france"},"share_on_mastodon":{"url":"https:\/\/pubeurope.com\/@fr\/114759696638041943","error":""},"_links":{"self":[{"href":"https:\/\/www.europesays.com\/fr\/wp-json\/wp\/v2\/posts\/210315","targetHints":{"allow":["GET"]}}],"collection":[{"href":"https:\/\/www.europesays.com\/fr\/wp-json\/wp\/v2\/posts"}],"about":[{"href":"https:\/\/www.europesays.com\/fr\/wp-json\/wp\/v2\/types\/post"}],"author":[{"embeddable":true,"href":"https:\/\/www.europesays.com\/fr\/wp-json\/wp\/v2\/users\/2"}],"replies":[{"embeddable":true,"href":"https:\/\/www.europesays.com\/fr\/wp-json\/wp\/v2\/comments?post=210315"}],"version-history":[{"count":0,"href":"https:\/\/www.europesays.com\/fr\/wp-json\/wp\/v2\/posts\/210315\/revisions"}],"wp:featuredmedia":[{"embeddable":true,"href":"https:\/\/www.europesays.com\/fr\/wp-json\/wp\/v2\/media\/210316"}],"wp:attachment":[{"href":"https:\/\/www.europesays.com\/fr\/wp-json\/wp\/v2\/media?parent=210315"}],"wp:term":[{"taxonomy":"category","embeddable":true,"href":"https:\/\/www.europesays.com\/fr\/wp-json\/wp\/v2\/categories?post=210315"},{"taxonomy":"post_tag","embeddable":true,"href":"https:\/\/www.europesays.com\/fr\/wp-json\/wp\/v2\/tags?post=210315"}],"curies":[{"name":"wp","href":"https:\/\/api.w.org\/{rel}","templated":true}]}}