{"id":210317,"date":"2025-06-28T06:59:09","date_gmt":"2025-06-28T06:59:09","guid":{"rendered":"https:\/\/www.europesays.com\/fr\/210317\/"},"modified":"2025-06-28T06:59:09","modified_gmt":"2025-06-28T06:59:09","slug":"quel-est-ce-livre-recommande-pour-lete-par-virginie-grimaldi-lautrice-la-plus-lue-de-france","status":"publish","type":"post","link":"https:\/\/www.europesays.com\/fr\/210317\/","title":{"rendered":"Quel est ce livre recommand\u00e9 pour l\u2019\u00e9t\u00e9 par Virginie Grimaldi, l\u2019autrice la plus lue de France ?"},"content":{"rendered":"<p>On cherche tous des recommandations pour choisir le bon livre de notre \u00e9t\u00e9. Une piste est de suivre des recommandations comme l\u2019avis de l\u2019autrice Virginie Grimaldi. Quel est le livre qu\u2019elle nous recommande pour l\u2019\u00e9t\u00e9 2025\u00a0?<\/p>\n<p class=\"fig-paragraph\">Virginie Grimaldi est l\u2019autrice francophone la plus lue et une figure incontournable du roman contemporain fran\u00e7ais. \u201cLes heures fragiles\u201d explore les \u00e9motions li\u00e9es au couple et \u00e0 la parentalit\u00e9. Le roman aborde la s\u00e9paration, la reconstruction, et la mani\u00e8re de continuer \u00e0 avancer quand tout bascule. Comme dans ses pr\u00e9c\u00e9dents ouvrages, Grimaldi s\u2019appuie sur un style simple et direct qui touche un large public. Ce livre conna\u00eet un succ\u00e8s \u00e9norme en librairie et sera s\u00fbrement un des gros succ\u00e8s de l\u2019\u00e9t\u00e9 2025.<\/p>\n<p class=\"fig-paragraph\">Virginie Grimaldi \u00e9tait invit\u00e9e cette semaine dans La Grande Librairie. Il s\u2019agit d\u2019un magazine litt\u00e9raire hebdomadaire cr\u00e9\u00e9 en 2008. Il est consacr\u00e9 aux livres et \u00e0 l\u2019actualit\u00e9 \u00e9ditoriale. Pendant plus de dix ans, elle est anim\u00e9e par Fran\u00e7ois Busnel, figure embl\u00e9matique du programme. Depuis septembre 2022, Augustin Trapenard a repris la pr\u00e9sentation. La diffusion est chaque mercredi soir en premi\u00e8re partie de soir\u00e9e sur France 5. Virginie Grimaldi a profit\u00e9 de son passage pour faire une recommandation \u00e0 t\u00e9l\u00e9spectateurs.<\/p>\n<p class=\"fig-paragraph\"><a href=\"https:\/\/amzn.to\/4jQcsOW\" target=\"_blank\" rel=\"nofollow noopener\" data-gtm-custom-categorie=\"navigation\" data-gtm-custom-action=\"crossclick\" data-gtm-custom-label=\"Contextuel\" data-gtm-event=\"customEventSPE\"><strong>Les heures fragiles de Virginie Grimaldi dispo ici<\/strong><\/a><\/p>\n<p>Quel est le livre recommand\u00e9 par Virginie Grimaldi pour cet \u00e9t\u00e9\u00a0?<\/p>\n<p class=\"fig-paragraph\">Virginie Grimaldi a mis en avant le livre Le Prince des mar\u00e9es de Pat Conroy. Ce livre raconte l\u2019histoire de Tom Wingo, un homme originaire de Caroline du Sud, qui se rend \u00e0 New York apr\u00e8s la tentative de suicide de sa s\u0153ur jumelle, Savannah. Sur place, il rencontre la psychiatre Susan Lowenstein. Ensemble, ils retracent l\u2019histoire familiale complexe et douloureuse des Wingo. Le roman m\u00eale pass\u00e9 et pr\u00e9sent, entre les traumatismes de l\u2019enfance, les secrets enfouis et la qu\u00eate de r\u00e9conciliation. Le r\u00e9cit explore plusieurs th\u00e8mes forts comme les liens familiaux, la violence domestique ou encore la culpabilit\u00e9 et la r\u00e9silience. Publi\u00e9 en 1986, le roman a connu un succ\u00e8s critique et commercial important. Il est souvent consid\u00e9r\u00e9 comme l\u2019ouvrage majeur de Pat Conroy. En 1991, Le Prince des mar\u00e9es (The Prince of Tides) a \u00e9t\u00e9 adapt\u00e9 au cin\u00e9ma par Barbra Streisand, qui joue \u00e9galement dans le film avec Nick Nolte. L\u2019adaptation a re\u00e7u plusieurs nominations aux Oscars.<\/p>\n<p class=\"fig-paragraph\"><a href=\"https:\/\/amzn.to\/44AqKyu\" target=\"_blank\" rel=\"nofollow noopener\" data-gtm-custom-categorie=\"navigation\" data-gtm-custom-action=\"crossclick\" data-gtm-custom-label=\"Contextuel\" data-gtm-event=\"customEventSPE\"><strong>Plusieurs formats du livre Le Princes des mar\u00e9es disponibles ici<\/strong><\/a><\/p>\n<p class=\"fig-paragraph\">Contenu con\u00e7u et propos\u00e9 par nos Experts Shopping. L\u2019\u00e9quipe Shopping du Figaro est ind\u00e9pendante de la r\u00e9daction.\u00a0<\/p>\n<p>Les prix mentionn\u00e9s dans cet article le sont \u00e0 titre indicatif. Lorsque vous achetez via nos liens de vente, nous pouvons percevoir une commission d\u2019affiliation.<\/p>\n","protected":false},"excerpt":{"rendered":"On cherche tous des recommandations pour choisir le bon livre de notre \u00e9t\u00e9. Une piste est de suivre&hellip;\n","protected":false},"author":2,"featured_media":210318,"comment_status":"","ping_status":"","sticky":false,"template":"","format":"standard","meta":{"footnotes":""},"categories":[1357],"tags":[677,1379,11769,11770,58,59,2883,1011,27,11771,2003,1380,11768,11766,11767,6720,11772,11773,24681],"class_list":{"0":"post-210317","1":"post","2":"type-post","3":"status-publish","4":"format-standard","5":"has-post-thumbnail","7":"category-livres","8":"tag-bons-plans","9":"tag-books","10":"tag-codes-promo","11":"tag-deals","12":"tag-divertissement","13":"tag-entertainment","14":"tag-ete","15":"tag-fr","16":"tag-france","17":"tag-le-figaro-bons-plans","18":"tag-livre","19":"tag-livres","20":"tag-offres-exclusives","21":"tag-promotions","22":"tag-reductions","23":"tag-shopping","24":"tag-soldes","25":"tag-ventes-privees","26":"tag-virginie-grimaldi"},"share_on_mastodon":{"url":"https:\/\/pubeurope.com\/@fr\/114759700651506377","error":""},"_links":{"self":[{"href":"https:\/\/www.europesays.com\/fr\/wp-json\/wp\/v2\/posts\/210317","targetHints":{"allow":["GET"]}}],"collection":[{"href":"https:\/\/www.europesays.com\/fr\/wp-json\/wp\/v2\/posts"}],"about":[{"href":"https:\/\/www.europesays.com\/fr\/wp-json\/wp\/v2\/types\/post"}],"author":[{"embeddable":true,"href":"https:\/\/www.europesays.com\/fr\/wp-json\/wp\/v2\/users\/2"}],"replies":[{"embeddable":true,"href":"https:\/\/www.europesays.com\/fr\/wp-json\/wp\/v2\/comments?post=210317"}],"version-history":[{"count":0,"href":"https:\/\/www.europesays.com\/fr\/wp-json\/wp\/v2\/posts\/210317\/revisions"}],"wp:featuredmedia":[{"embeddable":true,"href":"https:\/\/www.europesays.com\/fr\/wp-json\/wp\/v2\/media\/210318"}],"wp:attachment":[{"href":"https:\/\/www.europesays.com\/fr\/wp-json\/wp\/v2\/media?parent=210317"}],"wp:term":[{"taxonomy":"category","embeddable":true,"href":"https:\/\/www.europesays.com\/fr\/wp-json\/wp\/v2\/categories?post=210317"},{"taxonomy":"post_tag","embeddable":true,"href":"https:\/\/www.europesays.com\/fr\/wp-json\/wp\/v2\/tags?post=210317"}],"curies":[{"name":"wp","href":"https:\/\/api.w.org\/{rel}","templated":true}]}}