{"id":210333,"date":"2025-06-28T07:07:11","date_gmt":"2025-06-28T07:07:11","guid":{"rendered":"https:\/\/www.europesays.com\/fr\/210333\/"},"modified":"2025-06-28T07:07:11","modified_gmt":"2025-06-28T07:07:11","slug":"la-reine-rania-et-ses-enfants-sont-les-invites-royaux-du-mariage-de-jeff-bezos-a-venise","status":"publish","type":"post","link":"https:\/\/www.europesays.com\/fr\/210333\/","title":{"rendered":"La reine Rania et ses enfants sont les invit\u00e9s royaux du mariage de Jeff Bezos \u00e0 Venise"},"content":{"rendered":"<p>Ce vendredi 27 juin, des stars de cin\u00e9ma, des chanteurs, des hommes politiques, des couturiers et m\u00eame des royaut\u00e9s \u00e9taient r\u00e9unis \u00e0 Venise pour assister au mariage de l\u2019ann\u00e9e, celui de Jeff Bezos et de Lauren S\u00e1nchez. La reine Rania de Jordanie figurait parmi les invit\u00e9s du mariage du cofondateur d\u2019Amazon, accompagn\u00e9e par le prince h\u00e9ritier Hussein, la princesse Rajwa, la princesse Iman et Jameel Thermiotis.<\/p>\n<p><strong>Lire aussi : <a href=\"https:\/\/histoiresroyales.fr\/reine-rania-apercue-famille-venise-assister-mariage-jeff-bezos\/\" target=\"_blank\" rel=\"noopener\">La reine Rania aper\u00e7ue avec sa famille \u00e0 Venise pour assister au mariage de Jeff Bezos<\/a><\/strong><\/p>\n<p>Jeff Bezos se marie \u00e0 Venise en pr\u00e9sence de la famille royale de Jordanie<\/p>\n<p>Les paparazzis s\u2019en sont donn\u00e9 \u00e0 c\u0153ur joie ce vendredi 27 juin 2025, lorsque les centaines d\u2019invit\u00e9s du mariage de Jeff Bezos et Lauren S\u00e1nchez ont quitt\u00e9 par petits groupes leurs h\u00f4tels respectifs pour embarquer \u00e0 bord de vaporettos. Tous les invit\u00e9s ont ensuite pris la direction de l\u2019\u00eele de San Giorgio Maggiore o\u00f9 s\u2019est d\u00e9roul\u00e9 le mariage de l\u2019ann\u00e9e. Jeff Bezos, actuellement consid\u00e9r\u00e9 comme le deuxi\u00e8me homme le plus riche du monde derri\u00e8re Elon Musk, a \u00e9pous\u00e9 l\u2019ancienne pr\u00e9sentatrice t\u00e9l\u00e9 Lauren S\u00e1nchez. <\/p>\n<blockquote class=\"instagram-media\" data-instgrm-permalink=\"https:\/\/www.instagram.com\/p\/DLatYrCNIOV\/?utm_source=ig_embed&amp;utm_campaign=loading\" data-instgrm-version=\"14\" style=\" background:#FFF; border:0; border-radius:3px; box-shadow:0 0 1px 0 rgba(0,0,0,0.5),0 1px 10px 0 rgba(0,0,0,0.15); margin: 1px; max-width:540px; min-width:326px; padding:0; width:99.375%; width:-webkit-calc(100% - 2px); width:calc(100% - 2px);\"\/>\n<p><img fetchpriority=\"high\" decoding=\"async\" width=\"1300\" height=\"867\" src=\"https:\/\/www.europesays.com\/fr\/wp-content\/uploads\/2025\/06\/reine-rania-mariage-jeff-bezos-famille-royale-venise.jpg\" alt=\"\" class=\"wp-image-210848 lazyload\" data-  \/>La reine Rania photographi\u00e9e \u00e0 la sortie de l\u2019h\u00f4tel St Regis de Venise pour rejoindre l\u2019\u00eele San Giorgio Maggiore o\u00f9 se d\u00e9roule le mariage de Jeff Bezos et Lauren S\u00e1nchez (Photo : Antonio Calanni\/AP\/SIPA)<\/p>\n<p><strong>Lire aussi : <a href=\"https:\/\/histoiresroyales.fr\/apparition-surprise-roi-philippe-reine-mathilde-mariage-marquis-de-brissac-tchequie\/\" target=\"_blank\" rel=\"noopener\">L\u2019apparition surprise du roi Philippe et de la reine Mathilde au mariage du marquis de Brissac en Tch\u00e9quie<\/a><\/strong><\/p>\n<p>Orlando Bloom, Usher, Khloe et Kim Kardashian, Chris et Kendall Jenner, Oprah Winfrey, Leonardo DiCaprio et Vittoria Ceretti, Jared Kushner et Ivanka Trump, Ellie Goulding, Tommy Hilfiger sont quelques-unes des c\u00e9l\u00e9brit\u00e9s qui ont \u00e9t\u00e9 invit\u00e9es \u00e0 assister \u00e0 cette noce grandiose. Le mariage \u00e9tait tellement exceptionnel qu\u2019une famille royale avait m\u00eame fait le d\u00e9placement. La reine Rania de Jordanie, 54 ans, dans une robe Armani aux tons p\u00e2les, a assist\u00e9 au mariage avec son fils a\u00een\u00e9, le prince h\u00e9ritier Hussein, 31 ans. La veille, la reine Rania avait assist\u00e9 \u00e0 la soir\u00e9e pr\u00e9nuptiale dans une robe Fendi.<\/p>\n<blockquote class=\"instagram-media\" data-instgrm-permalink=\"https:\/\/www.instagram.com\/p\/DLafMyotOKp\/?utm_source=ig_embed&amp;utm_campaign=loading\" data-instgrm-version=\"14\" style=\" background:#FFF; border:0; border-radius:3px; box-shadow:0 0 1px 0 rgba(0,0,0,0.5),0 1px 10px 0 rgba(0,0,0,0.15); margin: 1px; max-width:540px; min-width:326px; padding:0; width:99.375%; width:-webkit-calc(100% - 2px); width:calc(100% - 2px);\"\/>\n<blockquote class=\"instagram-media\" data-instgrm-permalink=\"https:\/\/www.instagram.com\/p\/DLa6QR2zKiu\/?utm_source=ig_embed&amp;utm_campaign=loading\" data-instgrm-version=\"14\" style=\" background:#FFF; border:0; border-radius:3px; box-shadow:0 0 1px 0 rgba(0,0,0,0.5),0 1px 10px 0 rgba(0,0,0,0.15); margin: 1px; max-width:540px; min-width:326px; padding:0; width:99.375%; width:-webkit-calc(100% - 2px); width:calc(100% - 2px);\"\/>\n<p><strong>Lire aussi : <a href=\"https:\/\/histoiresroyales.fr\/fiancailles-dans-la-famille-du-comte-dudekem-dacoz\/\" target=\"_blank\" rel=\"noopener\">Fian\u00e7ailles dans la famille du comte d\u2019Udekem d\u2019Acoz<\/a><\/strong><\/p>\n<p>La reine Rania en Armani pour assister au mariage de Jeff Bezos<\/p>\n<p>Le prince h\u00e9ritier Hussein \u00e9tait accompagn\u00e9 de son \u00e9pouse, l\u2019ancienne architecte saoudienne, la princesse Rajwa, 31 ans. Une des s\u0153urs de l\u2019h\u00e9ritier du tr\u00f4ne, la princesse Iman, 28 ans, \u00e9tait \u00e9galement pr\u00e9sente avec son \u00e9poux, Jameel Thermiotis. La princesse Iman portait une robe verte Oscar de la Renta.<\/p>\n<blockquote class=\"instagram-media\" data-instgrm-permalink=\"https:\/\/www.instagram.com\/p\/DLa70MCzMu3\/?utm_source=ig_embed&amp;utm_campaign=loading\" data-instgrm-version=\"14\" style=\" background:#FFF; border:0; border-radius:3px; box-shadow:0 0 1px 0 rgba(0,0,0,0.5),0 1px 10px 0 rgba(0,0,0,0.15); margin: 1px; max-width:540px; min-width:326px; padding:0; width:99.375%; width:-webkit-calc(100% - 2px); width:calc(100% - 2px);\"\/>\n<p><strong>Lire aussi : <a href=\"https:\/\/histoiresroyales.fr\/royautes-celebrent-noces-de-perles-duc-duchesse-de-bragance\/\" target=\"_blank\" rel=\"noopener\">Les royaut\u00e9s c\u00e9l\u00e8brent les noces de perles du duc et de la duchesse de Bragance<\/a><\/strong><\/p>\n<p>Le mariage ayant \u00e9t\u00e9 c\u00e9l\u00e9br\u00e9 sur un \u00eelot qui fait face au palais des Doges, aucun photographe non d\u00e9sir\u00e9 n\u2019a pu assister \u00e0 la c\u00e9r\u00e9monie. Le couple a r\u00e9serv\u00e9 l\u2019exclusivit\u00e9 de son mariage \u00e0 Vogue. Lauren S\u00e1nchez portait une robe sign\u00e9e Dolce &amp; Gabbana, une cr\u00e9ation directement inspir\u00e9e de la tenue port\u00e9e par Sophia Loren dans le film\u00a0Houseboat\u00a0de 1958, comme elle l\u2019explique dans <a href=\"https:\/\/www.vogue.com\/article\/lauren-sanchez-and-jeff-bezos-are-married\" target=\"_blank\" rel=\"noreferrer noopener nofollow\">Vogue UK<\/a>, qui lui r\u00e9serve sa prochaine couverture. <\/p>\n<blockquote class=\"instagram-media\" data-instgrm-permalink=\"https:\/\/www.instagram.com\/p\/DLaus65pk5s\/?utm_source=ig_embed&amp;utm_campaign=loading\" data-instgrm-version=\"14\" style=\" background:#FFF; border:0; border-radius:3px; box-shadow:0 0 1px 0 rgba(0,0,0,0.5),0 1px 10px 0 rgba(0,0,0,0.15); margin: 1px; max-width:540px; min-width:326px; padding:0; width:99.375%; width:-webkit-calc(100% - 2px); width:calc(100% - 2px);\"\/>\n<p>Le magazine <a href=\"https:\/\/pagesix.com\/2025\/06\/27\/style\/lauren-sanchez-wears-dolce-amp-gabbana-corset-wedding-gown-to-marry-jeff-bezos-in-italy\/\" target=\"_blank\" rel=\"noopener\">Page Six<\/a> d\u00e9voile que deux autres robes ont \u00e9t\u00e9 port\u00e9es au cours de la journ\u00e9e. Apr\u00e8s la c\u00e9r\u00e9monie, Lauren S\u00e1nchez a enfil\u00e9 une robe\u00a0corset\u00e9e, toujours sign\u00e9e Dolce &amp; Gabbana, cette fois-ci inspir\u00e9e de Rita Hayworth dans le film Gilda\u00a0sorti en 1946.\u00a0Enfin, la robe port\u00e9e lors de la soir\u00e9e est une cr\u00e9ation d\u2019Oscar de la Renta. Cette robe est orn\u00e9e de 600 m\u00e8tres de cha\u00eenes cousues main et de 175\u00a0000 cristaux.<\/p>\n<blockquote class=\"instagram-media\" data-instgrm-permalink=\"https:\/\/www.instagram.com\/p\/DLauNj9Jom1\/?utm_source=ig_embed&amp;utm_campaign=loading\" data-instgrm-version=\"14\" style=\" background:#FFF; border:0; border-radius:3px; box-shadow:0 0 1px 0 rgba(0,0,0,0.5),0 1px 10px 0 rgba(0,0,0,0.15); margin: 1px; max-width:540px; min-width:326px; padding:0; width:99.375%; width:-webkit-calc(100% - 2px); width:calc(100% - 2px);\"\/>\n<p><strong>Lire aussi : <a href=\"https:\/\/histoiresroyales.fr\/mariage-andalou-prince-alonso-dorleans-bourbon-comtesse-belge-charlotte-de-liedekerke-de-pailhe\/\" target=\"_blank\" rel=\"noopener\">Le mariage andalou du prince Alonso d\u2019Orl\u00e9ans-Bourbon et de la comtesse belge Charlotte de Liedekerke de Pailhe<\/a><\/strong><\/p>\n<p>La fortune de Jeff Bezos est estim\u00e9e \u00e0 207 milliards de dollars par le magazine <a href=\"https:\/\/www.forbes.fr\/classements\/classement-milliardaires-forbes-avril-2025-qui-sont-les-dix-personnalites-les-plus-riches-au-monde\/\" target=\"_blank\" rel=\"noreferrer noopener nofollow\">Forbes<\/a>. Il est aujourd\u2019hui consid\u00e9r\u00e9 comme le deuxi\u00e8me homme le plus riche au monde derri\u00e8re Elon Musk et devant Mark Zuckerberg, qui a r\u00e9cemment perdu une place dans le classement en raison de la chute cons\u00e9quente de Meta, la maison m\u00e8re de Facebook. Lors de sa demande en fian\u00e7ailles en 2023, qui s\u2019est d\u00e9roul\u00e9e lors d\u2019une croisi\u00e8re europ\u00e9enne \u00e0 bord de son yacht, Jeff Bezos a pr\u00e9sent\u00e9 \u00e0 Lauren une bague estim\u00e9e par <a href=\"https:\/\/www.townandcountrymag.com\/style\/jewelry-and-watches\/a65220075\/lauren-sanchez-engagement-ring-details\/\" target=\"_blank\" rel=\"noreferrer noopener nofollow\">Town &amp; Country Magazine<\/a> \u00e0 2,5 millions de dollars.<\/p>\n<p>\t\t\t\t<img loading=\"lazy\" alt=\"Avatar photo\" src=\"https:\/\/www.europesays.com\/fr\/wp-content\/uploads\/2025\/04\/1516945716303-164x164.jpeg\"  class=\"avatar avatar-164 photo lazyload\" height=\"164\" width=\"164\" decoding=\"async\"\/><br \/>\n\t\t<a href=\"https:\/\/histoiresroyales.fr\/author\/royaliste123\/\" target=\"_blank\" rel=\"noopener\">Nicolas Fontaine<\/a><br \/>\n\t\t\t\t\tR\u00e9dacteur en chef<\/p>\n<p>Nicolas Fontaine a \u00e9t\u00e9 concepteur-r\u00e9dacteur et auteur pour de nombreuses marques et m\u00e9dias belges et fran\u00e7ais. Sp\u00e9cialiste de l&rsquo;actualit\u00e9 des familles royales, Nicolas a fond\u00e9 le site Histoires royales dont il est le r\u00e9dacteur en chef.&#13;<br \/>\n&#13;<br \/>\nnicolas@histoiresroyales.fr<\/p>\n<p>\t\t\t\t\t\t\t<a href=\"https:\/\/twitter.com\/ActusRoyales\" class=\"boxed-icon fill twitter\" target=\"_blank\" rel=\"noopener\"><\/a><br \/>\n\t\t\t\t\t\t\t\t\t<a href=\"https:\/\/www.instagram.com\/histoiresroyales.fr\/\" class=\"boxed-icon fill instagram\" target=\"_blank\" rel=\"noopener\"><\/a><\/p>\n<p>\t\t\t\t\t\t\t\t\t\t\t\t\t<script async src=\"https:\/\/platform.twitter.com\/widgets.js\" charset=\"utf-8\"><\/script><script async src=\"\/\/www.instagram.com\/embed.js\"><\/script><\/p>\n","protected":false},"excerpt":{"rendered":"Ce vendredi 27 juin, des stars de cin\u00e9ma, des chanteurs, des hommes politiques, des couturiers et m\u00eame des&hellip;\n","protected":false},"author":2,"featured_media":210334,"comment_status":"","ping_status":"","sticky":false,"template":"","format":"standard","meta":{"footnotes":""},"categories":[6],"tags":[35,33,34,1011,27,34957,34958,34959,1930,6817,34960,34961,16787],"class_list":{"0":"post-210333","1":"post","2":"type-post","3":"status-publish","4":"format-standard","5":"has-post-thumbnail","7":"category-economie","8":"tag-business","9":"tag-economie","10":"tag-economy","11":"tag-fr","12":"tag-france","13":"tag-hussein-de-jordanie","14":"tag-iman-de-jordanie","15":"tag-jameel-thermiotis","16":"tag-mariage","17":"tag-milliardaire","18":"tag-rajwa-khaled-al-saif","19":"tag-rania-de-jordanie","20":"tag-venise"},"share_on_mastodon":{"url":"","error":""},"_links":{"self":[{"href":"https:\/\/www.europesays.com\/fr\/wp-json\/wp\/v2\/posts\/210333","targetHints":{"allow":["GET"]}}],"collection":[{"href":"https:\/\/www.europesays.com\/fr\/wp-json\/wp\/v2\/posts"}],"about":[{"href":"https:\/\/www.europesays.com\/fr\/wp-json\/wp\/v2\/types\/post"}],"author":[{"embeddable":true,"href":"https:\/\/www.europesays.com\/fr\/wp-json\/wp\/v2\/users\/2"}],"replies":[{"embeddable":true,"href":"https:\/\/www.europesays.com\/fr\/wp-json\/wp\/v2\/comments?post=210333"}],"version-history":[{"count":0,"href":"https:\/\/www.europesays.com\/fr\/wp-json\/wp\/v2\/posts\/210333\/revisions"}],"wp:featuredmedia":[{"embeddable":true,"href":"https:\/\/www.europesays.com\/fr\/wp-json\/wp\/v2\/media\/210334"}],"wp:attachment":[{"href":"https:\/\/www.europesays.com\/fr\/wp-json\/wp\/v2\/media?parent=210333"}],"wp:term":[{"taxonomy":"category","embeddable":true,"href":"https:\/\/www.europesays.com\/fr\/wp-json\/wp\/v2\/categories?post=210333"},{"taxonomy":"post_tag","embeddable":true,"href":"https:\/\/www.europesays.com\/fr\/wp-json\/wp\/v2\/tags?post=210333"}],"curies":[{"name":"wp","href":"https:\/\/api.w.org\/{rel}","templated":true}]}}