{"id":210335,"date":"2025-06-28T07:08:11","date_gmt":"2025-06-28T07:08:11","guid":{"rendered":"https:\/\/www.europesays.com\/fr\/210335\/"},"modified":"2025-06-28T07:08:11","modified_gmt":"2025-06-28T07:08:11","slug":"vous-vous-etes-pris-une-raclee-trump-tacle-layatollah-khamenei-teheran-condamne-des-propos-irrespectueux","status":"publish","type":"post","link":"https:\/\/www.europesays.com\/fr\/210335\/","title":{"rendered":"\u00ab\u00a0Vous vous \u00eates pris une racl\u00e9e\u00a0\u00bb\u00a0: Trump tacle l\u2019ayatollah Khamenei, T\u00e9h\u00e9ran condamne des propos \u00ab\u00a0irrespectueux\u00a0\u00bb"},"content":{"rendered":"<p>Dans un long message virulent diffus\u00e9 sur Truth Social, Donald Trump a reproch\u00e9 \u00e0 T\u00e9h\u00e9ran d\u2019avoir <a href=\"https:\/\/www.letelegramme.fr\/politique\/le-guide-supreme-iranien-affirme-avoir-inflige-une-gifle-cinglante-aux-etats-unis-apres-le-cessez-le-feu-avec-israel-6843642.php\" target=\"_blank\" rel=\"noopener\">revendiqu\u00e9 la victoire dans la guerre de 12 jours contre Isra\u00ebl<\/a> et annonc\u00e9 qu\u2019il cessait tout travail en faveur de la lev\u00e9e des sanctions contre T\u00e9h\u00e9ran. Il a \u00e9galement averti que les \u00c9tats-Unis m\u00e8neraient \u00ab sans aucun doute \u00bb de nouvelles frappes en Iran si le pays enrichissait de l\u2019uranium \u00e0 des niveaux lui permettant d\u2019obtenir des armes nucl\u00e9aires.<\/p>\n<p>Le milliardaire r\u00e9publicain a \u00e9galement accus\u00e9 d\u2019ingratitude le guide supr\u00eame iranien pour avoir minimis\u00e9 la port\u00e9e des frappes contre les sites nucl\u00e9aires de son pays, avoir dit que l\u2019Iran avait battu Isra\u00ebl et inflig\u00e9 une \u00ab gifle \u00bb \u00e0 Washington. \u00ab Je savais exactement o\u00f9 il s\u2019abritait, et je n\u2019ai pas voulu laisser Isra\u00ebl, ni les forces arm\u00e9es am\u00e9ricaines, de loin les plus puissantes du monde, mettre fin \u00e0 sa vie. (\u2026) Je l\u2019ai sauv\u00e9 d\u2019une mort affreuse \u00bb, a-t-il martel\u00e9.<\/p>\n<p>Il a aussi d\u00e9clar\u00e9 que l\u2019Iran s\u2019\u00e9tait \u00ab pris une racl\u00e9e \u00bb durant le conflit. \u00ab \u00c9coutez, vous \u00eates un homme de grande foi, un homme qui est tr\u00e8s respect\u00e9 dans ce pays \u00bb, a-t-il lanc\u00e9 \u00e0 l\u2019intention du guide supr\u00eame iranien. \u00ab Vous devez dire la v\u00e9rit\u00e9 ! \u00bb.<\/p>\n<p><strong>L\u2019Iran condamne les propos \u00ab irrespectueux \u00bb de Trump sur Khamenei<\/strong><br \/>Abbas Araghchi a condamn\u00e9 les propos \u00ab irrespectueux et inacceptables \u00bb de Donald Trump. \u00ab Si le pr\u00e9sident Trump souhaite r\u00e9ellement conclure un accord, il devrait mettre de c\u00f4t\u00e9 son ton irrespectueux et inacceptable \u00e0 l\u2019\u00e9gard du guide supr\u00eame iranien, le grand ayatollah Khamenei, et cesser de blesser ses millions de partisans sinc\u00e8res \u00bb, a \u00e9crit le ministre iranien des Affaires \u00e9trang\u00e8res sur X.<\/p>\n","protected":false},"excerpt":{"rendered":"Dans un long message virulent diffus\u00e9 sur Truth Social, Donald Trump a reproch\u00e9 \u00e0 T\u00e9h\u00e9ran d\u2019avoir revendiqu\u00e9 la&hellip;\n","protected":false},"author":2,"featured_media":210336,"comment_status":"","ping_status":"","sticky":false,"template":"","format":"standard","meta":{"footnotes":""},"categories":[5],"tags":[11,31122,75,765,1011,27,14,3019,74,12,28],"class_list":{"0":"post-210335","1":"post","2":"type-post","3":"status-publish","4":"format-standard","5":"has-post-thumbnail","7":"category-international","8":"tag-actualites","9":"tag-conflit-israel-iran","10":"tag-donald-trump","11":"tag-en-continu","12":"tag-fr","13":"tag-france","14":"tag-international","15":"tag-iran","16":"tag-monde","17":"tag-news","18":"tag-world"},"share_on_mastodon":{"url":"https:\/\/pubeurope.com\/@fr\/114759736081414242","error":""},"_links":{"self":[{"href":"https:\/\/www.europesays.com\/fr\/wp-json\/wp\/v2\/posts\/210335","targetHints":{"allow":["GET"]}}],"collection":[{"href":"https:\/\/www.europesays.com\/fr\/wp-json\/wp\/v2\/posts"}],"about":[{"href":"https:\/\/www.europesays.com\/fr\/wp-json\/wp\/v2\/types\/post"}],"author":[{"embeddable":true,"href":"https:\/\/www.europesays.com\/fr\/wp-json\/wp\/v2\/users\/2"}],"replies":[{"embeddable":true,"href":"https:\/\/www.europesays.com\/fr\/wp-json\/wp\/v2\/comments?post=210335"}],"version-history":[{"count":0,"href":"https:\/\/www.europesays.com\/fr\/wp-json\/wp\/v2\/posts\/210335\/revisions"}],"wp:featuredmedia":[{"embeddable":true,"href":"https:\/\/www.europesays.com\/fr\/wp-json\/wp\/v2\/media\/210336"}],"wp:attachment":[{"href":"https:\/\/www.europesays.com\/fr\/wp-json\/wp\/v2\/media?parent=210335"}],"wp:term":[{"taxonomy":"category","embeddable":true,"href":"https:\/\/www.europesays.com\/fr\/wp-json\/wp\/v2\/categories?post=210335"},{"taxonomy":"post_tag","embeddable":true,"href":"https:\/\/www.europesays.com\/fr\/wp-json\/wp\/v2\/tags?post=210335"}],"curies":[{"name":"wp","href":"https:\/\/api.w.org\/{rel}","templated":true}]}}