{"id":210349,"date":"2025-06-28T07:15:11","date_gmt":"2025-06-28T07:15:11","guid":{"rendered":"https:\/\/www.europesays.com\/fr\/210349\/"},"modified":"2025-06-28T07:15:11","modified_gmt":"2025-06-28T07:15:11","slug":"a-toulon-le-chantier-de-lopera-entre-dans-une-nouvelle-phase-avec-la-restauration-des-decors-de-la-grande-salle","status":"publish","type":"post","link":"https:\/\/www.europesays.com\/fr\/210349\/","title":{"rendered":"A Toulon, le chantier de l\u2019op\u00e9ra entre dans une nouvelle phase avec la restauration des d\u00e9cors de la grande salle"},"content":{"rendered":"<p>L\u2019op\u00e9ra de Toulon est d\u00e9sormais m\u00e9connaissable. Exit les si\u00e8ges et le parquet: au c\u0153ur du b\u00e2timent, un immense \u00e9chafaudage a r\u00e9cemment \u00e9t\u00e9 mont\u00e9 avec, \u00e0 son sommet, perch\u00e9s \u00e0 plus d\u2019une dizaine de m\u00e8tres du sol, les travailleurs \u00e0 pied d\u2019\u0153uvre.<\/p>\n<p>Sous une chaleur suffocante, dans leur atelier r\u00e9cemment install\u00e9, ils ont commenc\u00e9 la restauration des d\u00e9cors de la grande salle il y a une quinzaine de jours.<\/p>\n<p>\u00ab\u00a0On est vraiment entr\u00e9 dans le dur du chantier, indique C\u00e9line Girard, l\u2019architecte du patrimoine de l\u2019agence Fabrica Traceorum, en charge des op\u00e9rations. Sur les d\u00e9cors, ce sont quatre entreprises ou groupements d\u2019entreprises qui ont \u00e9t\u00e9 retenus. On a distingu\u00e9 les techniques pour avoir des restaurateurs \u00e0 chaque fois tr\u00e8s sp\u00e9cialis\u00e9s.\u00a0\u00bb<\/p>\n<p>D\u00e9poussi\u00e9rage, nettoyage \u00e0 sec, dorures, peintures\u2026 Les d\u00e9cors, tr\u00e8s fragiles, car inaugur\u00e9s avec la grande salle en 1862, exigent un travail minutieux. <\/p>\n<p>\u00ab\u00a0Ce que l\u2019on va retrouver apr\u00e8s la restauration, c\u2019est un d\u00e9cor assez blanc et propre. Ce devrait \u00eatre assez spectaculaire. Alors qu\u2019on n\u2019aura rien chang\u00e9, les tonalit\u00e9s de la pi\u00e8ce vont se r\u00e9v\u00e9ler beaucoup plus lumineuses!\u00a0\u00bb <\/p>\n<p>Au plafond, les \u00e9quipes ont d\u2019ailleurs eu la bonne surprise de d\u00e9couvrir une toile maroufl\u00e9e intacte. \u00ab\u00a0Elle n\u2019a pas subi de d\u00e9g\u00e2ts et est en parfait \u00e9tat\u2026\u00a0\u00bb <\/p>\n<p>Si l\u2019on excepte les salissures: \u00ab\u00a0Sur cette \u0153uvre, l\u2019op\u00e9ration va donc consister \u00e0 la nettoyer pour pouvoir appr\u00e9cier la qualit\u00e9 de la peinture et des d\u00e9cors.\u00a0\u00bb<\/p>\n<p>\u00ab\u00a0Le plus spectaculaire, c\u2019est ici\u00a0\u00bb<\/p>\n<p>En allant de haut en bas, les restaurateurs sont partis pour travailler dix mois sur l\u2019\u00e9chafaudage.<\/p>\n<p>Jusqu\u2019\u00e0 une vingtaine de personnes pourront s\u2019y agglutiner afin de faire avancer la vaste op\u00e9ration de r\u00e9novation, qui se poursuivra notamment avec le travail au sol et les balcons.<\/p>\n<p>\u00ab\u00a0Ce qui a chang\u00e9 aujourd\u2019hui, explique C\u00e9line Girard sur son perchoir, c\u2019est que l\u2019on travaille dans toutes les zones de l\u2019op\u00e9ra. Et, le plus spectaculaire, c\u2019est ici que \u00e7a se passe.\u00a0\u00bb<\/p>\n<p>              <img ci-src=\"https:\/\/www.varmatin.com\/vie-locale\/protec\/DATA_ART_15798339-LR1CO8w6.jpg?vh=5b7421&amp;ci_seal=d0a907ef80\" alt=\"\"\/><br \/>\n        Les d\u00e9cors, tr\u00e8s fragiles, exigent un travail minutieux. <strong>Photo Luc Boutria.<\/strong> <\/p>\n<p>Vous l\u2019aurez compris, m\u00eame si le chantier de r\u00e9novation l\u2019op\u00e9ra \u00ab\u00a0n\u2019est pas encore \u00e0 plein r\u00e9gime\u00a0\u00bb, il est bel et bien entr\u00e9 dans une autre dimension, apr\u00e8s un d\u00e9but des travaux au deuxi\u00e8me semestre 2024.<\/p>\n<p>Les op\u00e9rations devraient durer jusqu\u2019en septembre 2027, date de la livraison annonc\u00e9e par la M\u00e9tropole Toulon Provence M\u00e9diterran\u00e9e, le gestionnaire des lieux. Les visiteurs devraient alors y d\u00e9couvrir des peintures, lustres et sculptures resplendissants.<\/p>\n<p>La collecte de fonds priv\u00e9s lanc\u00e9e<\/p>\n<p>Pour aider \u00e0 financer le projet de restauration compl\u00e8te de l\u2019op\u00e9ra, d\u2019un co\u00fbt colossal de 38 millions d\u2019euros, la M\u00e9tropole Toulon Provence M\u00e9diterran\u00e9e et la Fondation du patrimoine lancent une collecte de fonds priv\u00e9s aupr\u00e8s des entreprises et des particuliers.<\/p>\n<p>Ce jeudi, la signature d\u2019une convention de m\u00e9c\u00e9nat a ainsi permis d\u2019acter cet appel \u00e0 la mobilisation.<\/p>\n<p>L\u2019argent r\u00e9colt\u00e9 permettra d\u2019aider au financement de six op\u00e9rations de r\u00e9novation choisies, pour un budget de 3,4 millions d\u2019euros (dont 2,56 millions sont \u00e9ligibles au m\u00e9c\u00e9nat): les sculptures et dorures, les lustres, les toiles maroufl\u00e9es des putti, les d\u00e9cors peints, la toile maroufl\u00e9e du plafond de Duveau et les fauteuils.<\/p>\n<p>Vous pouvez participer en vous rendant sur le site www.fondation-patrimoine.org.<\/p>\n","protected":false},"excerpt":{"rendered":"L\u2019op\u00e9ra de Toulon est d\u00e9sormais m\u00e9connaissable. Exit les si\u00e8ges et le parquet: au c\u0153ur du b\u00e2timent, un immense&hellip;\n","protected":false},"author":2,"featured_media":210350,"comment_status":"","ping_status":"","sticky":false,"template":"","format":"standard","meta":{"footnotes":""},"categories":[9619],"tags":[1111,11,251,1777,674,1011,27,12,882,25,2310,1352,3366],"class_list":{"0":"post-210349","1":"post","2":"type-post","3":"status-publish","4":"format-standard","5":"has-post-thumbnail","7":"category-toulon","8":"tag-actu","9":"tag-actualites","10":"tag-culture","11":"tag-eu","12":"tag-europe","13":"tag-fr","14":"tag-france","15":"tag-news","16":"tag-provence-alpes-cote-dazur","17":"tag-republique-francaise","18":"tag-toulon","19":"tag-urbanisme","20":"tag-vie-locale"},"share_on_mastodon":{"url":"https:\/\/pubeurope.com\/@fr\/114759763489197563","error":""},"_links":{"self":[{"href":"https:\/\/www.europesays.com\/fr\/wp-json\/wp\/v2\/posts\/210349","targetHints":{"allow":["GET"]}}],"collection":[{"href":"https:\/\/www.europesays.com\/fr\/wp-json\/wp\/v2\/posts"}],"about":[{"href":"https:\/\/www.europesays.com\/fr\/wp-json\/wp\/v2\/types\/post"}],"author":[{"embeddable":true,"href":"https:\/\/www.europesays.com\/fr\/wp-json\/wp\/v2\/users\/2"}],"replies":[{"embeddable":true,"href":"https:\/\/www.europesays.com\/fr\/wp-json\/wp\/v2\/comments?post=210349"}],"version-history":[{"count":0,"href":"https:\/\/www.europesays.com\/fr\/wp-json\/wp\/v2\/posts\/210349\/revisions"}],"wp:featuredmedia":[{"embeddable":true,"href":"https:\/\/www.europesays.com\/fr\/wp-json\/wp\/v2\/media\/210350"}],"wp:attachment":[{"href":"https:\/\/www.europesays.com\/fr\/wp-json\/wp\/v2\/media?parent=210349"}],"wp:term":[{"taxonomy":"category","embeddable":true,"href":"https:\/\/www.europesays.com\/fr\/wp-json\/wp\/v2\/categories?post=210349"},{"taxonomy":"post_tag","embeddable":true,"href":"https:\/\/www.europesays.com\/fr\/wp-json\/wp\/v2\/tags?post=210349"}],"curies":[{"name":"wp","href":"https:\/\/api.w.org\/{rel}","templated":true}]}}