{"id":210353,"date":"2025-06-28T07:17:14","date_gmt":"2025-06-28T07:17:14","guid":{"rendered":"https:\/\/www.europesays.com\/fr\/210353\/"},"modified":"2025-06-28T07:17:14","modified_gmt":"2025-06-28T07:17:14","slug":"grievement-blesse-a-la-gorge-au-couteau-a-carnon-il-est-depose-aux-urgences","status":"publish","type":"post","link":"https:\/\/www.europesays.com\/fr\/210353\/","title":{"rendered":"gri\u00e8vement bless\u00e9 \u00e0 la gorge au couteau \u00e0 Carnon, il est d\u00e9pos\u00e9 aux urgences"},"content":{"rendered":"<p>            Par<br \/>\n        <strong><br \/>\n            <a href=\"https:\/\/actu.fr\/auteur\/jm-aubert\" title=\"Consulter tous les articles de Jean-Marc Aubert\" target=\"_blank\" rel=\"noopener\">Jean-Marc Aubert<\/a><br \/>\n        <\/strong><\/p>\n<p>        Publi\u00e9 le<\/p>\n<p>            28 juin 2025 \u00e0 8h22        <\/p>\n<p>Que s\u2019est-il pass\u00e9 \u00e0 <strong>Carnon<\/strong>, dans la commune de <strong>Mauguio<\/strong> ? Dans la nuit de vendredi 27 \u00e0 ce samedi 28 juin 2025, un homme gri\u00e8vement bless\u00e9 par un coup de couteau \u00e0 la gorge a \u00e9t\u00e9 d\u00e9pos\u00e9 par un inconnu au <strong>CHU de Montpellier<\/strong>. Les faits auraient eu lieu \u00e0 Carnon.<\/p>\n<p>    <a href=\"https:\/\/www.google.com\/maps\/embed?pb=!1m18!1m12!1m3!1d4515.720578719827!2d3.8476558865576522!3d43.632124339905154!2m3!1f0!2f0!3f0!3m2!1i1024!2i768!4f13.1!3m3!1m2!1s0x12b6aec21f7be51b%3A0x9b74d9d9f805d84a!2sCHU%20De%20Montpellier%20Service%20des%20Urgences!5e0!3m2!1sfr!2sfr!4v1751091179182!5m2!1sfr!2sfr\" title=\"Ouvrie le lien\" target=\"_blank\" rel=\"noopener\">Cliquez ici pour visualiser le contenu<\/a><\/p>\n<p class=\" wall-content\">Il \u00e9tait 2h10, quand une voiture noire a surgi \u00e0 vive allure \u00e0 contresens dans le sas des <strong>urgences de l\u2019h\u00f4pital Lapeyronie<\/strong>, route des Ganges, en fr\u00f4lant des personnes, dont des enfants qui s\u2019y trouvaient. Le conducteur, fortement alcoolis\u00e9, est descendu du v\u00e9hicule en courant et en hurlant, en compagnie d\u2019un homme, conscient, mais qui pr\u00e9sentait une large plaie \u00e0 la gorge et qui a \u00a0\u00e9t\u00e9 rapidement pris en charge par le personnel soignant.<\/p>\n<p class=\" wall-content\">La victime, perdant beaucoup de sang, a \u00e9t\u00e9 plac\u00e9e dans le service des soins intensifs, o\u00f9 il se trouve encore c\u00e8de samedi matin. La profonde blessure de 4cm faite \u00e0 l\u2019arme blanche, partait du cou jusqu\u2019\u00e0 une \u00e9paule.<\/p>\n<p>L\u2019inconnu repart \u00e0 vive allure<\/p>\n<p class=\" wall-content\">Quand un responsable du service des urgences a demand\u00e9 des informations sur ce qui s\u2019\u00e9tait pass\u00e9, le conducteur de la voiture a simplement dit qu\u2019ils arrivaient de Carnon o\u00f9 les faits s\u2019\u00e9taient produits, mais sans en dire plus, refusant notamment de d\u00e9cliner son identit\u00e9, avant de se mettre au volant et de quitter \u00e0 vive allure le site du CHU.<\/p>\n<p>Vid\u00e9os : en ce moment sur Actu<\/p>\n<p class=\" wall-content\">La police nationale de Montpellier a \u00e9t\u00e9 aussit\u00f4t pr\u00e9venue, mais l\u2019enqu\u00eate devrait \u00eatre confi\u00e9e \u00e0 la compagnie de gendarmerie de Lunel, comp\u00e9tente pour la zone de Mauguio-Carnon. Premier acte, identifier la victime et l\u2019inconnu qui l\u2019a d\u00e9pos\u00e9 en voiture, puis \u00e9tablir les circonstances de ces violences volontaires avec arme.<\/p>\n<p class=\" wall-content\">Suivez toute l\u2019actualit\u00e9 de vos villes et m\u00e9dias favoris en vous inscrivant \u00e0 <a href=\"https:\/\/moncompte.actu.fr\" title=\"D\u00e9couvez Mon Actu\" rel=\"nofollow noopener\" data-trk=\"{&quot;cta&quot;:{&quot;action&quot;:&quot;https:\\\/\\\/moncompte.actu.fr&quot;,&quot;category&quot;:&quot;mon compte&quot;,&quot;from&quot;:&quot;article footer&quot;,&quot;name&quot;:&quot;Mon actu&quot;,&quot;type&quot;:&quot;cta&quot;}}\" target=\"_blank\">Mon Actu<\/a>.<\/p>\n","protected":false},"excerpt":{"rendered":"Par Jean-Marc Aubert Publi\u00e9 le 28 juin 2025 \u00e0 8h22 Que s\u2019est-il pass\u00e9 \u00e0 Carnon, dans la commune&hellip;\n","protected":false},"author":2,"featured_media":210354,"comment_status":"","ping_status":"","sticky":false,"template":"","format":"standard","meta":{"footnotes":""},"categories":[9599],"tags":[1111,11,15154,1777,674,118,1011,27,3381,303,2208,12,2680,25],"class_list":{"0":"post-210353","1":"post","2":"type-post","3":"status-publish","4":"format-standard","5":"has-post-thumbnail","7":"category-montpellier","8":"tag-actu","9":"tag-actualites","10":"tag-chu-de-montpellier","11":"tag-eu","12":"tag-europe","13":"tag-faits-divers","14":"tag-fr","15":"tag-france","16":"tag-gendarmerie","17":"tag-justice","18":"tag-montpellier","19":"tag-news","20":"tag-occitanie","21":"tag-republique-francaise"},"share_on_mastodon":{"url":"https:\/\/pubeurope.com\/@fr\/114759771330631561","error":""},"_links":{"self":[{"href":"https:\/\/www.europesays.com\/fr\/wp-json\/wp\/v2\/posts\/210353","targetHints":{"allow":["GET"]}}],"collection":[{"href":"https:\/\/www.europesays.com\/fr\/wp-json\/wp\/v2\/posts"}],"about":[{"href":"https:\/\/www.europesays.com\/fr\/wp-json\/wp\/v2\/types\/post"}],"author":[{"embeddable":true,"href":"https:\/\/www.europesays.com\/fr\/wp-json\/wp\/v2\/users\/2"}],"replies":[{"embeddable":true,"href":"https:\/\/www.europesays.com\/fr\/wp-json\/wp\/v2\/comments?post=210353"}],"version-history":[{"count":0,"href":"https:\/\/www.europesays.com\/fr\/wp-json\/wp\/v2\/posts\/210353\/revisions"}],"wp:featuredmedia":[{"embeddable":true,"href":"https:\/\/www.europesays.com\/fr\/wp-json\/wp\/v2\/media\/210354"}],"wp:attachment":[{"href":"https:\/\/www.europesays.com\/fr\/wp-json\/wp\/v2\/media?parent=210353"}],"wp:term":[{"taxonomy":"category","embeddable":true,"href":"https:\/\/www.europesays.com\/fr\/wp-json\/wp\/v2\/categories?post=210353"},{"taxonomy":"post_tag","embeddable":true,"href":"https:\/\/www.europesays.com\/fr\/wp-json\/wp\/v2\/tags?post=210353"}],"curies":[{"name":"wp","href":"https:\/\/api.w.org\/{rel}","templated":true}]}}